{"id":5382,"date":"2018-01-19T14:11:01","date_gmt":"2018-01-19T13:11:01","guid":{"rendered":"http:\/\/www.avordv.fr\/?p=5382"},"modified":"2018-01-19T14:11:01","modified_gmt":"2018-01-19T13:11:01","slug":"la-question-imprevue-du-syndic","status":"publish","type":"post","link":"https:\/\/avoloi.fr\/blog\/la-question-imprevue-du-syndic\/","title":{"rendered":"L&rsquo;arr\u00eat du jour #78 La question impr\u00e9vue du syndic"},"content":{"rendered":"<h2><b><i>C\u2019est l\u2019histoire d\u2019un copropri\u00e9taire qui r\u00e9clame l\u2019annulation d\u2019une d\u00e9cision vot\u00e9e en assembl\u00e9e g\u00e9n\u00e9rale (AG) des copropri\u00e9taires\u2026<\/i><\/b><\/h2>\n<p>Convoqu\u00e9e \u00e0 une AG, un copropri\u00e9taire d\u00e9couvre que le syndic a rajout\u00e9 une question \u00e0 l\u2019ordre du jour, ce qui n\u2019est pas possible estime-t-il.\u00a0Parce que la question ne peut pas \u00eatre prise en compte, la d\u00e9lib\u00e9ration qui s\u2019en est suivie est donc nulle. Ce que conteste le syndic\u2026<\/p>\n<h3>L&rsquo;objet du litige<\/h3>\n<p>\u2026 \u00e0 tort confirme le copropri\u00e9taire : il rappelle que l\u2019AG a \u00e9t\u00e9 convoqu\u00e9e par au moins \u00bc des voix des copropri\u00e9taires. C\u2019\u00e9tait donc \u00e0 eux qu\u2019il\u00a0revenait de pr\u00e9voir les questions d\u00e9battues lors de l\u2019AG, sans que le syndic puisse rajouter ses propres questions. \u00ab Faux \u00bb r\u00e9pond le syndic : rien\u00a0ne lui interdit, selon lui, d\u2019ajouter ses questions \u00e0 celles pr\u00e9vues par les copropri\u00e9taires, m\u00eame lorsque ce sont eux qui ont convoqu\u00e9 l\u2019AG.<\/p>\n<h3>Le verdict<\/h3>\n<p>Ce que confirme le juge ! Ce n\u2019est pas parce que l\u2019AG a \u00e9t\u00e9 convoqu\u00e9e par au moins \u00bc des voix des copropri\u00e9taires que le syndic ne peut pas\u00a0rajouter ses propres questions \u00e0 celles pr\u00e9vues par les copropri\u00e9taires. La question pos\u00e9e par le syndic doit donc \u00eatre prise en compte.<i> <\/i><\/p>\n<blockquote>\n<p><em><i>Source\u00a0: Arr\u00eat de la Cour de cassation, 3\u00e8me chambre civile, du 22 juin 2017, N\u00b016-22073<\/i><\/em><\/p>\n<\/blockquote>\n\n\n<p class=\"has-small-font-size\">En partenariat avec Weblex<\/p>\n","protected":false},"excerpt":{"rendered":"<p>C\u2019est l\u2019histoire d\u2019un copropri\u00e9taire qui r\u00e9clame l\u2019annulation d\u2019une d\u00e9cision vot\u00e9e en assembl\u00e9e g\u00e9n\u00e9rale (AG) des copropri\u00e9taires\u2026 Convoqu\u00e9e \u00e0 une AG, un copropri\u00e9taire d\u00e9couvre que le syndic a rajout\u00e9 une question \u00e0 l\u2019ordre du jour, ce qui n\u2019est pas possible estime-t-il.\u00a0Parce que la question ne peut pas \u00eatre prise en compte, la d\u00e9lib\u00e9ration qui s\u2019en est [&hellip;]<\/p>\n","protected":false},"author":2,"featured_media":17914,"comment_status":"open","ping_status":"closed","sticky":false,"template":"","format":"standard","meta":{"footnotes":""},"categories":[2],"tags":[146,3,147,4,148,7,149,9],"class_list":["post-5382","post","type-post","status-publish","format-standard","has-post-thumbnail","hentry","category-larret-du-jour","tag-ag","tag-arret-du-jour","tag-assemblee-generale","tag-avocat","tag-coproprietaires","tag-litige","tag-syndic","tag-verdict"],"yoast_head":"<!-- This site is optimized with the Yoast SEO plugin v27.4 - https:\/\/yoast.com\/product\/yoast-seo-wordpress\/ -->\n<title>L&#039;arr\u00eat du jour #78 La question impr\u00e9vue du syndic - Le blog Avoloi<\/title>\n<meta name=\"robots\" content=\"index, follow, max-snippet:-1, max-image-preview:large, max-video-preview:-1\" \/>\n<link rel=\"canonical\" href=\"https:\/\/avoloi.fr\/blog\/la-question-imprevue-du-syndic\/\" \/>\n<meta property=\"og:locale\" content=\"fr_FR\" \/>\n<meta property=\"og:type\" content=\"article\" \/>\n<meta property=\"og:title\" content=\"L&#039;arr\u00eat du jour #78 La question impr\u00e9vue du syndic - Le blog Avoloi\" \/>\n<meta property=\"og:description\" content=\"C\u2019est l\u2019histoire d\u2019un copropri\u00e9taire qui r\u00e9clame l\u2019annulation d\u2019une d\u00e9cision vot\u00e9e en assembl\u00e9e g\u00e9n\u00e9rale (AG) des copropri\u00e9taires\u2026 Convoqu\u00e9e \u00e0 une AG, un copropri\u00e9taire d\u00e9couvre que le syndic a rajout\u00e9 une question \u00e0 l\u2019ordre du jour, ce qui n\u2019est pas possible estime-t-il.\u00a0Parce que la question ne peut pas \u00eatre prise en compte, la d\u00e9lib\u00e9ration qui s\u2019en est [&hellip;]\" \/>\n<meta property=\"og:url\" content=\"https:\/\/avoloi.fr\/blog\/la-question-imprevue-du-syndic\/\" \/>\n<meta property=\"og:site_name\" content=\"Le blog Avoloi\" \/>\n<meta property=\"article:publisher\" content=\"https:\/\/fr-fr.facebook.com\/avoloi\/\" \/>\n<meta property=\"article:published_time\" content=\"2018-01-19T13:11:01+00:00\" \/>\n<meta property=\"og:image\" content=\"https:\/\/avoloi.fr\/blog\/wp-content\/uploads\/2018\/01\/ADJ-78-PHDJ-coproprie\u0301taire-AG.jpg\" \/>\n\t<meta property=\"og:image:width\" content=\"800\" \/>\n\t<meta property=\"og:image:height\" content=\"600\" \/>\n\t<meta property=\"og:image:type\" content=\"image\/jpeg\" \/>\n<meta name=\"author\" content=\"Avoloi\" \/>\n<meta name=\"twitter:card\" content=\"summary_large_image\" \/>\n<meta name=\"twitter:creator\" content=\"@avoloi\" \/>\n<meta name=\"twitter:site\" content=\"@avoloi\" \/>\n<meta name=\"twitter:label1\" content=\"\u00c9crit par\" \/>\n\t<meta name=\"twitter:data1\" content=\"Avoloi\" \/>\n\t<meta name=\"twitter:label2\" content=\"Dur\u00e9e de lecture estim\u00e9e\" \/>\n\t<meta name=\"twitter:data2\" content=\"1 minute\" \/>\n<script type=\"application\/ld+json\" class=\"yoast-schema-graph\">{\"@context\":\"https:\\\/\\\/schema.org\",\"@graph\":[{\"@type\":\"Article\",\"@id\":\"https:\\\/\\\/avoloi.fr\\\/blog\\\/la-question-imprevue-du-syndic\\\/#article\",\"isPartOf\":{\"@id\":\"https:\\\/\\\/avoloi.fr\\\/blog\\\/la-question-imprevue-du-syndic\\\/\"},\"author\":{\"name\":\"Avoloi\",\"@id\":\"https:\\\/\\\/avoloi.fr\\\/blog\\\/#\\\/schema\\\/person\\\/23b73188a8a805006f016e2a3cb617b1\"},\"headline\":\"L&rsquo;arr\u00eat du jour #78 La question impr\u00e9vue du syndic\",\"datePublished\":\"2018-01-19T13:11:01+00:00\",\"mainEntityOfPage\":{\"@id\":\"https:\\\/\\\/avoloi.fr\\\/blog\\\/la-question-imprevue-du-syndic\\\/\"},\"wordCount\":257,\"commentCount\":0,\"publisher\":{\"@id\":\"https:\\\/\\\/avoloi.fr\\\/blog\\\/#organization\"},\"image\":{\"@id\":\"https:\\\/\\\/avoloi.fr\\\/blog\\\/la-question-imprevue-du-syndic\\\/#primaryimage\"},\"thumbnailUrl\":\"https:\\\/\\\/avoloi.fr\\\/blog\\\/wp-content\\\/uploads\\\/2018\\\/01\\\/ADJ-78-PHDJ-coproprie\u0301taire-AG.jpg\",\"keywords\":[\"AG\",\"arr\u00eat du jour\",\"assembl\u00e9e g\u00e9n\u00e9rale\",\"avocat\",\"copropri\u00e9taires\",\"litige\",\"syndic\",\"verdict\"],\"articleSection\":[\"L\u2019arr\u00eat du jour\"],\"inLanguage\":\"fr-FR\",\"potentialAction\":[{\"@type\":\"CommentAction\",\"name\":\"Comment\",\"target\":[\"https:\\\/\\\/avoloi.fr\\\/blog\\\/la-question-imprevue-du-syndic\\\/#respond\"]}]},{\"@type\":\"WebPage\",\"@id\":\"https:\\\/\\\/avoloi.fr\\\/blog\\\/la-question-imprevue-du-syndic\\\/\",\"url\":\"https:\\\/\\\/avoloi.fr\\\/blog\\\/la-question-imprevue-du-syndic\\\/\",\"name\":\"L'arr\u00eat du jour #78 La question impr\u00e9vue du syndic - Le blog Avoloi\",\"isPartOf\":{\"@id\":\"https:\\\/\\\/avoloi.fr\\\/blog\\\/#website\"},\"primaryImageOfPage\":{\"@id\":\"https:\\\/\\\/avoloi.fr\\\/blog\\\/la-question-imprevue-du-syndic\\\/#primaryimage\"},\"image\":{\"@id\":\"https:\\\/\\\/avoloi.fr\\\/blog\\\/la-question-imprevue-du-syndic\\\/#primaryimage\"},\"thumbnailUrl\":\"https:\\\/\\\/avoloi.fr\\\/blog\\\/wp-content\\\/uploads\\\/2018\\\/01\\\/ADJ-78-PHDJ-coproprie\u0301taire-AG.jpg\",\"datePublished\":\"2018-01-19T13:11:01+00:00\",\"breadcrumb\":{\"@id\":\"https:\\\/\\\/avoloi.fr\\\/blog\\\/la-question-imprevue-du-syndic\\\/#breadcrumb\"},\"inLanguage\":\"fr-FR\",\"potentialAction\":[{\"@type\":\"ReadAction\",\"target\":[\"https:\\\/\\\/avoloi.fr\\\/blog\\\/la-question-imprevue-du-syndic\\\/\"]}]},{\"@type\":\"ImageObject\",\"inLanguage\":\"fr-FR\",\"@id\":\"https:\\\/\\\/avoloi.fr\\\/blog\\\/la-question-imprevue-du-syndic\\\/#primaryimage\",\"url\":\"https:\\\/\\\/avoloi.fr\\\/blog\\\/wp-content\\\/uploads\\\/2018\\\/01\\\/ADJ-78-PHDJ-coproprie\u0301taire-AG.jpg\",\"contentUrl\":\"https:\\\/\\\/avoloi.fr\\\/blog\\\/wp-content\\\/uploads\\\/2018\\\/01\\\/ADJ-78-PHDJ-coproprie\u0301taire-AG.jpg\",\"width\":800,\"height\":600},{\"@type\":\"BreadcrumbList\",\"@id\":\"https:\\\/\\\/avoloi.fr\\\/blog\\\/la-question-imprevue-du-syndic\\\/#breadcrumb\",\"itemListElement\":[{\"@type\":\"ListItem\",\"position\":1,\"name\":\"Accueil\",\"item\":\"https:\\\/\\\/avoloi.fr\\\/blog\\\/\"},{\"@type\":\"ListItem\",\"position\":2,\"name\":\"L&rsquo;arr\u00eat du jour #78 La question impr\u00e9vue du syndic\"}]},{\"@type\":\"WebSite\",\"@id\":\"https:\\\/\\\/avoloi.fr\\\/blog\\\/#website\",\"url\":\"https:\\\/\\\/avoloi.fr\\\/blog\\\/\",\"name\":\"Le blog Avoloi\",\"description\":\"\",\"publisher\":{\"@id\":\"https:\\\/\\\/avoloi.fr\\\/blog\\\/#organization\"},\"potentialAction\":[{\"@type\":\"SearchAction\",\"target\":{\"@type\":\"EntryPoint\",\"urlTemplate\":\"https:\\\/\\\/avoloi.fr\\\/blog\\\/?s={search_term_string}\"},\"query-input\":{\"@type\":\"PropertyValueSpecification\",\"valueRequired\":true,\"valueName\":\"search_term_string\"}}],\"inLanguage\":\"fr-FR\"},{\"@type\":\"Organization\",\"@id\":\"https:\\\/\\\/avoloi.fr\\\/blog\\\/#organization\",\"name\":\"Avoloi\",\"url\":\"https:\\\/\\\/avoloi.fr\\\/blog\\\/\",\"logo\":{\"@type\":\"ImageObject\",\"inLanguage\":\"fr-FR\",\"@id\":\"https:\\\/\\\/avoloi.fr\\\/blog\\\/#\\\/schema\\\/logo\\\/image\\\/\",\"url\":\"https:\\\/\\\/avoloi.fr\\\/blog\\\/wp-content\\\/uploads\\\/2022\\\/06\\\/avoloi_726x172.png\",\"contentUrl\":\"https:\\\/\\\/avoloi.fr\\\/blog\\\/wp-content\\\/uploads\\\/2022\\\/06\\\/avoloi_726x172.png\",\"width\":726,\"height\":172,\"caption\":\"Avoloi\"},\"image\":{\"@id\":\"https:\\\/\\\/avoloi.fr\\\/blog\\\/#\\\/schema\\\/logo\\\/image\\\/\"},\"sameAs\":[\"https:\\\/\\\/fr-fr.facebook.com\\\/avoloi\\\/\",\"https:\\\/\\\/x.com\\\/avoloi\",\"https:\\\/\\\/www.linkedin.com\\\/company\\\/11097274\\\/\",\"https:\\\/\\\/www.instagram.com\\\/avoloi\\\/\"]},{\"@type\":\"Person\",\"@id\":\"https:\\\/\\\/avoloi.fr\\\/blog\\\/#\\\/schema\\\/person\\\/23b73188a8a805006f016e2a3cb617b1\",\"name\":\"Avoloi\",\"image\":{\"@type\":\"ImageObject\",\"inLanguage\":\"fr-FR\",\"@id\":\"https:\\\/\\\/secure.gravatar.com\\\/avatar\\\/2ec2e99d2d37d9499d05c0d8442d636f63a751b8a8c16870416ac671c571f81d?s=96&d=mm&r=g\",\"url\":\"https:\\\/\\\/secure.gravatar.com\\\/avatar\\\/2ec2e99d2d37d9499d05c0d8442d636f63a751b8a8c16870416ac671c571f81d?s=96&d=mm&r=g\",\"contentUrl\":\"https:\\\/\\\/secure.gravatar.com\\\/avatar\\\/2ec2e99d2d37d9499d05c0d8442d636f63a751b8a8c16870416ac671c571f81d?s=96&d=mm&r=g\",\"caption\":\"Avoloi\"}}]}<\/script>\n<!-- \/ Yoast SEO plugin. -->","yoast_head_json":{"title":"L'arr\u00eat du jour #78 La question impr\u00e9vue du syndic - Le blog Avoloi","robots":{"index":"index","follow":"follow","max-snippet":"max-snippet:-1","max-image-preview":"max-image-preview:large","max-video-preview":"max-video-preview:-1"},"canonical":"https:\/\/avoloi.fr\/blog\/la-question-imprevue-du-syndic\/","og_locale":"fr_FR","og_type":"article","og_title":"L'arr\u00eat du jour #78 La question impr\u00e9vue du syndic - Le blog Avoloi","og_description":"C\u2019est l\u2019histoire d\u2019un copropri\u00e9taire qui r\u00e9clame l\u2019annulation d\u2019une d\u00e9cision vot\u00e9e en assembl\u00e9e g\u00e9n\u00e9rale (AG) des copropri\u00e9taires\u2026 Convoqu\u00e9e \u00e0 une AG, un copropri\u00e9taire d\u00e9couvre que le syndic a rajout\u00e9 une question \u00e0 l\u2019ordre du jour, ce qui n\u2019est pas possible estime-t-il.\u00a0Parce que la question ne peut pas \u00eatre prise en compte, la d\u00e9lib\u00e9ration qui s\u2019en est [&hellip;]","og_url":"https:\/\/avoloi.fr\/blog\/la-question-imprevue-du-syndic\/","og_site_name":"Le blog Avoloi","article_publisher":"https:\/\/fr-fr.facebook.com\/avoloi\/","article_published_time":"2018-01-19T13:11:01+00:00","og_image":[{"width":800,"height":600,"url":"https:\/\/avoloi.fr\/blog\/wp-content\/uploads\/2018\/01\/ADJ-78-PHDJ-coproprie\u0301taire-AG.jpg","type":"image\/jpeg"}],"author":"Avoloi","twitter_card":"summary_large_image","twitter_creator":"@avoloi","twitter_site":"@avoloi","twitter_misc":{"\u00c9crit par":"Avoloi","Dur\u00e9e de lecture estim\u00e9e":"1 minute"},"schema":{"@context":"https:\/\/schema.org","@graph":[{"@type":"Article","@id":"https:\/\/avoloi.fr\/blog\/la-question-imprevue-du-syndic\/#article","isPartOf":{"@id":"https:\/\/avoloi.fr\/blog\/la-question-imprevue-du-syndic\/"},"author":{"name":"Avoloi","@id":"https:\/\/avoloi.fr\/blog\/#\/schema\/person\/23b73188a8a805006f016e2a3cb617b1"},"headline":"L&rsquo;arr\u00eat du jour #78 La question impr\u00e9vue du syndic","datePublished":"2018-01-19T13:11:01+00:00","mainEntityOfPage":{"@id":"https:\/\/avoloi.fr\/blog\/la-question-imprevue-du-syndic\/"},"wordCount":257,"commentCount":0,"publisher":{"@id":"https:\/\/avoloi.fr\/blog\/#organization"},"image":{"@id":"https:\/\/avoloi.fr\/blog\/la-question-imprevue-du-syndic\/#primaryimage"},"thumbnailUrl":"https:\/\/avoloi.fr\/blog\/wp-content\/uploads\/2018\/01\/ADJ-78-PHDJ-coproprie\u0301taire-AG.jpg","keywords":["AG","arr\u00eat du jour","assembl\u00e9e g\u00e9n\u00e9rale","avocat","copropri\u00e9taires","litige","syndic","verdict"],"articleSection":["L\u2019arr\u00eat du jour"],"inLanguage":"fr-FR","potentialAction":[{"@type":"CommentAction","name":"Comment","target":["https:\/\/avoloi.fr\/blog\/la-question-imprevue-du-syndic\/#respond"]}]},{"@type":"WebPage","@id":"https:\/\/avoloi.fr\/blog\/la-question-imprevue-du-syndic\/","url":"https:\/\/avoloi.fr\/blog\/la-question-imprevue-du-syndic\/","name":"L'arr\u00eat du jour #78 La question impr\u00e9vue du syndic - Le blog Avoloi","isPartOf":{"@id":"https:\/\/avoloi.fr\/blog\/#website"},"primaryImageOfPage":{"@id":"https:\/\/avoloi.fr\/blog\/la-question-imprevue-du-syndic\/#primaryimage"},"image":{"@id":"https:\/\/avoloi.fr\/blog\/la-question-imprevue-du-syndic\/#primaryimage"},"thumbnailUrl":"https:\/\/avoloi.fr\/blog\/wp-content\/uploads\/2018\/01\/ADJ-78-PHDJ-coproprie\u0301taire-AG.jpg","datePublished":"2018-01-19T13:11:01+00:00","breadcrumb":{"@id":"https:\/\/avoloi.fr\/blog\/la-question-imprevue-du-syndic\/#breadcrumb"},"inLanguage":"fr-FR","potentialAction":[{"@type":"ReadAction","target":["https:\/\/avoloi.fr\/blog\/la-question-imprevue-du-syndic\/"]}]},{"@type":"ImageObject","inLanguage":"fr-FR","@id":"https:\/\/avoloi.fr\/blog\/la-question-imprevue-du-syndic\/#primaryimage","url":"https:\/\/avoloi.fr\/blog\/wp-content\/uploads\/2018\/01\/ADJ-78-PHDJ-coproprie\u0301taire-AG.jpg","contentUrl":"https:\/\/avoloi.fr\/blog\/wp-content\/uploads\/2018\/01\/ADJ-78-PHDJ-coproprie\u0301taire-AG.jpg","width":800,"height":600},{"@type":"BreadcrumbList","@id":"https:\/\/avoloi.fr\/blog\/la-question-imprevue-du-syndic\/#breadcrumb","itemListElement":[{"@type":"ListItem","position":1,"name":"Accueil","item":"https:\/\/avoloi.fr\/blog\/"},{"@type":"ListItem","position":2,"name":"L&rsquo;arr\u00eat du jour #78 La question impr\u00e9vue du syndic"}]},{"@type":"WebSite","@id":"https:\/\/avoloi.fr\/blog\/#website","url":"https:\/\/avoloi.fr\/blog\/","name":"Le blog Avoloi","description":"","publisher":{"@id":"https:\/\/avoloi.fr\/blog\/#organization"},"potentialAction":[{"@type":"SearchAction","target":{"@type":"EntryPoint","urlTemplate":"https:\/\/avoloi.fr\/blog\/?s={search_term_string}"},"query-input":{"@type":"PropertyValueSpecification","valueRequired":true,"valueName":"search_term_string"}}],"inLanguage":"fr-FR"},{"@type":"Organization","@id":"https:\/\/avoloi.fr\/blog\/#organization","name":"Avoloi","url":"https:\/\/avoloi.fr\/blog\/","logo":{"@type":"ImageObject","inLanguage":"fr-FR","@id":"https:\/\/avoloi.fr\/blog\/#\/schema\/logo\/image\/","url":"https:\/\/avoloi.fr\/blog\/wp-content\/uploads\/2022\/06\/avoloi_726x172.png","contentUrl":"https:\/\/avoloi.fr\/blog\/wp-content\/uploads\/2022\/06\/avoloi_726x172.png","width":726,"height":172,"caption":"Avoloi"},"image":{"@id":"https:\/\/avoloi.fr\/blog\/#\/schema\/logo\/image\/"},"sameAs":["https:\/\/fr-fr.facebook.com\/avoloi\/","https:\/\/x.com\/avoloi","https:\/\/www.linkedin.com\/company\/11097274\/","https:\/\/www.instagram.com\/avoloi\/"]},{"@type":"Person","@id":"https:\/\/avoloi.fr\/blog\/#\/schema\/person\/23b73188a8a805006f016e2a3cb617b1","name":"Avoloi","image":{"@type":"ImageObject","inLanguage":"fr-FR","@id":"https:\/\/secure.gravatar.com\/avatar\/2ec2e99d2d37d9499d05c0d8442d636f63a751b8a8c16870416ac671c571f81d?s=96&d=mm&r=g","url":"https:\/\/secure.gravatar.com\/avatar\/2ec2e99d2d37d9499d05c0d8442d636f63a751b8a8c16870416ac671c571f81d?s=96&d=mm&r=g","contentUrl":"https:\/\/secure.gravatar.com\/avatar\/2ec2e99d2d37d9499d05c0d8442d636f63a751b8a8c16870416ac671c571f81d?s=96&d=mm&r=g","caption":"Avoloi"}}]}},"_links":{"self":[{"href":"https:\/\/avoloi.fr\/blog\/wp-json\/wp\/v2\/posts\/5382","targetHints":{"allow":["GET"]}}],"collection":[{"href":"https:\/\/avoloi.fr\/blog\/wp-json\/wp\/v2\/posts"}],"about":[{"href":"https:\/\/avoloi.fr\/blog\/wp-json\/wp\/v2\/types\/post"}],"author":[{"embeddable":true,"href":"https:\/\/avoloi.fr\/blog\/wp-json\/wp\/v2\/users\/2"}],"replies":[{"embeddable":true,"href":"https:\/\/avoloi.fr\/blog\/wp-json\/wp\/v2\/comments?post=5382"}],"version-history":[{"count":0,"href":"https:\/\/avoloi.fr\/blog\/wp-json\/wp\/v2\/posts\/5382\/revisions"}],"wp:featuredmedia":[{"embeddable":true,"href":"https:\/\/avoloi.fr\/blog\/wp-json\/wp\/v2\/media\/17914"}],"wp:attachment":[{"href":"https:\/\/avoloi.fr\/blog\/wp-json\/wp\/v2\/media?parent=5382"}],"wp:term":[{"taxonomy":"category","embeddable":true,"href":"https:\/\/avoloi.fr\/blog\/wp-json\/wp\/v2\/categories?post=5382"},{"taxonomy":"post_tag","embeddable":true,"href":"https:\/\/avoloi.fr\/blog\/wp-json\/wp\/v2\/tags?post=5382"}],"curies":[{"name":"wp","href":"https:\/\/api.w.org\/{rel}","templated":true}]}}