{"id":3634,"date":"2017-12-08T10:49:35","date_gmt":"2017-12-08T09:49:35","guid":{"rendered":"http:\/\/www.avordv.fr\/?p=3634"},"modified":"2017-12-08T10:49:35","modified_gmt":"2017-12-08T09:49:35","slug":"licenciement-aide-a-domicile","status":"publish","type":"post","link":"https:\/\/avoloi.fr\/blog\/licenciement-aide-a-domicile\/","title":{"rendered":"L&rsquo;arr\u00eat du jour #72 Licenciement aide a\u0300 domicile"},"content":{"rendered":"<h2><i><b>C\u2019est l\u2019histoire d\u2019une auxiliaire de vie qui se fait licencier par les enfants de son employeur\u2026<\/b><\/i><\/h2>\n<p>S\u2019apercevant que l\u2019auxiliaire de vie qui s\u2019occupe de leur m\u00e8re la maltraite, les enfants d\u2019une personne d\u00e9pendante d\u00e9cident de la licencier pour\u00a0faute grave. Licenciement toutefois nul, estime l\u2019auxiliaire de vie, les enfants n\u2019\u00e9tant pas son employeur. Elle r\u00e9clame donc diverses sommes au\u00a0titre du licenciement irr\u00e9gulier. Sommes que refusent de verser les enfants\u2026<\/p>\n<h3>L&rsquo;objet du litige<\/h3>\n<p>\u2026 \u00e0 tort selon l\u2019auxiliaire de vie : les enfants de son employeur n\u2019avaient pas \u00e9t\u00e9 d\u00e9sign\u00e9s comme tuteurs de leur m\u00e8re. D\u00e8s lors, elle consid\u00e8re\u00a0qu\u2019ils n\u2019avaient pas le pouvoir de la licencier. Son licenciement est donc irr\u00e9gulier et elle a droit aux sommes r\u00e9clam\u00e9es\u2026<\/p>\n<h3>Le verdict<\/h3>\n<p>\u00ab Faux \u00bb r\u00e9pondent les enfants. Ils rappellent que depuis de nombreuses ann\u00e9es, ils g\u00e9raient les affaires de leur m\u00e8re, l\u2019\u00e9tat de sant\u00e9 de cette\u00a0derni\u00e8re ne lui permettant pas de s\u2019occuper de ses int\u00e9r\u00eats. Par cons\u00e9quent, le licenciement de l\u2019auxiliaire de vie \u00e9tant n\u00e9cessaire, ils estiment\u00a0qu\u2019ils pouvaient tout \u00e0 fait le prononcer. Ce que confirme le juge.<\/p>\n<blockquote>\n<p><em><i>Source : Arr\u00eat de la Cour de cassation, 2\u00e8me chambre sociale, du 23 mai 2017, n\u00b0 16-10760<\/i><\/em><\/p>\n<\/blockquote>\n\n\n<p class=\"has-small-font-size\">En partenariat avec Weblex<\/p>\n","protected":false},"excerpt":{"rendered":"<p>C\u2019est l\u2019histoire d\u2019une auxiliaire de vie qui se fait licencier par les enfants de son employeur\u2026 S\u2019apercevant que l\u2019auxiliaire de vie qui s\u2019occupe de leur m\u00e8re la maltraite, les enfants d\u2019une personne d\u00e9pendante d\u00e9cident de la licencier pour\u00a0faute grave. Licenciement toutefois nul, estime l\u2019auxiliaire de vie, les enfants n\u2019\u00e9tant pas son employeur. Elle r\u00e9clame donc [&hellip;]<\/p>\n","protected":false},"author":2,"featured_media":17928,"comment_status":"open","ping_status":"closed","sticky":false,"template":"","format":"standard","meta":{"footnotes":""},"categories":[2],"tags":[3,4,105,137,112,7,50,9],"class_list":["post-3634","post","type-post","status-publish","format-standard","has-post-thumbnail","hentry","category-larret-du-jour","tag-arret-du-jour","tag-avocat","tag-employeur","tag-faute-grave","tag-licenciement","tag-litige","tag-travail","tag-verdict"],"yoast_head":"<!-- This site is optimized with the Yoast SEO plugin v27.4 - https:\/\/yoast.com\/product\/yoast-seo-wordpress\/ -->\n<title>L&#039;arr\u00eat du jour #72 Licenciement aide a\u0300 domicile - Le blog Avoloi<\/title>\n<meta name=\"robots\" content=\"index, follow, max-snippet:-1, max-image-preview:large, max-video-preview:-1\" \/>\n<link rel=\"canonical\" href=\"https:\/\/avoloi.fr\/blog\/licenciement-aide-a-domicile\/\" \/>\n<meta property=\"og:locale\" content=\"fr_FR\" \/>\n<meta property=\"og:type\" content=\"article\" \/>\n<meta property=\"og:title\" content=\"L&#039;arr\u00eat du jour #72 Licenciement aide a\u0300 domicile - Le blog Avoloi\" \/>\n<meta property=\"og:description\" content=\"C\u2019est l\u2019histoire d\u2019une auxiliaire de vie qui se fait licencier par les enfants de son employeur\u2026 S\u2019apercevant que l\u2019auxiliaire de vie qui s\u2019occupe de leur m\u00e8re la maltraite, les enfants d\u2019une personne d\u00e9pendante d\u00e9cident de la licencier pour\u00a0faute grave. Licenciement toutefois nul, estime l\u2019auxiliaire de vie, les enfants n\u2019\u00e9tant pas son employeur. Elle r\u00e9clame donc [&hellip;]\" \/>\n<meta property=\"og:url\" content=\"https:\/\/avoloi.fr\/blog\/licenciement-aide-a-domicile\/\" \/>\n<meta property=\"og:site_name\" content=\"Le blog Avoloi\" \/>\n<meta property=\"article:publisher\" content=\"https:\/\/fr-fr.facebook.com\/avoloi\/\" \/>\n<meta property=\"article:published_time\" content=\"2017-12-08T09:49:35+00:00\" \/>\n<meta property=\"og:image\" content=\"https:\/\/avoloi.fr\/blog\/wp-content\/uploads\/2017\/12\/ADJ-72-Licenciement-aide-domicile-scaled-1.jpg\" \/>\n\t<meta property=\"og:image:width\" content=\"2560\" \/>\n\t<meta property=\"og:image:height\" content=\"1920\" \/>\n\t<meta property=\"og:image:type\" content=\"image\/jpeg\" \/>\n<meta name=\"author\" content=\"Avoloi\" \/>\n<meta name=\"twitter:card\" content=\"summary_large_image\" \/>\n<meta name=\"twitter:creator\" content=\"@avoloi\" \/>\n<meta name=\"twitter:site\" content=\"@avoloi\" \/>\n<meta name=\"twitter:label1\" content=\"\u00c9crit par\" \/>\n\t<meta name=\"twitter:data1\" content=\"Avoloi\" \/>\n\t<meta name=\"twitter:label2\" content=\"Dur\u00e9e de lecture estim\u00e9e\" \/>\n\t<meta name=\"twitter:data2\" content=\"1 minute\" \/>\n<script type=\"application\/ld+json\" class=\"yoast-schema-graph\">{\"@context\":\"https:\\\/\\\/schema.org\",\"@graph\":[{\"@type\":\"Article\",\"@id\":\"https:\\\/\\\/avoloi.fr\\\/blog\\\/licenciement-aide-a-domicile\\\/#article\",\"isPartOf\":{\"@id\":\"https:\\\/\\\/avoloi.fr\\\/blog\\\/licenciement-aide-a-domicile\\\/\"},\"author\":{\"name\":\"Avoloi\",\"@id\":\"https:\\\/\\\/avoloi.fr\\\/blog\\\/#\\\/schema\\\/person\\\/23b73188a8a805006f016e2a3cb617b1\"},\"headline\":\"L&rsquo;arr\u00eat du jour #72 Licenciement aide a\u0300 domicile\",\"datePublished\":\"2017-12-08T09:49:35+00:00\",\"mainEntityOfPage\":{\"@id\":\"https:\\\/\\\/avoloi.fr\\\/blog\\\/licenciement-aide-a-domicile\\\/\"},\"wordCount\":242,\"commentCount\":0,\"publisher\":{\"@id\":\"https:\\\/\\\/avoloi.fr\\\/blog\\\/#organization\"},\"image\":{\"@id\":\"https:\\\/\\\/avoloi.fr\\\/blog\\\/licenciement-aide-a-domicile\\\/#primaryimage\"},\"thumbnailUrl\":\"https:\\\/\\\/avoloi.fr\\\/blog\\\/wp-content\\\/uploads\\\/2017\\\/12\\\/ADJ-72-Licenciement-aide-domicile-scaled-1.jpg\",\"keywords\":[\"arr\u00eat du jour\",\"avocat\",\"employeur\",\"faute grave\",\"licenciement\",\"litige\",\"travail\",\"verdict\"],\"articleSection\":[\"L\u2019arr\u00eat du jour\"],\"inLanguage\":\"fr-FR\",\"potentialAction\":[{\"@type\":\"CommentAction\",\"name\":\"Comment\",\"target\":[\"https:\\\/\\\/avoloi.fr\\\/blog\\\/licenciement-aide-a-domicile\\\/#respond\"]}]},{\"@type\":\"WebPage\",\"@id\":\"https:\\\/\\\/avoloi.fr\\\/blog\\\/licenciement-aide-a-domicile\\\/\",\"url\":\"https:\\\/\\\/avoloi.fr\\\/blog\\\/licenciement-aide-a-domicile\\\/\",\"name\":\"L'arr\u00eat du jour #72 Licenciement aide a\u0300 domicile - Le blog Avoloi\",\"isPartOf\":{\"@id\":\"https:\\\/\\\/avoloi.fr\\\/blog\\\/#website\"},\"primaryImageOfPage\":{\"@id\":\"https:\\\/\\\/avoloi.fr\\\/blog\\\/licenciement-aide-a-domicile\\\/#primaryimage\"},\"image\":{\"@id\":\"https:\\\/\\\/avoloi.fr\\\/blog\\\/licenciement-aide-a-domicile\\\/#primaryimage\"},\"thumbnailUrl\":\"https:\\\/\\\/avoloi.fr\\\/blog\\\/wp-content\\\/uploads\\\/2017\\\/12\\\/ADJ-72-Licenciement-aide-domicile-scaled-1.jpg\",\"datePublished\":\"2017-12-08T09:49:35+00:00\",\"breadcrumb\":{\"@id\":\"https:\\\/\\\/avoloi.fr\\\/blog\\\/licenciement-aide-a-domicile\\\/#breadcrumb\"},\"inLanguage\":\"fr-FR\",\"potentialAction\":[{\"@type\":\"ReadAction\",\"target\":[\"https:\\\/\\\/avoloi.fr\\\/blog\\\/licenciement-aide-a-domicile\\\/\"]}]},{\"@type\":\"ImageObject\",\"inLanguage\":\"fr-FR\",\"@id\":\"https:\\\/\\\/avoloi.fr\\\/blog\\\/licenciement-aide-a-domicile\\\/#primaryimage\",\"url\":\"https:\\\/\\\/avoloi.fr\\\/blog\\\/wp-content\\\/uploads\\\/2017\\\/12\\\/ADJ-72-Licenciement-aide-domicile-scaled-1.jpg\",\"contentUrl\":\"https:\\\/\\\/avoloi.fr\\\/blog\\\/wp-content\\\/uploads\\\/2017\\\/12\\\/ADJ-72-Licenciement-aide-domicile-scaled-1.jpg\",\"width\":2560,\"height\":1920},{\"@type\":\"BreadcrumbList\",\"@id\":\"https:\\\/\\\/avoloi.fr\\\/blog\\\/licenciement-aide-a-domicile\\\/#breadcrumb\",\"itemListElement\":[{\"@type\":\"ListItem\",\"position\":1,\"name\":\"Accueil\",\"item\":\"https:\\\/\\\/avoloi.fr\\\/blog\\\/\"},{\"@type\":\"ListItem\",\"position\":2,\"name\":\"L&rsquo;arr\u00eat du jour #72 Licenciement aide a\u0300 domicile\"}]},{\"@type\":\"WebSite\",\"@id\":\"https:\\\/\\\/avoloi.fr\\\/blog\\\/#website\",\"url\":\"https:\\\/\\\/avoloi.fr\\\/blog\\\/\",\"name\":\"Le blog Avoloi\",\"description\":\"\",\"publisher\":{\"@id\":\"https:\\\/\\\/avoloi.fr\\\/blog\\\/#organization\"},\"potentialAction\":[{\"@type\":\"SearchAction\",\"target\":{\"@type\":\"EntryPoint\",\"urlTemplate\":\"https:\\\/\\\/avoloi.fr\\\/blog\\\/?s={search_term_string}\"},\"query-input\":{\"@type\":\"PropertyValueSpecification\",\"valueRequired\":true,\"valueName\":\"search_term_string\"}}],\"inLanguage\":\"fr-FR\"},{\"@type\":\"Organization\",\"@id\":\"https:\\\/\\\/avoloi.fr\\\/blog\\\/#organization\",\"name\":\"Avoloi\",\"url\":\"https:\\\/\\\/avoloi.fr\\\/blog\\\/\",\"logo\":{\"@type\":\"ImageObject\",\"inLanguage\":\"fr-FR\",\"@id\":\"https:\\\/\\\/avoloi.fr\\\/blog\\\/#\\\/schema\\\/logo\\\/image\\\/\",\"url\":\"https:\\\/\\\/avoloi.fr\\\/blog\\\/wp-content\\\/uploads\\\/2022\\\/06\\\/avoloi_726x172.png\",\"contentUrl\":\"https:\\\/\\\/avoloi.fr\\\/blog\\\/wp-content\\\/uploads\\\/2022\\\/06\\\/avoloi_726x172.png\",\"width\":726,\"height\":172,\"caption\":\"Avoloi\"},\"image\":{\"@id\":\"https:\\\/\\\/avoloi.fr\\\/blog\\\/#\\\/schema\\\/logo\\\/image\\\/\"},\"sameAs\":[\"https:\\\/\\\/fr-fr.facebook.com\\\/avoloi\\\/\",\"https:\\\/\\\/x.com\\\/avoloi\",\"https:\\\/\\\/www.linkedin.com\\\/company\\\/11097274\\\/\",\"https:\\\/\\\/www.instagram.com\\\/avoloi\\\/\"]},{\"@type\":\"Person\",\"@id\":\"https:\\\/\\\/avoloi.fr\\\/blog\\\/#\\\/schema\\\/person\\\/23b73188a8a805006f016e2a3cb617b1\",\"name\":\"Avoloi\",\"image\":{\"@type\":\"ImageObject\",\"inLanguage\":\"fr-FR\",\"@id\":\"https:\\\/\\\/secure.gravatar.com\\\/avatar\\\/2ec2e99d2d37d9499d05c0d8442d636f63a751b8a8c16870416ac671c571f81d?s=96&d=mm&r=g\",\"url\":\"https:\\\/\\\/secure.gravatar.com\\\/avatar\\\/2ec2e99d2d37d9499d05c0d8442d636f63a751b8a8c16870416ac671c571f81d?s=96&d=mm&r=g\",\"contentUrl\":\"https:\\\/\\\/secure.gravatar.com\\\/avatar\\\/2ec2e99d2d37d9499d05c0d8442d636f63a751b8a8c16870416ac671c571f81d?s=96&d=mm&r=g\",\"caption\":\"Avoloi\"}}]}<\/script>\n<!-- \/ Yoast SEO plugin. -->","yoast_head_json":{"title":"L'arr\u00eat du jour #72 Licenciement aide a\u0300 domicile - Le blog Avoloi","robots":{"index":"index","follow":"follow","max-snippet":"max-snippet:-1","max-image-preview":"max-image-preview:large","max-video-preview":"max-video-preview:-1"},"canonical":"https:\/\/avoloi.fr\/blog\/licenciement-aide-a-domicile\/","og_locale":"fr_FR","og_type":"article","og_title":"L'arr\u00eat du jour #72 Licenciement aide a\u0300 domicile - Le blog Avoloi","og_description":"C\u2019est l\u2019histoire d\u2019une auxiliaire de vie qui se fait licencier par les enfants de son employeur\u2026 S\u2019apercevant que l\u2019auxiliaire de vie qui s\u2019occupe de leur m\u00e8re la maltraite, les enfants d\u2019une personne d\u00e9pendante d\u00e9cident de la licencier pour\u00a0faute grave. Licenciement toutefois nul, estime l\u2019auxiliaire de vie, les enfants n\u2019\u00e9tant pas son employeur. Elle r\u00e9clame donc [&hellip;]","og_url":"https:\/\/avoloi.fr\/blog\/licenciement-aide-a-domicile\/","og_site_name":"Le blog Avoloi","article_publisher":"https:\/\/fr-fr.facebook.com\/avoloi\/","article_published_time":"2017-12-08T09:49:35+00:00","og_image":[{"width":2560,"height":1920,"url":"https:\/\/avoloi.fr\/blog\/wp-content\/uploads\/2017\/12\/ADJ-72-Licenciement-aide-domicile-scaled-1.jpg","type":"image\/jpeg"}],"author":"Avoloi","twitter_card":"summary_large_image","twitter_creator":"@avoloi","twitter_site":"@avoloi","twitter_misc":{"\u00c9crit par":"Avoloi","Dur\u00e9e de lecture estim\u00e9e":"1 minute"},"schema":{"@context":"https:\/\/schema.org","@graph":[{"@type":"Article","@id":"https:\/\/avoloi.fr\/blog\/licenciement-aide-a-domicile\/#article","isPartOf":{"@id":"https:\/\/avoloi.fr\/blog\/licenciement-aide-a-domicile\/"},"author":{"name":"Avoloi","@id":"https:\/\/avoloi.fr\/blog\/#\/schema\/person\/23b73188a8a805006f016e2a3cb617b1"},"headline":"L&rsquo;arr\u00eat du jour #72 Licenciement aide a\u0300 domicile","datePublished":"2017-12-08T09:49:35+00:00","mainEntityOfPage":{"@id":"https:\/\/avoloi.fr\/blog\/licenciement-aide-a-domicile\/"},"wordCount":242,"commentCount":0,"publisher":{"@id":"https:\/\/avoloi.fr\/blog\/#organization"},"image":{"@id":"https:\/\/avoloi.fr\/blog\/licenciement-aide-a-domicile\/#primaryimage"},"thumbnailUrl":"https:\/\/avoloi.fr\/blog\/wp-content\/uploads\/2017\/12\/ADJ-72-Licenciement-aide-domicile-scaled-1.jpg","keywords":["arr\u00eat du jour","avocat","employeur","faute grave","licenciement","litige","travail","verdict"],"articleSection":["L\u2019arr\u00eat du jour"],"inLanguage":"fr-FR","potentialAction":[{"@type":"CommentAction","name":"Comment","target":["https:\/\/avoloi.fr\/blog\/licenciement-aide-a-domicile\/#respond"]}]},{"@type":"WebPage","@id":"https:\/\/avoloi.fr\/blog\/licenciement-aide-a-domicile\/","url":"https:\/\/avoloi.fr\/blog\/licenciement-aide-a-domicile\/","name":"L'arr\u00eat du jour #72 Licenciement aide a\u0300 domicile - Le blog Avoloi","isPartOf":{"@id":"https:\/\/avoloi.fr\/blog\/#website"},"primaryImageOfPage":{"@id":"https:\/\/avoloi.fr\/blog\/licenciement-aide-a-domicile\/#primaryimage"},"image":{"@id":"https:\/\/avoloi.fr\/blog\/licenciement-aide-a-domicile\/#primaryimage"},"thumbnailUrl":"https:\/\/avoloi.fr\/blog\/wp-content\/uploads\/2017\/12\/ADJ-72-Licenciement-aide-domicile-scaled-1.jpg","datePublished":"2017-12-08T09:49:35+00:00","breadcrumb":{"@id":"https:\/\/avoloi.fr\/blog\/licenciement-aide-a-domicile\/#breadcrumb"},"inLanguage":"fr-FR","potentialAction":[{"@type":"ReadAction","target":["https:\/\/avoloi.fr\/blog\/licenciement-aide-a-domicile\/"]}]},{"@type":"ImageObject","inLanguage":"fr-FR","@id":"https:\/\/avoloi.fr\/blog\/licenciement-aide-a-domicile\/#primaryimage","url":"https:\/\/avoloi.fr\/blog\/wp-content\/uploads\/2017\/12\/ADJ-72-Licenciement-aide-domicile-scaled-1.jpg","contentUrl":"https:\/\/avoloi.fr\/blog\/wp-content\/uploads\/2017\/12\/ADJ-72-Licenciement-aide-domicile-scaled-1.jpg","width":2560,"height":1920},{"@type":"BreadcrumbList","@id":"https:\/\/avoloi.fr\/blog\/licenciement-aide-a-domicile\/#breadcrumb","itemListElement":[{"@type":"ListItem","position":1,"name":"Accueil","item":"https:\/\/avoloi.fr\/blog\/"},{"@type":"ListItem","position":2,"name":"L&rsquo;arr\u00eat du jour #72 Licenciement aide a\u0300 domicile"}]},{"@type":"WebSite","@id":"https:\/\/avoloi.fr\/blog\/#website","url":"https:\/\/avoloi.fr\/blog\/","name":"Le blog Avoloi","description":"","publisher":{"@id":"https:\/\/avoloi.fr\/blog\/#organization"},"potentialAction":[{"@type":"SearchAction","target":{"@type":"EntryPoint","urlTemplate":"https:\/\/avoloi.fr\/blog\/?s={search_term_string}"},"query-input":{"@type":"PropertyValueSpecification","valueRequired":true,"valueName":"search_term_string"}}],"inLanguage":"fr-FR"},{"@type":"Organization","@id":"https:\/\/avoloi.fr\/blog\/#organization","name":"Avoloi","url":"https:\/\/avoloi.fr\/blog\/","logo":{"@type":"ImageObject","inLanguage":"fr-FR","@id":"https:\/\/avoloi.fr\/blog\/#\/schema\/logo\/image\/","url":"https:\/\/avoloi.fr\/blog\/wp-content\/uploads\/2022\/06\/avoloi_726x172.png","contentUrl":"https:\/\/avoloi.fr\/blog\/wp-content\/uploads\/2022\/06\/avoloi_726x172.png","width":726,"height":172,"caption":"Avoloi"},"image":{"@id":"https:\/\/avoloi.fr\/blog\/#\/schema\/logo\/image\/"},"sameAs":["https:\/\/fr-fr.facebook.com\/avoloi\/","https:\/\/x.com\/avoloi","https:\/\/www.linkedin.com\/company\/11097274\/","https:\/\/www.instagram.com\/avoloi\/"]},{"@type":"Person","@id":"https:\/\/avoloi.fr\/blog\/#\/schema\/person\/23b73188a8a805006f016e2a3cb617b1","name":"Avoloi","image":{"@type":"ImageObject","inLanguage":"fr-FR","@id":"https:\/\/secure.gravatar.com\/avatar\/2ec2e99d2d37d9499d05c0d8442d636f63a751b8a8c16870416ac671c571f81d?s=96&d=mm&r=g","url":"https:\/\/secure.gravatar.com\/avatar\/2ec2e99d2d37d9499d05c0d8442d636f63a751b8a8c16870416ac671c571f81d?s=96&d=mm&r=g","contentUrl":"https:\/\/secure.gravatar.com\/avatar\/2ec2e99d2d37d9499d05c0d8442d636f63a751b8a8c16870416ac671c571f81d?s=96&d=mm&r=g","caption":"Avoloi"}}]}},"_links":{"self":[{"href":"https:\/\/avoloi.fr\/blog\/wp-json\/wp\/v2\/posts\/3634","targetHints":{"allow":["GET"]}}],"collection":[{"href":"https:\/\/avoloi.fr\/blog\/wp-json\/wp\/v2\/posts"}],"about":[{"href":"https:\/\/avoloi.fr\/blog\/wp-json\/wp\/v2\/types\/post"}],"author":[{"embeddable":true,"href":"https:\/\/avoloi.fr\/blog\/wp-json\/wp\/v2\/users\/2"}],"replies":[{"embeddable":true,"href":"https:\/\/avoloi.fr\/blog\/wp-json\/wp\/v2\/comments?post=3634"}],"version-history":[{"count":0,"href":"https:\/\/avoloi.fr\/blog\/wp-json\/wp\/v2\/posts\/3634\/revisions"}],"wp:featuredmedia":[{"embeddable":true,"href":"https:\/\/avoloi.fr\/blog\/wp-json\/wp\/v2\/media\/17928"}],"wp:attachment":[{"href":"https:\/\/avoloi.fr\/blog\/wp-json\/wp\/v2\/media?parent=3634"}],"wp:term":[{"taxonomy":"category","embeddable":true,"href":"https:\/\/avoloi.fr\/blog\/wp-json\/wp\/v2\/categories?post=3634"},{"taxonomy":"post_tag","embeddable":true,"href":"https:\/\/avoloi.fr\/blog\/wp-json\/wp\/v2\/tags?post=3634"}],"curies":[{"name":"wp","href":"https:\/\/api.w.org\/{rel}","templated":true}]}}