{"id":3445,"date":"2017-02-10T09:21:03","date_gmt":"2017-02-10T08:21:03","guid":{"rendered":"http:\/\/www.avordv.fr\/?p=3445"},"modified":"2017-02-10T09:21:03","modified_gmt":"2017-02-10T08:21:03","slug":"partage-de-lautorite-parentale-pacs","status":"publish","type":"post","link":"https:\/\/avoloi.fr\/blog\/partage-de-lautorite-parentale-pacs\/","title":{"rendered":"L&rsquo;arr\u00eat du jour #44 Partage de l\u2019autorit\u00e9 parentale PACS"},"content":{"rendered":"<h2 style=\"font-weight: 400;\"><b><strong><em>C\u2019est l\u2019histoire d\u2019un couple qui se s\u00e9pare et dont l\u2019un r\u00e9clame la fin du partage de l\u2019autorit\u00e9 parentale\u2026<\/em><\/strong><\/b><\/h2>\n<p style=\"font-weight: 400;\">Une femme a eu un enfant avec sa partenaire de Pacs \u00e0 qui elle a d\u00e9l\u00e9gu\u00e9 une partie de son autorit\u00e9 parentale. Mais suite \u00e0 leur rupture, elle demande la restitution des droits d\u2019autorit\u00e9 parentale d\u00e9l\u00e9gu\u00e9s \u00e0 son ex-partenaire.<\/p>\n<h3>L&rsquo;objet du litige<\/h3>\n<p style=\"font-weight: 400;\">La m\u00e8re consid\u00e8re effectivement que, pour \u00eatre valable, la d\u00e9l\u00e9gation de l\u2019autorit\u00e9 parentale suppose qu\u2019il y ait une union stable et continue entre le parent \u00ab\u00a0d\u00e9l\u00e9guant\u00a0\u00bb et l\u2019autre parent \u00e0 qui une partie de l\u2019autorit\u00e9 parentale est transf\u00e9r\u00e9e. Or, parce qu\u2019elles ont rompu, le crit\u00e8re d\u2019union stable et continue n\u2019est plus rempli. D\u00e8s lors, elle estime que le partage d\u2019autorit\u00e9 parentale doit prendre fin.<\/p>\n<h3>Le verdict<\/h3>\n<p style=\"font-weight: 400;\">Mais dans l\u2019int\u00e9r\u00eat de l\u2019enfant, le juge refuse. Il rel\u00e8ve, d\u2019une part, que la volont\u00e9 de la m\u00e8re de mettre fin au partage de l\u2019autorit\u00e9 parentale est exclusivement inspir\u00e9e par des consid\u00e9rations d\u2019ordre personnel et, d\u2019autre part, que son ex-partenaire a particip\u00e9 aux choix de vie de l\u2019enfant d\u00e8s sa naissance et maintenu un lien avec lui depuis la s\u00e9paration.<\/p>\n<blockquote>\n<p><em><i>Source : Arr\u00eat de la Cour de cassation, 1\u00e8re chambre civile, du 4 janvier 2017, n\u00b0 15-28230<\/i><\/em><\/p>\n<\/blockquote>\n\n\n<p class=\"has-small-font-size\">En partenariat avec Weblex<\/p>\n","protected":false},"excerpt":{"rendered":"<p>C\u2019est l\u2019histoire d\u2019un couple qui se s\u00e9pare et dont l\u2019un r\u00e9clame la fin du partage de l\u2019autorit\u00e9 parentale\u2026 Une femme a eu un enfant avec sa partenaire de Pacs \u00e0 qui elle a d\u00e9l\u00e9gu\u00e9 une partie de son autorit\u00e9 parentale. Mais suite \u00e0 leur rupture, elle demande la restitution des droits d\u2019autorit\u00e9 parentale d\u00e9l\u00e9gu\u00e9s \u00e0 [&hellip;]<\/p>\n","protected":false},"author":2,"featured_media":17999,"comment_status":"open","ping_status":"closed","sticky":false,"template":"","format":"standard","meta":{"footnotes":""},"categories":[2],"tags":[3,78,4,79,7,80,9],"class_list":["post-3445","post","type-post","status-publish","format-standard","has-post-thumbnail","hentry","category-larret-du-jour","tag-arret-du-jour","tag-autorite-parentale","tag-avocat","tag-couple","tag-litige","tag-separation","tag-verdict"],"yoast_head":"<!-- This site is optimized with the Yoast SEO plugin v27.4 - https:\/\/yoast.com\/product\/yoast-seo-wordpress\/ -->\n<title>L&#039;arr\u00eat du jour #44 Partage de l\u2019autorit\u00e9 parentale PACS - Le blog Avoloi<\/title>\n<meta name=\"robots\" content=\"index, follow, max-snippet:-1, max-image-preview:large, max-video-preview:-1\" \/>\n<link rel=\"canonical\" href=\"https:\/\/avoloi.fr\/blog\/partage-de-lautorite-parentale-pacs\/\" \/>\n<meta property=\"og:locale\" content=\"fr_FR\" \/>\n<meta property=\"og:type\" content=\"article\" \/>\n<meta property=\"og:title\" content=\"L&#039;arr\u00eat du jour #44 Partage de l\u2019autorit\u00e9 parentale PACS - Le blog Avoloi\" \/>\n<meta property=\"og:description\" content=\"C\u2019est l\u2019histoire d\u2019un couple qui se s\u00e9pare et dont l\u2019un r\u00e9clame la fin du partage de l\u2019autorit\u00e9 parentale\u2026 Une femme a eu un enfant avec sa partenaire de Pacs \u00e0 qui elle a d\u00e9l\u00e9gu\u00e9 une partie de son autorit\u00e9 parentale. Mais suite \u00e0 leur rupture, elle demande la restitution des droits d\u2019autorit\u00e9 parentale d\u00e9l\u00e9gu\u00e9s \u00e0 [&hellip;]\" \/>\n<meta property=\"og:url\" content=\"https:\/\/avoloi.fr\/blog\/partage-de-lautorite-parentale-pacs\/\" \/>\n<meta property=\"og:site_name\" content=\"Le blog Avoloi\" \/>\n<meta property=\"article:publisher\" content=\"https:\/\/fr-fr.facebook.com\/avoloi\/\" \/>\n<meta property=\"article:published_time\" content=\"2017-02-10T08:21:03+00:00\" \/>\n<meta property=\"og:image\" content=\"https:\/\/avoloi.fr\/blog\/wp-content\/uploads\/2017\/02\/ADJ-44-partage-de-lautorite-parentale-pacs.jpg\" \/>\n\t<meta property=\"og:image:width\" content=\"800\" \/>\n\t<meta property=\"og:image:height\" content=\"600\" \/>\n\t<meta property=\"og:image:type\" content=\"image\/jpeg\" \/>\n<meta name=\"author\" content=\"Avoloi\" \/>\n<meta name=\"twitter:card\" content=\"summary_large_image\" \/>\n<meta name=\"twitter:creator\" content=\"@avoloi\" \/>\n<meta name=\"twitter:site\" content=\"@avoloi\" \/>\n<meta name=\"twitter:label1\" content=\"\u00c9crit par\" \/>\n\t<meta name=\"twitter:data1\" content=\"Avoloi\" \/>\n\t<meta name=\"twitter:label2\" content=\"Dur\u00e9e de lecture estim\u00e9e\" \/>\n\t<meta name=\"twitter:data2\" content=\"1 minute\" \/>\n<script type=\"application\/ld+json\" class=\"yoast-schema-graph\">{\"@context\":\"https:\\\/\\\/schema.org\",\"@graph\":[{\"@type\":\"Article\",\"@id\":\"https:\\\/\\\/avoloi.fr\\\/blog\\\/partage-de-lautorite-parentale-pacs\\\/#article\",\"isPartOf\":{\"@id\":\"https:\\\/\\\/avoloi.fr\\\/blog\\\/partage-de-lautorite-parentale-pacs\\\/\"},\"author\":{\"name\":\"Avoloi\",\"@id\":\"https:\\\/\\\/avoloi.fr\\\/blog\\\/#\\\/schema\\\/person\\\/23b73188a8a805006f016e2a3cb617b1\"},\"headline\":\"L&rsquo;arr\u00eat du jour #44 Partage de l\u2019autorit\u00e9 parentale PACS\",\"datePublished\":\"2017-02-10T08:21:03+00:00\",\"mainEntityOfPage\":{\"@id\":\"https:\\\/\\\/avoloi.fr\\\/blog\\\/partage-de-lautorite-parentale-pacs\\\/\"},\"wordCount\":259,\"commentCount\":0,\"publisher\":{\"@id\":\"https:\\\/\\\/avoloi.fr\\\/blog\\\/#organization\"},\"image\":{\"@id\":\"https:\\\/\\\/avoloi.fr\\\/blog\\\/partage-de-lautorite-parentale-pacs\\\/#primaryimage\"},\"thumbnailUrl\":\"https:\\\/\\\/avoloi.fr\\\/blog\\\/wp-content\\\/uploads\\\/2017\\\/02\\\/ADJ-44-partage-de-lautorite-parentale-pacs.jpg\",\"keywords\":[\"arr\u00eat du jour\",\"autorit\u00e9 parentale\",\"avocat\",\"couple\",\"litige\",\"s\u00e9paration\",\"verdict\"],\"articleSection\":[\"L\u2019arr\u00eat du jour\"],\"inLanguage\":\"fr-FR\",\"potentialAction\":[{\"@type\":\"CommentAction\",\"name\":\"Comment\",\"target\":[\"https:\\\/\\\/avoloi.fr\\\/blog\\\/partage-de-lautorite-parentale-pacs\\\/#respond\"]}]},{\"@type\":\"WebPage\",\"@id\":\"https:\\\/\\\/avoloi.fr\\\/blog\\\/partage-de-lautorite-parentale-pacs\\\/\",\"url\":\"https:\\\/\\\/avoloi.fr\\\/blog\\\/partage-de-lautorite-parentale-pacs\\\/\",\"name\":\"L'arr\u00eat du jour #44 Partage de l\u2019autorit\u00e9 parentale PACS - Le blog Avoloi\",\"isPartOf\":{\"@id\":\"https:\\\/\\\/avoloi.fr\\\/blog\\\/#website\"},\"primaryImageOfPage\":{\"@id\":\"https:\\\/\\\/avoloi.fr\\\/blog\\\/partage-de-lautorite-parentale-pacs\\\/#primaryimage\"},\"image\":{\"@id\":\"https:\\\/\\\/avoloi.fr\\\/blog\\\/partage-de-lautorite-parentale-pacs\\\/#primaryimage\"},\"thumbnailUrl\":\"https:\\\/\\\/avoloi.fr\\\/blog\\\/wp-content\\\/uploads\\\/2017\\\/02\\\/ADJ-44-partage-de-lautorite-parentale-pacs.jpg\",\"datePublished\":\"2017-02-10T08:21:03+00:00\",\"breadcrumb\":{\"@id\":\"https:\\\/\\\/avoloi.fr\\\/blog\\\/partage-de-lautorite-parentale-pacs\\\/#breadcrumb\"},\"inLanguage\":\"fr-FR\",\"potentialAction\":[{\"@type\":\"ReadAction\",\"target\":[\"https:\\\/\\\/avoloi.fr\\\/blog\\\/partage-de-lautorite-parentale-pacs\\\/\"]}]},{\"@type\":\"ImageObject\",\"inLanguage\":\"fr-FR\",\"@id\":\"https:\\\/\\\/avoloi.fr\\\/blog\\\/partage-de-lautorite-parentale-pacs\\\/#primaryimage\",\"url\":\"https:\\\/\\\/avoloi.fr\\\/blog\\\/wp-content\\\/uploads\\\/2017\\\/02\\\/ADJ-44-partage-de-lautorite-parentale-pacs.jpg\",\"contentUrl\":\"https:\\\/\\\/avoloi.fr\\\/blog\\\/wp-content\\\/uploads\\\/2017\\\/02\\\/ADJ-44-partage-de-lautorite-parentale-pacs.jpg\",\"width\":800,\"height\":600},{\"@type\":\"BreadcrumbList\",\"@id\":\"https:\\\/\\\/avoloi.fr\\\/blog\\\/partage-de-lautorite-parentale-pacs\\\/#breadcrumb\",\"itemListElement\":[{\"@type\":\"ListItem\",\"position\":1,\"name\":\"Accueil\",\"item\":\"https:\\\/\\\/avoloi.fr\\\/blog\\\/\"},{\"@type\":\"ListItem\",\"position\":2,\"name\":\"L&rsquo;arr\u00eat du jour #44 Partage de l\u2019autorit\u00e9 parentale PACS\"}]},{\"@type\":\"WebSite\",\"@id\":\"https:\\\/\\\/avoloi.fr\\\/blog\\\/#website\",\"url\":\"https:\\\/\\\/avoloi.fr\\\/blog\\\/\",\"name\":\"Le blog Avoloi\",\"description\":\"\",\"publisher\":{\"@id\":\"https:\\\/\\\/avoloi.fr\\\/blog\\\/#organization\"},\"potentialAction\":[{\"@type\":\"SearchAction\",\"target\":{\"@type\":\"EntryPoint\",\"urlTemplate\":\"https:\\\/\\\/avoloi.fr\\\/blog\\\/?s={search_term_string}\"},\"query-input\":{\"@type\":\"PropertyValueSpecification\",\"valueRequired\":true,\"valueName\":\"search_term_string\"}}],\"inLanguage\":\"fr-FR\"},{\"@type\":\"Organization\",\"@id\":\"https:\\\/\\\/avoloi.fr\\\/blog\\\/#organization\",\"name\":\"Avoloi\",\"url\":\"https:\\\/\\\/avoloi.fr\\\/blog\\\/\",\"logo\":{\"@type\":\"ImageObject\",\"inLanguage\":\"fr-FR\",\"@id\":\"https:\\\/\\\/avoloi.fr\\\/blog\\\/#\\\/schema\\\/logo\\\/image\\\/\",\"url\":\"https:\\\/\\\/avoloi.fr\\\/blog\\\/wp-content\\\/uploads\\\/2022\\\/06\\\/avoloi_726x172.png\",\"contentUrl\":\"https:\\\/\\\/avoloi.fr\\\/blog\\\/wp-content\\\/uploads\\\/2022\\\/06\\\/avoloi_726x172.png\",\"width\":726,\"height\":172,\"caption\":\"Avoloi\"},\"image\":{\"@id\":\"https:\\\/\\\/avoloi.fr\\\/blog\\\/#\\\/schema\\\/logo\\\/image\\\/\"},\"sameAs\":[\"https:\\\/\\\/fr-fr.facebook.com\\\/avoloi\\\/\",\"https:\\\/\\\/x.com\\\/avoloi\",\"https:\\\/\\\/www.linkedin.com\\\/company\\\/11097274\\\/\",\"https:\\\/\\\/www.instagram.com\\\/avoloi\\\/\"]},{\"@type\":\"Person\",\"@id\":\"https:\\\/\\\/avoloi.fr\\\/blog\\\/#\\\/schema\\\/person\\\/23b73188a8a805006f016e2a3cb617b1\",\"name\":\"Avoloi\",\"image\":{\"@type\":\"ImageObject\",\"inLanguage\":\"fr-FR\",\"@id\":\"https:\\\/\\\/secure.gravatar.com\\\/avatar\\\/2ec2e99d2d37d9499d05c0d8442d636f63a751b8a8c16870416ac671c571f81d?s=96&d=mm&r=g\",\"url\":\"https:\\\/\\\/secure.gravatar.com\\\/avatar\\\/2ec2e99d2d37d9499d05c0d8442d636f63a751b8a8c16870416ac671c571f81d?s=96&d=mm&r=g\",\"contentUrl\":\"https:\\\/\\\/secure.gravatar.com\\\/avatar\\\/2ec2e99d2d37d9499d05c0d8442d636f63a751b8a8c16870416ac671c571f81d?s=96&d=mm&r=g\",\"caption\":\"Avoloi\"}}]}<\/script>\n<!-- \/ Yoast SEO plugin. -->","yoast_head_json":{"title":"L'arr\u00eat du jour #44 Partage de l\u2019autorit\u00e9 parentale PACS - Le blog Avoloi","robots":{"index":"index","follow":"follow","max-snippet":"max-snippet:-1","max-image-preview":"max-image-preview:large","max-video-preview":"max-video-preview:-1"},"canonical":"https:\/\/avoloi.fr\/blog\/partage-de-lautorite-parentale-pacs\/","og_locale":"fr_FR","og_type":"article","og_title":"L'arr\u00eat du jour #44 Partage de l\u2019autorit\u00e9 parentale PACS - Le blog Avoloi","og_description":"C\u2019est l\u2019histoire d\u2019un couple qui se s\u00e9pare et dont l\u2019un r\u00e9clame la fin du partage de l\u2019autorit\u00e9 parentale\u2026 Une femme a eu un enfant avec sa partenaire de Pacs \u00e0 qui elle a d\u00e9l\u00e9gu\u00e9 une partie de son autorit\u00e9 parentale. Mais suite \u00e0 leur rupture, elle demande la restitution des droits d\u2019autorit\u00e9 parentale d\u00e9l\u00e9gu\u00e9s \u00e0 [&hellip;]","og_url":"https:\/\/avoloi.fr\/blog\/partage-de-lautorite-parentale-pacs\/","og_site_name":"Le blog Avoloi","article_publisher":"https:\/\/fr-fr.facebook.com\/avoloi\/","article_published_time":"2017-02-10T08:21:03+00:00","og_image":[{"width":800,"height":600,"url":"https:\/\/avoloi.fr\/blog\/wp-content\/uploads\/2017\/02\/ADJ-44-partage-de-lautorite-parentale-pacs.jpg","type":"image\/jpeg"}],"author":"Avoloi","twitter_card":"summary_large_image","twitter_creator":"@avoloi","twitter_site":"@avoloi","twitter_misc":{"\u00c9crit par":"Avoloi","Dur\u00e9e de lecture estim\u00e9e":"1 minute"},"schema":{"@context":"https:\/\/schema.org","@graph":[{"@type":"Article","@id":"https:\/\/avoloi.fr\/blog\/partage-de-lautorite-parentale-pacs\/#article","isPartOf":{"@id":"https:\/\/avoloi.fr\/blog\/partage-de-lautorite-parentale-pacs\/"},"author":{"name":"Avoloi","@id":"https:\/\/avoloi.fr\/blog\/#\/schema\/person\/23b73188a8a805006f016e2a3cb617b1"},"headline":"L&rsquo;arr\u00eat du jour #44 Partage de l\u2019autorit\u00e9 parentale PACS","datePublished":"2017-02-10T08:21:03+00:00","mainEntityOfPage":{"@id":"https:\/\/avoloi.fr\/blog\/partage-de-lautorite-parentale-pacs\/"},"wordCount":259,"commentCount":0,"publisher":{"@id":"https:\/\/avoloi.fr\/blog\/#organization"},"image":{"@id":"https:\/\/avoloi.fr\/blog\/partage-de-lautorite-parentale-pacs\/#primaryimage"},"thumbnailUrl":"https:\/\/avoloi.fr\/blog\/wp-content\/uploads\/2017\/02\/ADJ-44-partage-de-lautorite-parentale-pacs.jpg","keywords":["arr\u00eat du jour","autorit\u00e9 parentale","avocat","couple","litige","s\u00e9paration","verdict"],"articleSection":["L\u2019arr\u00eat du jour"],"inLanguage":"fr-FR","potentialAction":[{"@type":"CommentAction","name":"Comment","target":["https:\/\/avoloi.fr\/blog\/partage-de-lautorite-parentale-pacs\/#respond"]}]},{"@type":"WebPage","@id":"https:\/\/avoloi.fr\/blog\/partage-de-lautorite-parentale-pacs\/","url":"https:\/\/avoloi.fr\/blog\/partage-de-lautorite-parentale-pacs\/","name":"L'arr\u00eat du jour #44 Partage de l\u2019autorit\u00e9 parentale PACS - Le blog Avoloi","isPartOf":{"@id":"https:\/\/avoloi.fr\/blog\/#website"},"primaryImageOfPage":{"@id":"https:\/\/avoloi.fr\/blog\/partage-de-lautorite-parentale-pacs\/#primaryimage"},"image":{"@id":"https:\/\/avoloi.fr\/blog\/partage-de-lautorite-parentale-pacs\/#primaryimage"},"thumbnailUrl":"https:\/\/avoloi.fr\/blog\/wp-content\/uploads\/2017\/02\/ADJ-44-partage-de-lautorite-parentale-pacs.jpg","datePublished":"2017-02-10T08:21:03+00:00","breadcrumb":{"@id":"https:\/\/avoloi.fr\/blog\/partage-de-lautorite-parentale-pacs\/#breadcrumb"},"inLanguage":"fr-FR","potentialAction":[{"@type":"ReadAction","target":["https:\/\/avoloi.fr\/blog\/partage-de-lautorite-parentale-pacs\/"]}]},{"@type":"ImageObject","inLanguage":"fr-FR","@id":"https:\/\/avoloi.fr\/blog\/partage-de-lautorite-parentale-pacs\/#primaryimage","url":"https:\/\/avoloi.fr\/blog\/wp-content\/uploads\/2017\/02\/ADJ-44-partage-de-lautorite-parentale-pacs.jpg","contentUrl":"https:\/\/avoloi.fr\/blog\/wp-content\/uploads\/2017\/02\/ADJ-44-partage-de-lautorite-parentale-pacs.jpg","width":800,"height":600},{"@type":"BreadcrumbList","@id":"https:\/\/avoloi.fr\/blog\/partage-de-lautorite-parentale-pacs\/#breadcrumb","itemListElement":[{"@type":"ListItem","position":1,"name":"Accueil","item":"https:\/\/avoloi.fr\/blog\/"},{"@type":"ListItem","position":2,"name":"L&rsquo;arr\u00eat du jour #44 Partage de l\u2019autorit\u00e9 parentale PACS"}]},{"@type":"WebSite","@id":"https:\/\/avoloi.fr\/blog\/#website","url":"https:\/\/avoloi.fr\/blog\/","name":"Le blog Avoloi","description":"","publisher":{"@id":"https:\/\/avoloi.fr\/blog\/#organization"},"potentialAction":[{"@type":"SearchAction","target":{"@type":"EntryPoint","urlTemplate":"https:\/\/avoloi.fr\/blog\/?s={search_term_string}"},"query-input":{"@type":"PropertyValueSpecification","valueRequired":true,"valueName":"search_term_string"}}],"inLanguage":"fr-FR"},{"@type":"Organization","@id":"https:\/\/avoloi.fr\/blog\/#organization","name":"Avoloi","url":"https:\/\/avoloi.fr\/blog\/","logo":{"@type":"ImageObject","inLanguage":"fr-FR","@id":"https:\/\/avoloi.fr\/blog\/#\/schema\/logo\/image\/","url":"https:\/\/avoloi.fr\/blog\/wp-content\/uploads\/2022\/06\/avoloi_726x172.png","contentUrl":"https:\/\/avoloi.fr\/blog\/wp-content\/uploads\/2022\/06\/avoloi_726x172.png","width":726,"height":172,"caption":"Avoloi"},"image":{"@id":"https:\/\/avoloi.fr\/blog\/#\/schema\/logo\/image\/"},"sameAs":["https:\/\/fr-fr.facebook.com\/avoloi\/","https:\/\/x.com\/avoloi","https:\/\/www.linkedin.com\/company\/11097274\/","https:\/\/www.instagram.com\/avoloi\/"]},{"@type":"Person","@id":"https:\/\/avoloi.fr\/blog\/#\/schema\/person\/23b73188a8a805006f016e2a3cb617b1","name":"Avoloi","image":{"@type":"ImageObject","inLanguage":"fr-FR","@id":"https:\/\/secure.gravatar.com\/avatar\/2ec2e99d2d37d9499d05c0d8442d636f63a751b8a8c16870416ac671c571f81d?s=96&d=mm&r=g","url":"https:\/\/secure.gravatar.com\/avatar\/2ec2e99d2d37d9499d05c0d8442d636f63a751b8a8c16870416ac671c571f81d?s=96&d=mm&r=g","contentUrl":"https:\/\/secure.gravatar.com\/avatar\/2ec2e99d2d37d9499d05c0d8442d636f63a751b8a8c16870416ac671c571f81d?s=96&d=mm&r=g","caption":"Avoloi"}}]}},"_links":{"self":[{"href":"https:\/\/avoloi.fr\/blog\/wp-json\/wp\/v2\/posts\/3445","targetHints":{"allow":["GET"]}}],"collection":[{"href":"https:\/\/avoloi.fr\/blog\/wp-json\/wp\/v2\/posts"}],"about":[{"href":"https:\/\/avoloi.fr\/blog\/wp-json\/wp\/v2\/types\/post"}],"author":[{"embeddable":true,"href":"https:\/\/avoloi.fr\/blog\/wp-json\/wp\/v2\/users\/2"}],"replies":[{"embeddable":true,"href":"https:\/\/avoloi.fr\/blog\/wp-json\/wp\/v2\/comments?post=3445"}],"version-history":[{"count":0,"href":"https:\/\/avoloi.fr\/blog\/wp-json\/wp\/v2\/posts\/3445\/revisions"}],"wp:featuredmedia":[{"embeddable":true,"href":"https:\/\/avoloi.fr\/blog\/wp-json\/wp\/v2\/media\/17999"}],"wp:attachment":[{"href":"https:\/\/avoloi.fr\/blog\/wp-json\/wp\/v2\/media?parent=3445"}],"wp:term":[{"taxonomy":"category","embeddable":true,"href":"https:\/\/avoloi.fr\/blog\/wp-json\/wp\/v2\/categories?post=3445"},{"taxonomy":"post_tag","embeddable":true,"href":"https:\/\/avoloi.fr\/blog\/wp-json\/wp\/v2\/tags?post=3445"}],"curies":[{"name":"wp","href":"https:\/\/api.w.org\/{rel}","templated":true}]}}