{"id":3313,"date":"2017-07-07T17:12:36","date_gmt":"2017-07-07T15:12:36","guid":{"rendered":"http:\/\/www.avordv.fr\/?p=3313"},"modified":"2017-07-07T17:12:36","modified_gmt":"2017-07-07T15:12:36","slug":"baisse-de-la-prestation-compensatoire","status":"publish","type":"post","link":"https:\/\/avoloi.fr\/blog\/baisse-de-la-prestation-compensatoire\/","title":{"rendered":"L&rsquo;arr\u00eat du jour #65 Baisse de la prestation compensatoire"},"content":{"rendered":"<h2><b>C\u2019est l\u2019histoire d\u2019une femme dont l\u2019ex-\u00e9poux sollicite une diminution de la prestation compensatoire\u2026<\/b><\/h2>\n<p>Suite \u00e0 leur divorce, un ex-\u00e9poux est condamn\u00e9 \u00e0 payer \u00e0 son ex-\u00e9pouse une prestation compensatoire prenant la forme d\u2019une rente viag\u00e8re de 1\u00a0000 \u20ac\/mois. 12 ans plus tard, il estime que ce montant est trop important pour ses finances et r\u00e9clame une diminution de la rente \u00e0 600 \u20ac\/mois\u2026<\/p>\n<h3>L&rsquo;objet du litige<\/h3>\n<p>Ce que refuse son ex-\u00e9pouse : lors du divorce, son ex-\u00e9poux gagnait 5 350 \u20ac\/mois. Or, celui-ci per\u00e7oit d\u00e9sormais une pension retraire de 5 076\u00a0\u20ac\/mois. Pour elle, les ressources de son ex-\u00e9poux \u00e9tant similaires, la prestation compensatoire ne doit pas \u00eatre diminu\u00e9e. Ce que conteste son ex-\u00e9poux : il rappelle que sa soci\u00e9t\u00e9 a \u00e9t\u00e9 liquid\u00e9e et qu\u2019en qualit\u00e9 de caution des dettes de celle-ci, sa responsabilit\u00e9 a \u00e9t\u00e9 engag\u00e9e par les\u00a0cr\u00e9anciers de la soci\u00e9t\u00e9. Ce qui justifie, selon lui, une baisse de la prestation compensatoire\u2026<\/p>\n<h3>Le verdict<\/h3>\n<p>\u2026 \u00e0 raison pour le juge ! Les dettes que l\u2019ex-\u00e9poux est tenu de rembourser justifient que la prestation compensatoire soit abaiss\u00e9e \u00e0 600 \u20ac\/mois,\u00a0m\u00eame si sa r\u00e9mun\u00e9ration n\u2019a pas chang\u00e9.<\/p>\n<blockquote>\n<p><em><i>Source : Arr\u00eat de la Cour de cassation, 1\u00e8re chambre civile, du 15 juin 2017, n\u00b0 15-28076<\/i><\/em><\/p>\n<\/blockquote>\n\n\n<p class=\"has-small-font-size\">En partenariat avec Weblex<\/p>\n","protected":false},"excerpt":{"rendered":"<p>C\u2019est l\u2019histoire d\u2019une femme dont l\u2019ex-\u00e9poux sollicite une diminution de la prestation compensatoire\u2026 Suite \u00e0 leur divorce, un ex-\u00e9poux est condamn\u00e9 \u00e0 payer \u00e0 son ex-\u00e9pouse une prestation compensatoire prenant la forme d\u2019une rente viag\u00e8re de 1\u00a0000 \u20ac\/mois. 12 ans plus tard, il estime que ce montant est trop important pour ses finances et r\u00e9clame [&hellip;]<\/p>\n","protected":false},"author":2,"featured_media":17944,"comment_status":"open","ping_status":"closed","sticky":false,"template":"","format":"standard","meta":{"footnotes":""},"categories":[2],"tags":[3,4,64,7,65,119,9],"class_list":["post-3313","post","type-post","status-publish","format-standard","has-post-thumbnail","hentry","category-larret-du-jour","tag-arret-du-jour","tag-avocat","tag-divorce","tag-litige","tag-prestation-compensatoire","tag-rente","tag-verdict"],"yoast_head":"<!-- This site is optimized with the Yoast SEO plugin v27.4 - https:\/\/yoast.com\/product\/yoast-seo-wordpress\/ -->\n<title>L&#039;arr\u00eat du jour #65 Baisse de la prestation compensatoire - Le blog Avoloi<\/title>\n<meta name=\"robots\" content=\"index, follow, max-snippet:-1, max-image-preview:large, max-video-preview:-1\" \/>\n<link rel=\"canonical\" href=\"https:\/\/avoloi.fr\/blog\/baisse-de-la-prestation-compensatoire\/\" \/>\n<meta property=\"og:locale\" content=\"fr_FR\" \/>\n<meta property=\"og:type\" content=\"article\" \/>\n<meta property=\"og:title\" content=\"L&#039;arr\u00eat du jour #65 Baisse de la prestation compensatoire - Le blog Avoloi\" \/>\n<meta property=\"og:description\" content=\"C\u2019est l\u2019histoire d\u2019une femme dont l\u2019ex-\u00e9poux sollicite une diminution de la prestation compensatoire\u2026 Suite \u00e0 leur divorce, un ex-\u00e9poux est condamn\u00e9 \u00e0 payer \u00e0 son ex-\u00e9pouse une prestation compensatoire prenant la forme d\u2019une rente viag\u00e8re de 1\u00a0000 \u20ac\/mois. 12 ans plus tard, il estime que ce montant est trop important pour ses finances et r\u00e9clame [&hellip;]\" \/>\n<meta property=\"og:url\" content=\"https:\/\/avoloi.fr\/blog\/baisse-de-la-prestation-compensatoire\/\" \/>\n<meta property=\"og:site_name\" content=\"Le blog Avoloi\" \/>\n<meta property=\"article:publisher\" content=\"https:\/\/fr-fr.facebook.com\/avoloi\/\" \/>\n<meta property=\"article:published_time\" content=\"2017-07-07T15:12:36+00:00\" \/>\n<meta property=\"og:image\" content=\"https:\/\/avoloi.fr\/blog\/wp-content\/uploads\/2017\/07\/ADJ-65-Diminution-Prestation-compensatoire.jpg\" \/>\n\t<meta property=\"og:image:width\" content=\"818\" \/>\n\t<meta property=\"og:image:height\" content=\"614\" \/>\n\t<meta property=\"og:image:type\" content=\"image\/jpeg\" \/>\n<meta name=\"author\" content=\"Avoloi\" \/>\n<meta name=\"twitter:card\" content=\"summary_large_image\" \/>\n<meta name=\"twitter:creator\" content=\"@avoloi\" \/>\n<meta name=\"twitter:site\" content=\"@avoloi\" \/>\n<meta name=\"twitter:label1\" content=\"\u00c9crit par\" \/>\n\t<meta name=\"twitter:data1\" content=\"Avoloi\" \/>\n\t<meta name=\"twitter:label2\" content=\"Dur\u00e9e de lecture estim\u00e9e\" \/>\n\t<meta name=\"twitter:data2\" content=\"1 minute\" \/>\n<script type=\"application\/ld+json\" class=\"yoast-schema-graph\">{\"@context\":\"https:\\\/\\\/schema.org\",\"@graph\":[{\"@type\":\"Article\",\"@id\":\"https:\\\/\\\/avoloi.fr\\\/blog\\\/baisse-de-la-prestation-compensatoire\\\/#article\",\"isPartOf\":{\"@id\":\"https:\\\/\\\/avoloi.fr\\\/blog\\\/baisse-de-la-prestation-compensatoire\\\/\"},\"author\":{\"name\":\"Avoloi\",\"@id\":\"https:\\\/\\\/avoloi.fr\\\/blog\\\/#\\\/schema\\\/person\\\/23b73188a8a805006f016e2a3cb617b1\"},\"headline\":\"L&rsquo;arr\u00eat du jour #65 Baisse de la prestation compensatoire\",\"datePublished\":\"2017-07-07T15:12:36+00:00\",\"mainEntityOfPage\":{\"@id\":\"https:\\\/\\\/avoloi.fr\\\/blog\\\/baisse-de-la-prestation-compensatoire\\\/\"},\"wordCount\":230,\"commentCount\":0,\"publisher\":{\"@id\":\"https:\\\/\\\/avoloi.fr\\\/blog\\\/#organization\"},\"image\":{\"@id\":\"https:\\\/\\\/avoloi.fr\\\/blog\\\/baisse-de-la-prestation-compensatoire\\\/#primaryimage\"},\"thumbnailUrl\":\"https:\\\/\\\/avoloi.fr\\\/blog\\\/wp-content\\\/uploads\\\/2017\\\/07\\\/ADJ-65-Diminution-Prestation-compensatoire.jpg\",\"keywords\":[\"arr\u00eat du jour\",\"avocat\",\"divorce\",\"litige\",\"prestation compensatoire\",\"rente\",\"verdict\"],\"articleSection\":[\"L\u2019arr\u00eat du jour\"],\"inLanguage\":\"fr-FR\",\"potentialAction\":[{\"@type\":\"CommentAction\",\"name\":\"Comment\",\"target\":[\"https:\\\/\\\/avoloi.fr\\\/blog\\\/baisse-de-la-prestation-compensatoire\\\/#respond\"]}]},{\"@type\":\"WebPage\",\"@id\":\"https:\\\/\\\/avoloi.fr\\\/blog\\\/baisse-de-la-prestation-compensatoire\\\/\",\"url\":\"https:\\\/\\\/avoloi.fr\\\/blog\\\/baisse-de-la-prestation-compensatoire\\\/\",\"name\":\"L'arr\u00eat du jour #65 Baisse de la prestation compensatoire - Le blog Avoloi\",\"isPartOf\":{\"@id\":\"https:\\\/\\\/avoloi.fr\\\/blog\\\/#website\"},\"primaryImageOfPage\":{\"@id\":\"https:\\\/\\\/avoloi.fr\\\/blog\\\/baisse-de-la-prestation-compensatoire\\\/#primaryimage\"},\"image\":{\"@id\":\"https:\\\/\\\/avoloi.fr\\\/blog\\\/baisse-de-la-prestation-compensatoire\\\/#primaryimage\"},\"thumbnailUrl\":\"https:\\\/\\\/avoloi.fr\\\/blog\\\/wp-content\\\/uploads\\\/2017\\\/07\\\/ADJ-65-Diminution-Prestation-compensatoire.jpg\",\"datePublished\":\"2017-07-07T15:12:36+00:00\",\"breadcrumb\":{\"@id\":\"https:\\\/\\\/avoloi.fr\\\/blog\\\/baisse-de-la-prestation-compensatoire\\\/#breadcrumb\"},\"inLanguage\":\"fr-FR\",\"potentialAction\":[{\"@type\":\"ReadAction\",\"target\":[\"https:\\\/\\\/avoloi.fr\\\/blog\\\/baisse-de-la-prestation-compensatoire\\\/\"]}]},{\"@type\":\"ImageObject\",\"inLanguage\":\"fr-FR\",\"@id\":\"https:\\\/\\\/avoloi.fr\\\/blog\\\/baisse-de-la-prestation-compensatoire\\\/#primaryimage\",\"url\":\"https:\\\/\\\/avoloi.fr\\\/blog\\\/wp-content\\\/uploads\\\/2017\\\/07\\\/ADJ-65-Diminution-Prestation-compensatoire.jpg\",\"contentUrl\":\"https:\\\/\\\/avoloi.fr\\\/blog\\\/wp-content\\\/uploads\\\/2017\\\/07\\\/ADJ-65-Diminution-Prestation-compensatoire.jpg\",\"width\":818,\"height\":614},{\"@type\":\"BreadcrumbList\",\"@id\":\"https:\\\/\\\/avoloi.fr\\\/blog\\\/baisse-de-la-prestation-compensatoire\\\/#breadcrumb\",\"itemListElement\":[{\"@type\":\"ListItem\",\"position\":1,\"name\":\"Accueil\",\"item\":\"https:\\\/\\\/avoloi.fr\\\/blog\\\/\"},{\"@type\":\"ListItem\",\"position\":2,\"name\":\"L&rsquo;arr\u00eat du jour #65 Baisse de la prestation compensatoire\"}]},{\"@type\":\"WebSite\",\"@id\":\"https:\\\/\\\/avoloi.fr\\\/blog\\\/#website\",\"url\":\"https:\\\/\\\/avoloi.fr\\\/blog\\\/\",\"name\":\"Le blog Avoloi\",\"description\":\"\",\"publisher\":{\"@id\":\"https:\\\/\\\/avoloi.fr\\\/blog\\\/#organization\"},\"potentialAction\":[{\"@type\":\"SearchAction\",\"target\":{\"@type\":\"EntryPoint\",\"urlTemplate\":\"https:\\\/\\\/avoloi.fr\\\/blog\\\/?s={search_term_string}\"},\"query-input\":{\"@type\":\"PropertyValueSpecification\",\"valueRequired\":true,\"valueName\":\"search_term_string\"}}],\"inLanguage\":\"fr-FR\"},{\"@type\":\"Organization\",\"@id\":\"https:\\\/\\\/avoloi.fr\\\/blog\\\/#organization\",\"name\":\"Avoloi\",\"url\":\"https:\\\/\\\/avoloi.fr\\\/blog\\\/\",\"logo\":{\"@type\":\"ImageObject\",\"inLanguage\":\"fr-FR\",\"@id\":\"https:\\\/\\\/avoloi.fr\\\/blog\\\/#\\\/schema\\\/logo\\\/image\\\/\",\"url\":\"https:\\\/\\\/avoloi.fr\\\/blog\\\/wp-content\\\/uploads\\\/2022\\\/06\\\/avoloi_726x172.png\",\"contentUrl\":\"https:\\\/\\\/avoloi.fr\\\/blog\\\/wp-content\\\/uploads\\\/2022\\\/06\\\/avoloi_726x172.png\",\"width\":726,\"height\":172,\"caption\":\"Avoloi\"},\"image\":{\"@id\":\"https:\\\/\\\/avoloi.fr\\\/blog\\\/#\\\/schema\\\/logo\\\/image\\\/\"},\"sameAs\":[\"https:\\\/\\\/fr-fr.facebook.com\\\/avoloi\\\/\",\"https:\\\/\\\/x.com\\\/avoloi\",\"https:\\\/\\\/www.linkedin.com\\\/company\\\/11097274\\\/\",\"https:\\\/\\\/www.instagram.com\\\/avoloi\\\/\"]},{\"@type\":\"Person\",\"@id\":\"https:\\\/\\\/avoloi.fr\\\/blog\\\/#\\\/schema\\\/person\\\/23b73188a8a805006f016e2a3cb617b1\",\"name\":\"Avoloi\",\"image\":{\"@type\":\"ImageObject\",\"inLanguage\":\"fr-FR\",\"@id\":\"https:\\\/\\\/secure.gravatar.com\\\/avatar\\\/2ec2e99d2d37d9499d05c0d8442d636f63a751b8a8c16870416ac671c571f81d?s=96&d=mm&r=g\",\"url\":\"https:\\\/\\\/secure.gravatar.com\\\/avatar\\\/2ec2e99d2d37d9499d05c0d8442d636f63a751b8a8c16870416ac671c571f81d?s=96&d=mm&r=g\",\"contentUrl\":\"https:\\\/\\\/secure.gravatar.com\\\/avatar\\\/2ec2e99d2d37d9499d05c0d8442d636f63a751b8a8c16870416ac671c571f81d?s=96&d=mm&r=g\",\"caption\":\"Avoloi\"}}]}<\/script>\n<!-- \/ Yoast SEO plugin. -->","yoast_head_json":{"title":"L'arr\u00eat du jour #65 Baisse de la prestation compensatoire - Le blog Avoloi","robots":{"index":"index","follow":"follow","max-snippet":"max-snippet:-1","max-image-preview":"max-image-preview:large","max-video-preview":"max-video-preview:-1"},"canonical":"https:\/\/avoloi.fr\/blog\/baisse-de-la-prestation-compensatoire\/","og_locale":"fr_FR","og_type":"article","og_title":"L'arr\u00eat du jour #65 Baisse de la prestation compensatoire - Le blog Avoloi","og_description":"C\u2019est l\u2019histoire d\u2019une femme dont l\u2019ex-\u00e9poux sollicite une diminution de la prestation compensatoire\u2026 Suite \u00e0 leur divorce, un ex-\u00e9poux est condamn\u00e9 \u00e0 payer \u00e0 son ex-\u00e9pouse une prestation compensatoire prenant la forme d\u2019une rente viag\u00e8re de 1\u00a0000 \u20ac\/mois. 12 ans plus tard, il estime que ce montant est trop important pour ses finances et r\u00e9clame [&hellip;]","og_url":"https:\/\/avoloi.fr\/blog\/baisse-de-la-prestation-compensatoire\/","og_site_name":"Le blog Avoloi","article_publisher":"https:\/\/fr-fr.facebook.com\/avoloi\/","article_published_time":"2017-07-07T15:12:36+00:00","og_image":[{"width":818,"height":614,"url":"https:\/\/avoloi.fr\/blog\/wp-content\/uploads\/2017\/07\/ADJ-65-Diminution-Prestation-compensatoire.jpg","type":"image\/jpeg"}],"author":"Avoloi","twitter_card":"summary_large_image","twitter_creator":"@avoloi","twitter_site":"@avoloi","twitter_misc":{"\u00c9crit par":"Avoloi","Dur\u00e9e de lecture estim\u00e9e":"1 minute"},"schema":{"@context":"https:\/\/schema.org","@graph":[{"@type":"Article","@id":"https:\/\/avoloi.fr\/blog\/baisse-de-la-prestation-compensatoire\/#article","isPartOf":{"@id":"https:\/\/avoloi.fr\/blog\/baisse-de-la-prestation-compensatoire\/"},"author":{"name":"Avoloi","@id":"https:\/\/avoloi.fr\/blog\/#\/schema\/person\/23b73188a8a805006f016e2a3cb617b1"},"headline":"L&rsquo;arr\u00eat du jour #65 Baisse de la prestation compensatoire","datePublished":"2017-07-07T15:12:36+00:00","mainEntityOfPage":{"@id":"https:\/\/avoloi.fr\/blog\/baisse-de-la-prestation-compensatoire\/"},"wordCount":230,"commentCount":0,"publisher":{"@id":"https:\/\/avoloi.fr\/blog\/#organization"},"image":{"@id":"https:\/\/avoloi.fr\/blog\/baisse-de-la-prestation-compensatoire\/#primaryimage"},"thumbnailUrl":"https:\/\/avoloi.fr\/blog\/wp-content\/uploads\/2017\/07\/ADJ-65-Diminution-Prestation-compensatoire.jpg","keywords":["arr\u00eat du jour","avocat","divorce","litige","prestation compensatoire","rente","verdict"],"articleSection":["L\u2019arr\u00eat du jour"],"inLanguage":"fr-FR","potentialAction":[{"@type":"CommentAction","name":"Comment","target":["https:\/\/avoloi.fr\/blog\/baisse-de-la-prestation-compensatoire\/#respond"]}]},{"@type":"WebPage","@id":"https:\/\/avoloi.fr\/blog\/baisse-de-la-prestation-compensatoire\/","url":"https:\/\/avoloi.fr\/blog\/baisse-de-la-prestation-compensatoire\/","name":"L'arr\u00eat du jour #65 Baisse de la prestation compensatoire - Le blog Avoloi","isPartOf":{"@id":"https:\/\/avoloi.fr\/blog\/#website"},"primaryImageOfPage":{"@id":"https:\/\/avoloi.fr\/blog\/baisse-de-la-prestation-compensatoire\/#primaryimage"},"image":{"@id":"https:\/\/avoloi.fr\/blog\/baisse-de-la-prestation-compensatoire\/#primaryimage"},"thumbnailUrl":"https:\/\/avoloi.fr\/blog\/wp-content\/uploads\/2017\/07\/ADJ-65-Diminution-Prestation-compensatoire.jpg","datePublished":"2017-07-07T15:12:36+00:00","breadcrumb":{"@id":"https:\/\/avoloi.fr\/blog\/baisse-de-la-prestation-compensatoire\/#breadcrumb"},"inLanguage":"fr-FR","potentialAction":[{"@type":"ReadAction","target":["https:\/\/avoloi.fr\/blog\/baisse-de-la-prestation-compensatoire\/"]}]},{"@type":"ImageObject","inLanguage":"fr-FR","@id":"https:\/\/avoloi.fr\/blog\/baisse-de-la-prestation-compensatoire\/#primaryimage","url":"https:\/\/avoloi.fr\/blog\/wp-content\/uploads\/2017\/07\/ADJ-65-Diminution-Prestation-compensatoire.jpg","contentUrl":"https:\/\/avoloi.fr\/blog\/wp-content\/uploads\/2017\/07\/ADJ-65-Diminution-Prestation-compensatoire.jpg","width":818,"height":614},{"@type":"BreadcrumbList","@id":"https:\/\/avoloi.fr\/blog\/baisse-de-la-prestation-compensatoire\/#breadcrumb","itemListElement":[{"@type":"ListItem","position":1,"name":"Accueil","item":"https:\/\/avoloi.fr\/blog\/"},{"@type":"ListItem","position":2,"name":"L&rsquo;arr\u00eat du jour #65 Baisse de la prestation compensatoire"}]},{"@type":"WebSite","@id":"https:\/\/avoloi.fr\/blog\/#website","url":"https:\/\/avoloi.fr\/blog\/","name":"Le blog Avoloi","description":"","publisher":{"@id":"https:\/\/avoloi.fr\/blog\/#organization"},"potentialAction":[{"@type":"SearchAction","target":{"@type":"EntryPoint","urlTemplate":"https:\/\/avoloi.fr\/blog\/?s={search_term_string}"},"query-input":{"@type":"PropertyValueSpecification","valueRequired":true,"valueName":"search_term_string"}}],"inLanguage":"fr-FR"},{"@type":"Organization","@id":"https:\/\/avoloi.fr\/blog\/#organization","name":"Avoloi","url":"https:\/\/avoloi.fr\/blog\/","logo":{"@type":"ImageObject","inLanguage":"fr-FR","@id":"https:\/\/avoloi.fr\/blog\/#\/schema\/logo\/image\/","url":"https:\/\/avoloi.fr\/blog\/wp-content\/uploads\/2022\/06\/avoloi_726x172.png","contentUrl":"https:\/\/avoloi.fr\/blog\/wp-content\/uploads\/2022\/06\/avoloi_726x172.png","width":726,"height":172,"caption":"Avoloi"},"image":{"@id":"https:\/\/avoloi.fr\/blog\/#\/schema\/logo\/image\/"},"sameAs":["https:\/\/fr-fr.facebook.com\/avoloi\/","https:\/\/x.com\/avoloi","https:\/\/www.linkedin.com\/company\/11097274\/","https:\/\/www.instagram.com\/avoloi\/"]},{"@type":"Person","@id":"https:\/\/avoloi.fr\/blog\/#\/schema\/person\/23b73188a8a805006f016e2a3cb617b1","name":"Avoloi","image":{"@type":"ImageObject","inLanguage":"fr-FR","@id":"https:\/\/secure.gravatar.com\/avatar\/2ec2e99d2d37d9499d05c0d8442d636f63a751b8a8c16870416ac671c571f81d?s=96&d=mm&r=g","url":"https:\/\/secure.gravatar.com\/avatar\/2ec2e99d2d37d9499d05c0d8442d636f63a751b8a8c16870416ac671c571f81d?s=96&d=mm&r=g","contentUrl":"https:\/\/secure.gravatar.com\/avatar\/2ec2e99d2d37d9499d05c0d8442d636f63a751b8a8c16870416ac671c571f81d?s=96&d=mm&r=g","caption":"Avoloi"}}]}},"_links":{"self":[{"href":"https:\/\/avoloi.fr\/blog\/wp-json\/wp\/v2\/posts\/3313","targetHints":{"allow":["GET"]}}],"collection":[{"href":"https:\/\/avoloi.fr\/blog\/wp-json\/wp\/v2\/posts"}],"about":[{"href":"https:\/\/avoloi.fr\/blog\/wp-json\/wp\/v2\/types\/post"}],"author":[{"embeddable":true,"href":"https:\/\/avoloi.fr\/blog\/wp-json\/wp\/v2\/users\/2"}],"replies":[{"embeddable":true,"href":"https:\/\/avoloi.fr\/blog\/wp-json\/wp\/v2\/comments?post=3313"}],"version-history":[{"count":0,"href":"https:\/\/avoloi.fr\/blog\/wp-json\/wp\/v2\/posts\/3313\/revisions"}],"wp:featuredmedia":[{"embeddable":true,"href":"https:\/\/avoloi.fr\/blog\/wp-json\/wp\/v2\/media\/17944"}],"wp:attachment":[{"href":"https:\/\/avoloi.fr\/blog\/wp-json\/wp\/v2\/media?parent=3313"}],"wp:term":[{"taxonomy":"category","embeddable":true,"href":"https:\/\/avoloi.fr\/blog\/wp-json\/wp\/v2\/categories?post=3313"},{"taxonomy":"post_tag","embeddable":true,"href":"https:\/\/avoloi.fr\/blog\/wp-json\/wp\/v2\/tags?post=3313"}],"curies":[{"name":"wp","href":"https:\/\/api.w.org\/{rel}","templated":true}]}}