{"id":3292,"date":"2017-07-28T14:36:45","date_gmt":"2017-07-28T12:36:45","guid":{"rendered":"http:\/\/www.avordv.fr\/?p=3292"},"modified":"2017-07-28T14:36:45","modified_gmt":"2017-07-28T12:36:45","slug":"qui-doit-payer-le-salaire-de-lassistante-de-vie","status":"publish","type":"post","link":"https:\/\/avoloi.fr\/blog\/qui-doit-payer-le-salaire-de-lassistante-de-vie\/","title":{"rendered":"L&rsquo;arr\u00eat du jour #68 Qui doit payer le salaire de l&rsquo;assistante de vie ?"},"content":{"rendered":"<h2><b><i>C\u2019est l\u2019histoire d\u2019une auxiliaire de vie qui r\u00e9clame au fils de son employeur le paiement de son salaire\u2026<\/i><\/b><\/h2>\n<p>Une personne \u00e2g\u00e9e, qui emploie une auxiliaire de vie, d\u00e9c\u00e8de au cours du mois de juin. Parce qu\u2019elle n\u2019a pas \u00e9t\u00e9 r\u00e9mun\u00e9r\u00e9e pour les\u00a0jours\u00a0travaill\u00e9s en juin, son auxiliaire de vie r\u00e9clame le paiement de son salaire au fils de son employeur, ainsi que des indemnit\u00e9s de\u00a0licenciement.<\/p>\n<h3>L&rsquo;objet du litige<\/h3>\n<p>Ce que refuse ce dernier : les sommes r\u00e9clam\u00e9es par l\u2019auxiliaire de vie sont des dettes de son p\u00e8re et donc, du fait de son d\u00e9c\u00e8s, des\u00a0dettes de la\u00a0succession. Or, ayant renonc\u00e9 \u00e0 celle-ci, le patrimoine de son p\u00e8re ne lui a pas \u00e9t\u00e9 transmis, dettes comprises. Ce que\u00a0conteste l\u2019auxiliaire de vie\u00a0: il a renonc\u00e9 \u00e0 la succession de son p\u00e8re fin juillet, rappelle-t-elle. Or, les sommes r\u00e9clam\u00e9es \u00e9taient dues \u00e0\u00a0compter du mois de juin. N\u2019ayant\u00a0pas encore renonc\u00e9 \u00e0 la succession \u00e0 cette date, il est donc tenu, selon elle, de lui verser les sommes\u00a0r\u00e9clam\u00e9es\u2026<\/p>\n<h3>Le verdict<\/h3>\n<p>\u2026 \u00e0 tort pour juge : parce qu\u2019il a renonc\u00e9 \u00e0 la succession de son p\u00e8re, le fils de l\u2019employeur n\u2019a pas \u00e0 verser les sommes r\u00e9clam\u00e9es par\u00a0l\u2019auxiliaire\u00a0de vie.<\/p>\n<blockquote>\n<p><em><i>Source : Arr\u00eat de la Cour de cassation, chambre sociale, du 17 mai 2017, n\u00b0 15-27929<\/i><\/em><\/p>\n<\/blockquote>\n\n\n<p class=\"has-small-font-size\">En partenariat avec Weblex<\/p>\n","protected":false},"excerpt":{"rendered":"<p>C\u2019est l\u2019histoire d\u2019une auxiliaire de vie qui r\u00e9clame au fils de son employeur le paiement de son salaire\u2026 Une personne \u00e2g\u00e9e, qui emploie une auxiliaire de vie, d\u00e9c\u00e8de au cours du mois de juin. Parce qu\u2019elle n\u2019a pas \u00e9t\u00e9 r\u00e9mun\u00e9r\u00e9e pour les\u00a0jours\u00a0travaill\u00e9s en juin, son auxiliaire de vie r\u00e9clame le paiement de son salaire au [&hellip;]<\/p>\n","protected":false},"author":2,"featured_media":17937,"comment_status":"open","ping_status":"closed","sticky":false,"template":"","format":"standard","meta":{"footnotes":""},"categories":[2],"tags":[3,4,97,111,105,59,60,112,7,113,62,63,50,9],"class_list":["post-3292","post","type-post","status-publish","format-standard","has-post-thumbnail","hentry","category-larret-du-jour","tag-arret-du-jour","tag-avocat","tag-deces","tag-dettes","tag-employeur","tag-heritage","tag-heritier","tag-licenciement","tag-litige","tag-salaire","tag-successeur","tag-succession","tag-travail","tag-verdict"],"yoast_head":"<!-- This site is optimized with the Yoast SEO plugin v27.4 - https:\/\/yoast.com\/product\/yoast-seo-wordpress\/ -->\n<title>L&#039;arr\u00eat du jour #68 Qui doit payer le salaire de l&#039;assistante de vie ? - Le blog Avoloi<\/title>\n<meta name=\"robots\" content=\"index, follow, max-snippet:-1, max-image-preview:large, max-video-preview:-1\" \/>\n<link rel=\"canonical\" href=\"https:\/\/avoloi.fr\/blog\/qui-doit-payer-le-salaire-de-lassistante-de-vie\/\" \/>\n<meta property=\"og:locale\" content=\"fr_FR\" \/>\n<meta property=\"og:type\" content=\"article\" \/>\n<meta property=\"og:title\" content=\"L&#039;arr\u00eat du jour #68 Qui doit payer le salaire de l&#039;assistante de vie ? - Le blog Avoloi\" \/>\n<meta property=\"og:description\" content=\"C\u2019est l\u2019histoire d\u2019une auxiliaire de vie qui r\u00e9clame au fils de son employeur le paiement de son salaire\u2026 Une personne \u00e2g\u00e9e, qui emploie une auxiliaire de vie, d\u00e9c\u00e8de au cours du mois de juin. Parce qu\u2019elle n\u2019a pas \u00e9t\u00e9 r\u00e9mun\u00e9r\u00e9e pour les\u00a0jours\u00a0travaill\u00e9s en juin, son auxiliaire de vie r\u00e9clame le paiement de son salaire au [&hellip;]\" \/>\n<meta property=\"og:url\" content=\"https:\/\/avoloi.fr\/blog\/qui-doit-payer-le-salaire-de-lassistante-de-vie\/\" \/>\n<meta property=\"og:site_name\" content=\"Le blog Avoloi\" \/>\n<meta property=\"article:publisher\" content=\"https:\/\/fr-fr.facebook.com\/avoloi\/\" \/>\n<meta property=\"article:published_time\" content=\"2017-07-28T12:36:45+00:00\" \/>\n<meta property=\"og:image\" content=\"https:\/\/avoloi.fr\/blog\/wp-content\/uploads\/2017\/07\/ADJ-68-assistante-de-vie.jpg\" \/>\n\t<meta property=\"og:image:width\" content=\"800\" \/>\n\t<meta property=\"og:image:height\" content=\"600\" \/>\n\t<meta property=\"og:image:type\" content=\"image\/jpeg\" \/>\n<meta name=\"author\" content=\"Avoloi\" \/>\n<meta name=\"twitter:card\" content=\"summary_large_image\" \/>\n<meta name=\"twitter:creator\" content=\"@avoloi\" \/>\n<meta name=\"twitter:site\" content=\"@avoloi\" \/>\n<meta name=\"twitter:label1\" content=\"\u00c9crit par\" \/>\n\t<meta name=\"twitter:data1\" content=\"Avoloi\" \/>\n\t<meta name=\"twitter:label2\" content=\"Dur\u00e9e de lecture estim\u00e9e\" \/>\n\t<meta name=\"twitter:data2\" content=\"1 minute\" \/>\n<script type=\"application\/ld+json\" class=\"yoast-schema-graph\">{\"@context\":\"https:\\\/\\\/schema.org\",\"@graph\":[{\"@type\":\"Article\",\"@id\":\"https:\\\/\\\/avoloi.fr\\\/blog\\\/qui-doit-payer-le-salaire-de-lassistante-de-vie\\\/#article\",\"isPartOf\":{\"@id\":\"https:\\\/\\\/avoloi.fr\\\/blog\\\/qui-doit-payer-le-salaire-de-lassistante-de-vie\\\/\"},\"author\":{\"name\":\"Avoloi\",\"@id\":\"https:\\\/\\\/avoloi.fr\\\/blog\\\/#\\\/schema\\\/person\\\/23b73188a8a805006f016e2a3cb617b1\"},\"headline\":\"L&rsquo;arr\u00eat du jour #68 Qui doit payer le salaire de l&rsquo;assistante de vie ?\",\"datePublished\":\"2017-07-28T12:36:45+00:00\",\"mainEntityOfPage\":{\"@id\":\"https:\\\/\\\/avoloi.fr\\\/blog\\\/qui-doit-payer-le-salaire-de-lassistante-de-vie\\\/\"},\"wordCount\":263,\"commentCount\":0,\"publisher\":{\"@id\":\"https:\\\/\\\/avoloi.fr\\\/blog\\\/#organization\"},\"image\":{\"@id\":\"https:\\\/\\\/avoloi.fr\\\/blog\\\/qui-doit-payer-le-salaire-de-lassistante-de-vie\\\/#primaryimage\"},\"thumbnailUrl\":\"https:\\\/\\\/avoloi.fr\\\/blog\\\/wp-content\\\/uploads\\\/2017\\\/07\\\/ADJ-68-assistante-de-vie.jpg\",\"keywords\":[\"arr\u00eat du jour\",\"avocat\",\"d\u00e9c\u00e8s\",\"dettes\",\"employeur\",\"h\u00e9ritage\",\"h\u00e9ritier\",\"licenciement\",\"litige\",\"salaire\",\"successeur\",\"succession\",\"travail\",\"verdict\"],\"articleSection\":[\"L\u2019arr\u00eat du jour\"],\"inLanguage\":\"fr-FR\",\"potentialAction\":[{\"@type\":\"CommentAction\",\"name\":\"Comment\",\"target\":[\"https:\\\/\\\/avoloi.fr\\\/blog\\\/qui-doit-payer-le-salaire-de-lassistante-de-vie\\\/#respond\"]}]},{\"@type\":\"WebPage\",\"@id\":\"https:\\\/\\\/avoloi.fr\\\/blog\\\/qui-doit-payer-le-salaire-de-lassistante-de-vie\\\/\",\"url\":\"https:\\\/\\\/avoloi.fr\\\/blog\\\/qui-doit-payer-le-salaire-de-lassistante-de-vie\\\/\",\"name\":\"L'arr\u00eat du jour #68 Qui doit payer le salaire de l'assistante de vie ? - Le blog Avoloi\",\"isPartOf\":{\"@id\":\"https:\\\/\\\/avoloi.fr\\\/blog\\\/#website\"},\"primaryImageOfPage\":{\"@id\":\"https:\\\/\\\/avoloi.fr\\\/blog\\\/qui-doit-payer-le-salaire-de-lassistante-de-vie\\\/#primaryimage\"},\"image\":{\"@id\":\"https:\\\/\\\/avoloi.fr\\\/blog\\\/qui-doit-payer-le-salaire-de-lassistante-de-vie\\\/#primaryimage\"},\"thumbnailUrl\":\"https:\\\/\\\/avoloi.fr\\\/blog\\\/wp-content\\\/uploads\\\/2017\\\/07\\\/ADJ-68-assistante-de-vie.jpg\",\"datePublished\":\"2017-07-28T12:36:45+00:00\",\"breadcrumb\":{\"@id\":\"https:\\\/\\\/avoloi.fr\\\/blog\\\/qui-doit-payer-le-salaire-de-lassistante-de-vie\\\/#breadcrumb\"},\"inLanguage\":\"fr-FR\",\"potentialAction\":[{\"@type\":\"ReadAction\",\"target\":[\"https:\\\/\\\/avoloi.fr\\\/blog\\\/qui-doit-payer-le-salaire-de-lassistante-de-vie\\\/\"]}]},{\"@type\":\"ImageObject\",\"inLanguage\":\"fr-FR\",\"@id\":\"https:\\\/\\\/avoloi.fr\\\/blog\\\/qui-doit-payer-le-salaire-de-lassistante-de-vie\\\/#primaryimage\",\"url\":\"https:\\\/\\\/avoloi.fr\\\/blog\\\/wp-content\\\/uploads\\\/2017\\\/07\\\/ADJ-68-assistante-de-vie.jpg\",\"contentUrl\":\"https:\\\/\\\/avoloi.fr\\\/blog\\\/wp-content\\\/uploads\\\/2017\\\/07\\\/ADJ-68-assistante-de-vie.jpg\",\"width\":800,\"height\":600},{\"@type\":\"BreadcrumbList\",\"@id\":\"https:\\\/\\\/avoloi.fr\\\/blog\\\/qui-doit-payer-le-salaire-de-lassistante-de-vie\\\/#breadcrumb\",\"itemListElement\":[{\"@type\":\"ListItem\",\"position\":1,\"name\":\"Accueil\",\"item\":\"https:\\\/\\\/avoloi.fr\\\/blog\\\/\"},{\"@type\":\"ListItem\",\"position\":2,\"name\":\"L&rsquo;arr\u00eat du jour #68 Qui doit payer le salaire de l&rsquo;assistante de vie ?\"}]},{\"@type\":\"WebSite\",\"@id\":\"https:\\\/\\\/avoloi.fr\\\/blog\\\/#website\",\"url\":\"https:\\\/\\\/avoloi.fr\\\/blog\\\/\",\"name\":\"Le blog Avoloi\",\"description\":\"\",\"publisher\":{\"@id\":\"https:\\\/\\\/avoloi.fr\\\/blog\\\/#organization\"},\"potentialAction\":[{\"@type\":\"SearchAction\",\"target\":{\"@type\":\"EntryPoint\",\"urlTemplate\":\"https:\\\/\\\/avoloi.fr\\\/blog\\\/?s={search_term_string}\"},\"query-input\":{\"@type\":\"PropertyValueSpecification\",\"valueRequired\":true,\"valueName\":\"search_term_string\"}}],\"inLanguage\":\"fr-FR\"},{\"@type\":\"Organization\",\"@id\":\"https:\\\/\\\/avoloi.fr\\\/blog\\\/#organization\",\"name\":\"Avoloi\",\"url\":\"https:\\\/\\\/avoloi.fr\\\/blog\\\/\",\"logo\":{\"@type\":\"ImageObject\",\"inLanguage\":\"fr-FR\",\"@id\":\"https:\\\/\\\/avoloi.fr\\\/blog\\\/#\\\/schema\\\/logo\\\/image\\\/\",\"url\":\"https:\\\/\\\/avoloi.fr\\\/blog\\\/wp-content\\\/uploads\\\/2022\\\/06\\\/avoloi_726x172.png\",\"contentUrl\":\"https:\\\/\\\/avoloi.fr\\\/blog\\\/wp-content\\\/uploads\\\/2022\\\/06\\\/avoloi_726x172.png\",\"width\":726,\"height\":172,\"caption\":\"Avoloi\"},\"image\":{\"@id\":\"https:\\\/\\\/avoloi.fr\\\/blog\\\/#\\\/schema\\\/logo\\\/image\\\/\"},\"sameAs\":[\"https:\\\/\\\/fr-fr.facebook.com\\\/avoloi\\\/\",\"https:\\\/\\\/x.com\\\/avoloi\",\"https:\\\/\\\/www.linkedin.com\\\/company\\\/11097274\\\/\",\"https:\\\/\\\/www.instagram.com\\\/avoloi\\\/\"]},{\"@type\":\"Person\",\"@id\":\"https:\\\/\\\/avoloi.fr\\\/blog\\\/#\\\/schema\\\/person\\\/23b73188a8a805006f016e2a3cb617b1\",\"name\":\"Avoloi\",\"image\":{\"@type\":\"ImageObject\",\"inLanguage\":\"fr-FR\",\"@id\":\"https:\\\/\\\/secure.gravatar.com\\\/avatar\\\/2ec2e99d2d37d9499d05c0d8442d636f63a751b8a8c16870416ac671c571f81d?s=96&d=mm&r=g\",\"url\":\"https:\\\/\\\/secure.gravatar.com\\\/avatar\\\/2ec2e99d2d37d9499d05c0d8442d636f63a751b8a8c16870416ac671c571f81d?s=96&d=mm&r=g\",\"contentUrl\":\"https:\\\/\\\/secure.gravatar.com\\\/avatar\\\/2ec2e99d2d37d9499d05c0d8442d636f63a751b8a8c16870416ac671c571f81d?s=96&d=mm&r=g\",\"caption\":\"Avoloi\"}}]}<\/script>\n<!-- \/ Yoast SEO plugin. -->","yoast_head_json":{"title":"L'arr\u00eat du jour #68 Qui doit payer le salaire de l'assistante de vie ? - Le blog Avoloi","robots":{"index":"index","follow":"follow","max-snippet":"max-snippet:-1","max-image-preview":"max-image-preview:large","max-video-preview":"max-video-preview:-1"},"canonical":"https:\/\/avoloi.fr\/blog\/qui-doit-payer-le-salaire-de-lassistante-de-vie\/","og_locale":"fr_FR","og_type":"article","og_title":"L'arr\u00eat du jour #68 Qui doit payer le salaire de l'assistante de vie ? - Le blog Avoloi","og_description":"C\u2019est l\u2019histoire d\u2019une auxiliaire de vie qui r\u00e9clame au fils de son employeur le paiement de son salaire\u2026 Une personne \u00e2g\u00e9e, qui emploie une auxiliaire de vie, d\u00e9c\u00e8de au cours du mois de juin. Parce qu\u2019elle n\u2019a pas \u00e9t\u00e9 r\u00e9mun\u00e9r\u00e9e pour les\u00a0jours\u00a0travaill\u00e9s en juin, son auxiliaire de vie r\u00e9clame le paiement de son salaire au [&hellip;]","og_url":"https:\/\/avoloi.fr\/blog\/qui-doit-payer-le-salaire-de-lassistante-de-vie\/","og_site_name":"Le blog Avoloi","article_publisher":"https:\/\/fr-fr.facebook.com\/avoloi\/","article_published_time":"2017-07-28T12:36:45+00:00","og_image":[{"width":800,"height":600,"url":"https:\/\/avoloi.fr\/blog\/wp-content\/uploads\/2017\/07\/ADJ-68-assistante-de-vie.jpg","type":"image\/jpeg"}],"author":"Avoloi","twitter_card":"summary_large_image","twitter_creator":"@avoloi","twitter_site":"@avoloi","twitter_misc":{"\u00c9crit par":"Avoloi","Dur\u00e9e de lecture estim\u00e9e":"1 minute"},"schema":{"@context":"https:\/\/schema.org","@graph":[{"@type":"Article","@id":"https:\/\/avoloi.fr\/blog\/qui-doit-payer-le-salaire-de-lassistante-de-vie\/#article","isPartOf":{"@id":"https:\/\/avoloi.fr\/blog\/qui-doit-payer-le-salaire-de-lassistante-de-vie\/"},"author":{"name":"Avoloi","@id":"https:\/\/avoloi.fr\/blog\/#\/schema\/person\/23b73188a8a805006f016e2a3cb617b1"},"headline":"L&rsquo;arr\u00eat du jour #68 Qui doit payer le salaire de l&rsquo;assistante de vie ?","datePublished":"2017-07-28T12:36:45+00:00","mainEntityOfPage":{"@id":"https:\/\/avoloi.fr\/blog\/qui-doit-payer-le-salaire-de-lassistante-de-vie\/"},"wordCount":263,"commentCount":0,"publisher":{"@id":"https:\/\/avoloi.fr\/blog\/#organization"},"image":{"@id":"https:\/\/avoloi.fr\/blog\/qui-doit-payer-le-salaire-de-lassistante-de-vie\/#primaryimage"},"thumbnailUrl":"https:\/\/avoloi.fr\/blog\/wp-content\/uploads\/2017\/07\/ADJ-68-assistante-de-vie.jpg","keywords":["arr\u00eat du jour","avocat","d\u00e9c\u00e8s","dettes","employeur","h\u00e9ritage","h\u00e9ritier","licenciement","litige","salaire","successeur","succession","travail","verdict"],"articleSection":["L\u2019arr\u00eat du jour"],"inLanguage":"fr-FR","potentialAction":[{"@type":"CommentAction","name":"Comment","target":["https:\/\/avoloi.fr\/blog\/qui-doit-payer-le-salaire-de-lassistante-de-vie\/#respond"]}]},{"@type":"WebPage","@id":"https:\/\/avoloi.fr\/blog\/qui-doit-payer-le-salaire-de-lassistante-de-vie\/","url":"https:\/\/avoloi.fr\/blog\/qui-doit-payer-le-salaire-de-lassistante-de-vie\/","name":"L'arr\u00eat du jour #68 Qui doit payer le salaire de l'assistante de vie ? - Le blog Avoloi","isPartOf":{"@id":"https:\/\/avoloi.fr\/blog\/#website"},"primaryImageOfPage":{"@id":"https:\/\/avoloi.fr\/blog\/qui-doit-payer-le-salaire-de-lassistante-de-vie\/#primaryimage"},"image":{"@id":"https:\/\/avoloi.fr\/blog\/qui-doit-payer-le-salaire-de-lassistante-de-vie\/#primaryimage"},"thumbnailUrl":"https:\/\/avoloi.fr\/blog\/wp-content\/uploads\/2017\/07\/ADJ-68-assistante-de-vie.jpg","datePublished":"2017-07-28T12:36:45+00:00","breadcrumb":{"@id":"https:\/\/avoloi.fr\/blog\/qui-doit-payer-le-salaire-de-lassistante-de-vie\/#breadcrumb"},"inLanguage":"fr-FR","potentialAction":[{"@type":"ReadAction","target":["https:\/\/avoloi.fr\/blog\/qui-doit-payer-le-salaire-de-lassistante-de-vie\/"]}]},{"@type":"ImageObject","inLanguage":"fr-FR","@id":"https:\/\/avoloi.fr\/blog\/qui-doit-payer-le-salaire-de-lassistante-de-vie\/#primaryimage","url":"https:\/\/avoloi.fr\/blog\/wp-content\/uploads\/2017\/07\/ADJ-68-assistante-de-vie.jpg","contentUrl":"https:\/\/avoloi.fr\/blog\/wp-content\/uploads\/2017\/07\/ADJ-68-assistante-de-vie.jpg","width":800,"height":600},{"@type":"BreadcrumbList","@id":"https:\/\/avoloi.fr\/blog\/qui-doit-payer-le-salaire-de-lassistante-de-vie\/#breadcrumb","itemListElement":[{"@type":"ListItem","position":1,"name":"Accueil","item":"https:\/\/avoloi.fr\/blog\/"},{"@type":"ListItem","position":2,"name":"L&rsquo;arr\u00eat du jour #68 Qui doit payer le salaire de l&rsquo;assistante de vie ?"}]},{"@type":"WebSite","@id":"https:\/\/avoloi.fr\/blog\/#website","url":"https:\/\/avoloi.fr\/blog\/","name":"Le blog Avoloi","description":"","publisher":{"@id":"https:\/\/avoloi.fr\/blog\/#organization"},"potentialAction":[{"@type":"SearchAction","target":{"@type":"EntryPoint","urlTemplate":"https:\/\/avoloi.fr\/blog\/?s={search_term_string}"},"query-input":{"@type":"PropertyValueSpecification","valueRequired":true,"valueName":"search_term_string"}}],"inLanguage":"fr-FR"},{"@type":"Organization","@id":"https:\/\/avoloi.fr\/blog\/#organization","name":"Avoloi","url":"https:\/\/avoloi.fr\/blog\/","logo":{"@type":"ImageObject","inLanguage":"fr-FR","@id":"https:\/\/avoloi.fr\/blog\/#\/schema\/logo\/image\/","url":"https:\/\/avoloi.fr\/blog\/wp-content\/uploads\/2022\/06\/avoloi_726x172.png","contentUrl":"https:\/\/avoloi.fr\/blog\/wp-content\/uploads\/2022\/06\/avoloi_726x172.png","width":726,"height":172,"caption":"Avoloi"},"image":{"@id":"https:\/\/avoloi.fr\/blog\/#\/schema\/logo\/image\/"},"sameAs":["https:\/\/fr-fr.facebook.com\/avoloi\/","https:\/\/x.com\/avoloi","https:\/\/www.linkedin.com\/company\/11097274\/","https:\/\/www.instagram.com\/avoloi\/"]},{"@type":"Person","@id":"https:\/\/avoloi.fr\/blog\/#\/schema\/person\/23b73188a8a805006f016e2a3cb617b1","name":"Avoloi","image":{"@type":"ImageObject","inLanguage":"fr-FR","@id":"https:\/\/secure.gravatar.com\/avatar\/2ec2e99d2d37d9499d05c0d8442d636f63a751b8a8c16870416ac671c571f81d?s=96&d=mm&r=g","url":"https:\/\/secure.gravatar.com\/avatar\/2ec2e99d2d37d9499d05c0d8442d636f63a751b8a8c16870416ac671c571f81d?s=96&d=mm&r=g","contentUrl":"https:\/\/secure.gravatar.com\/avatar\/2ec2e99d2d37d9499d05c0d8442d636f63a751b8a8c16870416ac671c571f81d?s=96&d=mm&r=g","caption":"Avoloi"}}]}},"_links":{"self":[{"href":"https:\/\/avoloi.fr\/blog\/wp-json\/wp\/v2\/posts\/3292","targetHints":{"allow":["GET"]}}],"collection":[{"href":"https:\/\/avoloi.fr\/blog\/wp-json\/wp\/v2\/posts"}],"about":[{"href":"https:\/\/avoloi.fr\/blog\/wp-json\/wp\/v2\/types\/post"}],"author":[{"embeddable":true,"href":"https:\/\/avoloi.fr\/blog\/wp-json\/wp\/v2\/users\/2"}],"replies":[{"embeddable":true,"href":"https:\/\/avoloi.fr\/blog\/wp-json\/wp\/v2\/comments?post=3292"}],"version-history":[{"count":0,"href":"https:\/\/avoloi.fr\/blog\/wp-json\/wp\/v2\/posts\/3292\/revisions"}],"wp:featuredmedia":[{"embeddable":true,"href":"https:\/\/avoloi.fr\/blog\/wp-json\/wp\/v2\/media\/17937"}],"wp:attachment":[{"href":"https:\/\/avoloi.fr\/blog\/wp-json\/wp\/v2\/media?parent=3292"}],"wp:term":[{"taxonomy":"category","embeddable":true,"href":"https:\/\/avoloi.fr\/blog\/wp-json\/wp\/v2\/categories?post=3292"},{"taxonomy":"post_tag","embeddable":true,"href":"https:\/\/avoloi.fr\/blog\/wp-json\/wp\/v2\/tags?post=3292"}],"curies":[{"name":"wp","href":"https:\/\/api.w.org\/{rel}","templated":true}]}}