{"id":24292,"date":"2026-01-30T08:15:00","date_gmt":"2026-01-30T07:15:00","guid":{"rendered":"https:\/\/avoloi.fr\/blog\/?p=24292"},"modified":"2026-01-29T16:37:46","modified_gmt":"2026-01-29T15:37:46","slug":"larret-du-jour-424-rappel-a-l-ordre-et-sanction-injustifiee","status":"publish","type":"post","link":"https:\/\/avoloi.fr\/blog\/larret-du-jour-424-rappel-a-l-ordre-et-sanction-injustifiee\/","title":{"rendered":"L&rsquo;arr\u00eat du jour #424 : \u00a0Rappel \u00e0 l\u2019ordre et sanction injustifi\u00e9e"},"content":{"rendered":"\n<h3 class=\"wp-block-heading\" id=\"c-est-l-histoire-d-un-conducteur-a-l-origine-ou-victime-d-un-accident-de-la-route\"><br><strong><br><\/strong>C\u2019est l\u2019histoire d\u2019un employeur qui rappelle \u00e0 l\u2019ordre (sanctionne\u00a0?) une salari\u00e9e\u2026<\/h3>\n\n\n\n<p>Un employeur envoie un courrier de rappel \u00e0 l\u2019ordre \u00e0 une salari\u00e9e, lui intimant de respecter ses consignes de travail, sous peine d\u2019un licenciement disciplinaire, et notamment de respecter son planning de travail, d\u2019utiliser le badge qui lui a \u00e9t\u00e9 remis \u00e0 cet effet, etc.<br><\/p>\n\n\n\n<p>Ce que conteste la salari\u00e9e, qui voit l\u00e0 une sanction disciplinaire injustifi\u00e9e et qui r\u00e9clame, de ce fait, des dommages-int\u00e9r\u00eats\u2026 Ce que conteste l\u2019employeur qui rappelle que cette lettre, loin de constituer une sanction disciplinaire, ne vise qu\u2019\u00e0 recadrer la salari\u00e9e en se bornant \u00e0 lui rappeler ses obligations contractuelles\u2026 Ce que conteste la salari\u00e9e qui rappelle que cette lettre, loin de constituer un simple rappel \u00e0 l\u2019ordre, contient des reproches pr\u00e9cis que l\u2019employeur estime fautifs et enjoint la salari\u00e9e \u00e0 respecter les consignes donn\u00e9es sous peine de licenciement\u2026<br><\/p>\n\n\n\n<h3 class=\"wp-block-heading\" id=\"le-verdict\">Le verdict <\/h3>\n\n\n\n<p><br>Ce que constate le juge\u2026 qui donne raison \u00e0 la salari\u00e9e, confront\u00e9e \u00e0 un avertissement disciplinaire prononc\u00e9 \u00e0 son encontre, injustifi\u00e9 ici\u2026<\/p>\n\n\n\n<p><a href=\"https:\/\/www.courdecassation.fr\/decision\/61de7d4dfc57de8d136e0677?search_api_fulltext=20-18.409&amp;previousdecisionpage=&amp;previousdecisionindex=&amp;nextdecisionpage=&amp;nextdecisionindex=\"><\/a><a href=\"https:\/\/www.courdecassation.fr\/decision\/6228523a590661fa1d597cd3?judilibre_chambre%5b%5d=civ1&amp;page=3&amp;previousdecisionpage=3&amp;previousdecisionindex=2&amp;nextdecisionpage=3&amp;nextdecisionindex=4\"><\/a><a href=\"https:\/\/www.courdecassation.fr\/decision\/61e7b7dca41da869de68a273?search_api_fulltext=20-18801&amp;previousdecisionpage=&amp;previousdecisionindex=&amp;nextdecisionpage=&amp;nextdecisionindex=\"><\/a><a href=\"https:\/\/www.courdecassation.fr\/decision\/6229a272e81293b5039a67f2?judilibre_chambre%5b%5d=civ1&amp;previousdecisionpage=0&amp;previousdecisionindex=0&amp;nextdecisionpage=0&amp;nextdecisionindex=2\"><\/a><\/p>\n\n\n\n<p>Source\u00a0: <a href=\"https:\/\/www.courdecassation.fr\/decision\/68c273c3def1b35fcc39fb23\"><\/a><a href=\"https:\/\/www.legifrance.gouv.fr\/juri\/id\/JURITEXT000052384014?init=true&amp;page=1&amp;query=24-14048&amp;searchField=ALL&amp;tab_selection=all\" type=\"link\" id=\"https:\/\/www.legifrance.gouv.fr\/juri\/id\/JURITEXT000052384014?init=true&amp;page=1&amp;query=24-14048&amp;searchField=ALL&amp;tab_selection=all\">Arr\u00eat de la Cour de cassation, chambre sociale, du 1\u1d49\u02b3 octobre 2025, n\u1d52 24-14048.<\/a><\/p>\n\n\n\n<p><em>En partenariat avec Weblex<\/em><\/p>\n\n\n\n<p><\/p>\n","protected":false},"excerpt":{"rendered":"<p>C\u2019est l\u2019histoire d\u2019un employeur qui rappelle \u00e0 l\u2019ordre (sanctionne\u00a0?) une salari\u00e9e\u2026<\/p>\n","protected":false},"author":1,"featured_media":24293,"comment_status":"open","ping_status":"closed","sticky":false,"template":"","format":"standard","meta":{"footnotes":""},"categories":[2],"tags":[],"class_list":["post-24292","post","type-post","status-publish","format-standard","has-post-thumbnail","hentry","category-larret-du-jour"],"yoast_head":"<!-- This site is optimized with the Yoast SEO plugin v27.4 - https:\/\/yoast.com\/product\/yoast-seo-wordpress\/ -->\n<title>L&#039;arr\u00eat du jour #424 : \u00a0Rappel \u00e0 l\u2019ordre et sanction injustifi\u00e9e<\/title>\n<meta name=\"description\" content=\"L&#039;arr\u00eat du jour #424 : C\u2019est l\u2019histoire d\u2019un employeur qui rappelle \u00e0 l\u2019ordre (sanctionne\u00a0?) une salari\u00e9e\u2026\" \/>\n<meta name=\"robots\" content=\"index, follow, max-snippet:-1, max-image-preview:large, max-video-preview:-1\" \/>\n<link rel=\"canonical\" href=\"https:\/\/avoloi.fr\/blog\/larret-du-jour-424-rappel-a-l-ordre-et-sanction-injustifiee\/\" \/>\n<meta property=\"og:locale\" content=\"fr_FR\" \/>\n<meta property=\"og:type\" content=\"article\" \/>\n<meta property=\"og:title\" content=\"L&#039;arr\u00eat du jour #424 : \u00a0Rappel \u00e0 l\u2019ordre et sanction injustifi\u00e9e\" \/>\n<meta property=\"og:description\" content=\"L&#039;arr\u00eat du jour #424 : C\u2019est l\u2019histoire d\u2019un employeur qui rappelle \u00e0 l\u2019ordre (sanctionne\u00a0?) une salari\u00e9e\u2026\" \/>\n<meta property=\"og:url\" content=\"https:\/\/avoloi.fr\/blog\/larret-du-jour-424-rappel-a-l-ordre-et-sanction-injustifiee\/\" \/>\n<meta property=\"og:site_name\" content=\"Le blog Avoloi\" \/>\n<meta property=\"article:publisher\" content=\"https:\/\/fr-fr.facebook.com\/avoloi\/\" \/>\n<meta property=\"article:published_time\" content=\"2026-01-30T07:15:00+00:00\" \/>\n<meta property=\"og:image\" content=\"https:\/\/avoloi.fr\/blog\/wp-content\/uploads\/2026\/01\/ADJ-424.png\" \/>\n\t<meta property=\"og:image:width\" content=\"840\" \/>\n\t<meta property=\"og:image:height\" content=\"629\" \/>\n\t<meta property=\"og:image:type\" content=\"image\/png\" \/>\n<meta name=\"author\" content=\"Avoloi\" \/>\n<meta name=\"twitter:card\" content=\"summary_large_image\" \/>\n<meta name=\"twitter:title\" content=\"L&#039;arr\u00eat du jour #417 : \u00a0L&#039;Autorit\u00e9 de la chose\" \/>\n<meta name=\"twitter:description\" content=\"C\u2019est l\u2019histoire d\u2019une banque pour qui le silence r\u00e9sout bien des litiges\u2026\" \/>\n<meta name=\"twitter:image\" content=\"https:\/\/avoloi.fr\/blog\/wp-content\/uploads\/2025\/10\/twitter-1200x675-1.png\" \/>\n<meta name=\"twitter:creator\" content=\"@avoloi\" \/>\n<meta name=\"twitter:site\" content=\"@avoloi\" \/>\n<meta name=\"twitter:label1\" content=\"\u00c9crit par\" \/>\n\t<meta name=\"twitter:data1\" content=\"Avoloi\" \/>\n\t<meta name=\"twitter:label2\" content=\"Dur\u00e9e de lecture estim\u00e9e\" \/>\n\t<meta name=\"twitter:data2\" content=\"2 minutes\" \/>\n<script type=\"application\/ld+json\" class=\"yoast-schema-graph\">{\"@context\":\"https:\\\/\\\/schema.org\",\"@graph\":[{\"@type\":\"Article\",\"@id\":\"https:\\\/\\\/avoloi.fr\\\/blog\\\/larret-du-jour-424-rappel-a-l-ordre-et-sanction-injustifiee\\\/#article\",\"isPartOf\":{\"@id\":\"https:\\\/\\\/avoloi.fr\\\/blog\\\/larret-du-jour-424-rappel-a-l-ordre-et-sanction-injustifiee\\\/\"},\"author\":{\"name\":\"Avoloi\",\"@id\":\"https:\\\/\\\/avoloi.fr\\\/blog\\\/#\\\/schema\\\/person\\\/3a4974d042eca49417953db9e121518f\"},\"headline\":\"L&rsquo;arr\u00eat du jour #424 : \u00a0Rappel \u00e0 l\u2019ordre et sanction injustifi\u00e9e\",\"datePublished\":\"2026-01-30T07:15:00+00:00\",\"mainEntityOfPage\":{\"@id\":\"https:\\\/\\\/avoloi.fr\\\/blog\\\/larret-du-jour-424-rappel-a-l-ordre-et-sanction-injustifiee\\\/\"},\"wordCount\":213,\"commentCount\":0,\"publisher\":{\"@id\":\"https:\\\/\\\/avoloi.fr\\\/blog\\\/#organization\"},\"image\":{\"@id\":\"https:\\\/\\\/avoloi.fr\\\/blog\\\/larret-du-jour-424-rappel-a-l-ordre-et-sanction-injustifiee\\\/#primaryimage\"},\"thumbnailUrl\":\"https:\\\/\\\/avoloi.fr\\\/blog\\\/wp-content\\\/uploads\\\/2026\\\/01\\\/ADJ-424.png\",\"articleSection\":[\"L\u2019arr\u00eat du jour\"],\"inLanguage\":\"fr-FR\",\"potentialAction\":[{\"@type\":\"CommentAction\",\"name\":\"Comment\",\"target\":[\"https:\\\/\\\/avoloi.fr\\\/blog\\\/larret-du-jour-424-rappel-a-l-ordre-et-sanction-injustifiee\\\/#respond\"]}]},{\"@type\":\"WebPage\",\"@id\":\"https:\\\/\\\/avoloi.fr\\\/blog\\\/larret-du-jour-424-rappel-a-l-ordre-et-sanction-injustifiee\\\/\",\"url\":\"https:\\\/\\\/avoloi.fr\\\/blog\\\/larret-du-jour-424-rappel-a-l-ordre-et-sanction-injustifiee\\\/\",\"name\":\"L'arr\u00eat du jour #424 : \u00a0Rappel \u00e0 l\u2019ordre et sanction injustifi\u00e9e\",\"isPartOf\":{\"@id\":\"https:\\\/\\\/avoloi.fr\\\/blog\\\/#website\"},\"primaryImageOfPage\":{\"@id\":\"https:\\\/\\\/avoloi.fr\\\/blog\\\/larret-du-jour-424-rappel-a-l-ordre-et-sanction-injustifiee\\\/#primaryimage\"},\"image\":{\"@id\":\"https:\\\/\\\/avoloi.fr\\\/blog\\\/larret-du-jour-424-rappel-a-l-ordre-et-sanction-injustifiee\\\/#primaryimage\"},\"thumbnailUrl\":\"https:\\\/\\\/avoloi.fr\\\/blog\\\/wp-content\\\/uploads\\\/2026\\\/01\\\/ADJ-424.png\",\"datePublished\":\"2026-01-30T07:15:00+00:00\",\"description\":\"L'arr\u00eat du jour #424 : C\u2019est l\u2019histoire d\u2019un employeur qui rappelle \u00e0 l\u2019ordre (sanctionne\u00a0?) une salari\u00e9e\u2026\",\"breadcrumb\":{\"@id\":\"https:\\\/\\\/avoloi.fr\\\/blog\\\/larret-du-jour-424-rappel-a-l-ordre-et-sanction-injustifiee\\\/#breadcrumb\"},\"inLanguage\":\"fr-FR\",\"potentialAction\":[{\"@type\":\"ReadAction\",\"target\":[\"https:\\\/\\\/avoloi.fr\\\/blog\\\/larret-du-jour-424-rappel-a-l-ordre-et-sanction-injustifiee\\\/\"]}]},{\"@type\":\"ImageObject\",\"inLanguage\":\"fr-FR\",\"@id\":\"https:\\\/\\\/avoloi.fr\\\/blog\\\/larret-du-jour-424-rappel-a-l-ordre-et-sanction-injustifiee\\\/#primaryimage\",\"url\":\"https:\\\/\\\/avoloi.fr\\\/blog\\\/wp-content\\\/uploads\\\/2026\\\/01\\\/ADJ-424.png\",\"contentUrl\":\"https:\\\/\\\/avoloi.fr\\\/blog\\\/wp-content\\\/uploads\\\/2026\\\/01\\\/ADJ-424.png\",\"width\":840,\"height\":629},{\"@type\":\"BreadcrumbList\",\"@id\":\"https:\\\/\\\/avoloi.fr\\\/blog\\\/larret-du-jour-424-rappel-a-l-ordre-et-sanction-injustifiee\\\/#breadcrumb\",\"itemListElement\":[{\"@type\":\"ListItem\",\"position\":1,\"name\":\"Accueil\",\"item\":\"https:\\\/\\\/avoloi.fr\\\/blog\\\/\"},{\"@type\":\"ListItem\",\"position\":2,\"name\":\"L&rsquo;arr\u00eat du jour #424 : \u00a0Rappel \u00e0 l\u2019ordre et sanction injustifi\u00e9e\"}]},{\"@type\":\"WebSite\",\"@id\":\"https:\\\/\\\/avoloi.fr\\\/blog\\\/#website\",\"url\":\"https:\\\/\\\/avoloi.fr\\\/blog\\\/\",\"name\":\"Le blog Avoloi\",\"description\":\"\",\"publisher\":{\"@id\":\"https:\\\/\\\/avoloi.fr\\\/blog\\\/#organization\"},\"potentialAction\":[{\"@type\":\"SearchAction\",\"target\":{\"@type\":\"EntryPoint\",\"urlTemplate\":\"https:\\\/\\\/avoloi.fr\\\/blog\\\/?s={search_term_string}\"},\"query-input\":{\"@type\":\"PropertyValueSpecification\",\"valueRequired\":true,\"valueName\":\"search_term_string\"}}],\"inLanguage\":\"fr-FR\"},{\"@type\":\"Organization\",\"@id\":\"https:\\\/\\\/avoloi.fr\\\/blog\\\/#organization\",\"name\":\"Avoloi\",\"url\":\"https:\\\/\\\/avoloi.fr\\\/blog\\\/\",\"logo\":{\"@type\":\"ImageObject\",\"inLanguage\":\"fr-FR\",\"@id\":\"https:\\\/\\\/avoloi.fr\\\/blog\\\/#\\\/schema\\\/logo\\\/image\\\/\",\"url\":\"https:\\\/\\\/avoloi.fr\\\/blog\\\/wp-content\\\/uploads\\\/2022\\\/06\\\/avoloi_726x172.png\",\"contentUrl\":\"https:\\\/\\\/avoloi.fr\\\/blog\\\/wp-content\\\/uploads\\\/2022\\\/06\\\/avoloi_726x172.png\",\"width\":726,\"height\":172,\"caption\":\"Avoloi\"},\"image\":{\"@id\":\"https:\\\/\\\/avoloi.fr\\\/blog\\\/#\\\/schema\\\/logo\\\/image\\\/\"},\"sameAs\":[\"https:\\\/\\\/fr-fr.facebook.com\\\/avoloi\\\/\",\"https:\\\/\\\/x.com\\\/avoloi\",\"https:\\\/\\\/www.linkedin.com\\\/company\\\/11097274\\\/\",\"https:\\\/\\\/www.instagram.com\\\/avoloi\\\/\"]},{\"@type\":\"Person\",\"@id\":\"https:\\\/\\\/avoloi.fr\\\/blog\\\/#\\\/schema\\\/person\\\/3a4974d042eca49417953db9e121518f\",\"name\":\"Avoloi\",\"image\":{\"@type\":\"ImageObject\",\"inLanguage\":\"fr-FR\",\"@id\":\"https:\\\/\\\/secure.gravatar.com\\\/avatar\\\/118b6b371a8b17a9d08b2ea241bcc307957c5779e62732f9f3434926c9c02c43?s=96&d=mm&r=g\",\"url\":\"https:\\\/\\\/secure.gravatar.com\\\/avatar\\\/118b6b371a8b17a9d08b2ea241bcc307957c5779e62732f9f3434926c9c02c43?s=96&d=mm&r=g\",\"contentUrl\":\"https:\\\/\\\/secure.gravatar.com\\\/avatar\\\/118b6b371a8b17a9d08b2ea241bcc307957c5779e62732f9f3434926c9c02c43?s=96&d=mm&r=g\",\"caption\":\"Avoloi\"},\"sameAs\":[\"https:\\\/\\\/avoloi.fr\\\/blog\"]}]}<\/script>\n<!-- \/ Yoast SEO plugin. -->","yoast_head_json":{"title":"L'arr\u00eat du jour #424 : \u00a0Rappel \u00e0 l\u2019ordre et sanction injustifi\u00e9e","description":"L'arr\u00eat du jour #424 : C\u2019est l\u2019histoire d\u2019un employeur qui rappelle \u00e0 l\u2019ordre (sanctionne\u00a0?) une salari\u00e9e\u2026","robots":{"index":"index","follow":"follow","max-snippet":"max-snippet:-1","max-image-preview":"max-image-preview:large","max-video-preview":"max-video-preview:-1"},"canonical":"https:\/\/avoloi.fr\/blog\/larret-du-jour-424-rappel-a-l-ordre-et-sanction-injustifiee\/","og_locale":"fr_FR","og_type":"article","og_title":"L'arr\u00eat du jour #424 : \u00a0Rappel \u00e0 l\u2019ordre et sanction injustifi\u00e9e","og_description":"L'arr\u00eat du jour #424 : C\u2019est l\u2019histoire d\u2019un employeur qui rappelle \u00e0 l\u2019ordre (sanctionne\u00a0?) une salari\u00e9e\u2026","og_url":"https:\/\/avoloi.fr\/blog\/larret-du-jour-424-rappel-a-l-ordre-et-sanction-injustifiee\/","og_site_name":"Le blog Avoloi","article_publisher":"https:\/\/fr-fr.facebook.com\/avoloi\/","article_published_time":"2026-01-30T07:15:00+00:00","og_image":[{"width":840,"height":629,"url":"https:\/\/avoloi.fr\/blog\/wp-content\/uploads\/2026\/01\/ADJ-424.png","type":"image\/png"}],"author":"Avoloi","twitter_card":"summary_large_image","twitter_title":"L'arr\u00eat du jour #417 : \u00a0L'Autorit\u00e9 de la chose","twitter_description":"C\u2019est l\u2019histoire d\u2019une banque pour qui le silence r\u00e9sout bien des litiges\u2026","twitter_image":"https:\/\/avoloi.fr\/blog\/wp-content\/uploads\/2025\/10\/twitter-1200x675-1.png","twitter_creator":"@avoloi","twitter_site":"@avoloi","twitter_misc":{"\u00c9crit par":"Avoloi","Dur\u00e9e de lecture estim\u00e9e":"2 minutes"},"schema":{"@context":"https:\/\/schema.org","@graph":[{"@type":"Article","@id":"https:\/\/avoloi.fr\/blog\/larret-du-jour-424-rappel-a-l-ordre-et-sanction-injustifiee\/#article","isPartOf":{"@id":"https:\/\/avoloi.fr\/blog\/larret-du-jour-424-rappel-a-l-ordre-et-sanction-injustifiee\/"},"author":{"name":"Avoloi","@id":"https:\/\/avoloi.fr\/blog\/#\/schema\/person\/3a4974d042eca49417953db9e121518f"},"headline":"L&rsquo;arr\u00eat du jour #424 : \u00a0Rappel \u00e0 l\u2019ordre et sanction injustifi\u00e9e","datePublished":"2026-01-30T07:15:00+00:00","mainEntityOfPage":{"@id":"https:\/\/avoloi.fr\/blog\/larret-du-jour-424-rappel-a-l-ordre-et-sanction-injustifiee\/"},"wordCount":213,"commentCount":0,"publisher":{"@id":"https:\/\/avoloi.fr\/blog\/#organization"},"image":{"@id":"https:\/\/avoloi.fr\/blog\/larret-du-jour-424-rappel-a-l-ordre-et-sanction-injustifiee\/#primaryimage"},"thumbnailUrl":"https:\/\/avoloi.fr\/blog\/wp-content\/uploads\/2026\/01\/ADJ-424.png","articleSection":["L\u2019arr\u00eat du jour"],"inLanguage":"fr-FR","potentialAction":[{"@type":"CommentAction","name":"Comment","target":["https:\/\/avoloi.fr\/blog\/larret-du-jour-424-rappel-a-l-ordre-et-sanction-injustifiee\/#respond"]}]},{"@type":"WebPage","@id":"https:\/\/avoloi.fr\/blog\/larret-du-jour-424-rappel-a-l-ordre-et-sanction-injustifiee\/","url":"https:\/\/avoloi.fr\/blog\/larret-du-jour-424-rappel-a-l-ordre-et-sanction-injustifiee\/","name":"L'arr\u00eat du jour #424 : \u00a0Rappel \u00e0 l\u2019ordre et sanction injustifi\u00e9e","isPartOf":{"@id":"https:\/\/avoloi.fr\/blog\/#website"},"primaryImageOfPage":{"@id":"https:\/\/avoloi.fr\/blog\/larret-du-jour-424-rappel-a-l-ordre-et-sanction-injustifiee\/#primaryimage"},"image":{"@id":"https:\/\/avoloi.fr\/blog\/larret-du-jour-424-rappel-a-l-ordre-et-sanction-injustifiee\/#primaryimage"},"thumbnailUrl":"https:\/\/avoloi.fr\/blog\/wp-content\/uploads\/2026\/01\/ADJ-424.png","datePublished":"2026-01-30T07:15:00+00:00","description":"L'arr\u00eat du jour #424 : C\u2019est l\u2019histoire d\u2019un employeur qui rappelle \u00e0 l\u2019ordre (sanctionne\u00a0?) une salari\u00e9e\u2026","breadcrumb":{"@id":"https:\/\/avoloi.fr\/blog\/larret-du-jour-424-rappel-a-l-ordre-et-sanction-injustifiee\/#breadcrumb"},"inLanguage":"fr-FR","potentialAction":[{"@type":"ReadAction","target":["https:\/\/avoloi.fr\/blog\/larret-du-jour-424-rappel-a-l-ordre-et-sanction-injustifiee\/"]}]},{"@type":"ImageObject","inLanguage":"fr-FR","@id":"https:\/\/avoloi.fr\/blog\/larret-du-jour-424-rappel-a-l-ordre-et-sanction-injustifiee\/#primaryimage","url":"https:\/\/avoloi.fr\/blog\/wp-content\/uploads\/2026\/01\/ADJ-424.png","contentUrl":"https:\/\/avoloi.fr\/blog\/wp-content\/uploads\/2026\/01\/ADJ-424.png","width":840,"height":629},{"@type":"BreadcrumbList","@id":"https:\/\/avoloi.fr\/blog\/larret-du-jour-424-rappel-a-l-ordre-et-sanction-injustifiee\/#breadcrumb","itemListElement":[{"@type":"ListItem","position":1,"name":"Accueil","item":"https:\/\/avoloi.fr\/blog\/"},{"@type":"ListItem","position":2,"name":"L&rsquo;arr\u00eat du jour #424 : \u00a0Rappel \u00e0 l\u2019ordre et sanction injustifi\u00e9e"}]},{"@type":"WebSite","@id":"https:\/\/avoloi.fr\/blog\/#website","url":"https:\/\/avoloi.fr\/blog\/","name":"Le blog Avoloi","description":"","publisher":{"@id":"https:\/\/avoloi.fr\/blog\/#organization"},"potentialAction":[{"@type":"SearchAction","target":{"@type":"EntryPoint","urlTemplate":"https:\/\/avoloi.fr\/blog\/?s={search_term_string}"},"query-input":{"@type":"PropertyValueSpecification","valueRequired":true,"valueName":"search_term_string"}}],"inLanguage":"fr-FR"},{"@type":"Organization","@id":"https:\/\/avoloi.fr\/blog\/#organization","name":"Avoloi","url":"https:\/\/avoloi.fr\/blog\/","logo":{"@type":"ImageObject","inLanguage":"fr-FR","@id":"https:\/\/avoloi.fr\/blog\/#\/schema\/logo\/image\/","url":"https:\/\/avoloi.fr\/blog\/wp-content\/uploads\/2022\/06\/avoloi_726x172.png","contentUrl":"https:\/\/avoloi.fr\/blog\/wp-content\/uploads\/2022\/06\/avoloi_726x172.png","width":726,"height":172,"caption":"Avoloi"},"image":{"@id":"https:\/\/avoloi.fr\/blog\/#\/schema\/logo\/image\/"},"sameAs":["https:\/\/fr-fr.facebook.com\/avoloi\/","https:\/\/x.com\/avoloi","https:\/\/www.linkedin.com\/company\/11097274\/","https:\/\/www.instagram.com\/avoloi\/"]},{"@type":"Person","@id":"https:\/\/avoloi.fr\/blog\/#\/schema\/person\/3a4974d042eca49417953db9e121518f","name":"Avoloi","image":{"@type":"ImageObject","inLanguage":"fr-FR","@id":"https:\/\/secure.gravatar.com\/avatar\/118b6b371a8b17a9d08b2ea241bcc307957c5779e62732f9f3434926c9c02c43?s=96&d=mm&r=g","url":"https:\/\/secure.gravatar.com\/avatar\/118b6b371a8b17a9d08b2ea241bcc307957c5779e62732f9f3434926c9c02c43?s=96&d=mm&r=g","contentUrl":"https:\/\/secure.gravatar.com\/avatar\/118b6b371a8b17a9d08b2ea241bcc307957c5779e62732f9f3434926c9c02c43?s=96&d=mm&r=g","caption":"Avoloi"},"sameAs":["https:\/\/avoloi.fr\/blog"]}]}},"_links":{"self":[{"href":"https:\/\/avoloi.fr\/blog\/wp-json\/wp\/v2\/posts\/24292","targetHints":{"allow":["GET"]}}],"collection":[{"href":"https:\/\/avoloi.fr\/blog\/wp-json\/wp\/v2\/posts"}],"about":[{"href":"https:\/\/avoloi.fr\/blog\/wp-json\/wp\/v2\/types\/post"}],"author":[{"embeddable":true,"href":"https:\/\/avoloi.fr\/blog\/wp-json\/wp\/v2\/users\/1"}],"replies":[{"embeddable":true,"href":"https:\/\/avoloi.fr\/blog\/wp-json\/wp\/v2\/comments?post=24292"}],"version-history":[{"count":3,"href":"https:\/\/avoloi.fr\/blog\/wp-json\/wp\/v2\/posts\/24292\/revisions"}],"predecessor-version":[{"id":24296,"href":"https:\/\/avoloi.fr\/blog\/wp-json\/wp\/v2\/posts\/24292\/revisions\/24296"}],"wp:featuredmedia":[{"embeddable":true,"href":"https:\/\/avoloi.fr\/blog\/wp-json\/wp\/v2\/media\/24293"}],"wp:attachment":[{"href":"https:\/\/avoloi.fr\/blog\/wp-json\/wp\/v2\/media?parent=24292"}],"wp:term":[{"taxonomy":"category","embeddable":true,"href":"https:\/\/avoloi.fr\/blog\/wp-json\/wp\/v2\/categories?post=24292"},{"taxonomy":"post_tag","embeddable":true,"href":"https:\/\/avoloi.fr\/blog\/wp-json\/wp\/v2\/tags?post=24292"}],"curies":[{"name":"wp","href":"https:\/\/api.w.org\/{rel}","templated":true}]}}