{"id":23841,"date":"2023-09-08T08:30:00","date_gmt":"2023-09-08T06:30:00","guid":{"rendered":"https:\/\/avoloi.fr\/blog\/?p=23841"},"modified":"2023-09-07T19:00:49","modified_gmt":"2023-09-07T17:00:49","slug":"larret-du-jour-363-cumul-emploi-retraite","status":"publish","type":"post","link":"https:\/\/avoloi.fr\/blog\/larret-du-jour-363-cumul-emploi-retraite\/","title":{"rendered":"L&rsquo;arr\u00eat du jour #363 : Cumul emploi retraite"},"content":{"rendered":"\n<h3 class=\"wp-block-heading\" id=\"c-est-l-histoire-d-un-conducteur-a-l-origine-ou-victime-d-un-accident-de-la-route\">C\u2019est l\u2019histoire d\u2019une veuve qui souhaite \u00eatre en pension compl\u00e8te\u2026<\/h3>\n\n\n\n<p>Une veuve jusqu\u2019alors b\u00e9n\u00e9ficiaire d\u2019une pension de r\u00e9version depuis le d\u00e9c\u00e8s de son \u00e9poux est inform\u00e9e par sa caisse de retraite de l\u2019arr\u00eat de son versement, et ce en raison de revenus per\u00e7us dans le cadre d\u2019un cumul emploi-retraite\u2026<\/p>\n\n\n\n<h3 class=\"wp-block-heading\" id=\"l-objet-du-litige\">L\u2019objet du litige <\/h3>\n\n\n\n<p>\u00ab\u00a0Impossible\u00a0!\u00a0\u00bb, s\u2019\u00e9tonne la veuve\u00a0: selon elle, les revenus tir\u00e9s de l\u2019exercice d\u2019un cumul emploi-retraite sont temporaires par nature, et doivent en toute logique \u00eatre exclus de l\u2019assiette des ressources \u00e0 prendre en compte pour le calcul de la pension de r\u00e9version. \u00ab\u00a0Possible\u00a0!\u00a0\u00bb, insiste au contraire la caisse de retraite, pour qui le droit \u00e0 une pension de r\u00e9version est soumis \u00e0 une condition de ressources, lesquelles incluent les revenus, m\u00eames temporaires\u2026<\/p>\n\n\n\n<h3 class=\"wp-block-heading\" id=\"le-verdict\">Le verdict <\/h3>\n\n\n\n<p>\u00ab\u00a0Exact\u00a0!\u00a0\u00bb, tranche le juge en faveur de la caisse\u00a0de retraite : les revenus professionnels du conjoint survivant per\u00e7us au cours de la p\u00e9riode de r\u00e9f\u00e9rence, m\u00eame temporaires, sont effectivement inclus dans les ressources prises en compte. La veuve n\u2019a donc plus droit \u00e0 la pension de r\u00e9version\u00a0!<\/p>\n\n\n\n<blockquote class=\"wp-block-quote is-layout-flow wp-block-quote-is-layout-flow\">\n<p><a href=\"https:\/\/www.courdecassation.fr\/decision\/61de7d4dfc57de8d136e0677?search_api_fulltext=20-18.409&amp;previousdecisionpage=&amp;previousdecisionindex=&amp;nextdecisionpage=&amp;nextdecisionindex=\"><\/a><a href=\"https:\/\/www.courdecassation.fr\/decision\/6228523a590661fa1d597cd3?judilibre_chambre%5b%5d=civ1&amp;page=3&amp;previousdecisionpage=3&amp;previousdecisionindex=2&amp;nextdecisionpage=3&amp;nextdecisionindex=4\"><\/a><a href=\"https:\/\/www.courdecassation.fr\/decision\/61e7b7dca41da869de68a273?search_api_fulltext=20-18801&amp;previousdecisionpage=&amp;previousdecisionindex=&amp;nextdecisionpage=&amp;nextdecisionindex=\"><\/a><a href=\"https:\/\/www.courdecassation.fr\/decision\/6229a272e81293b5039a67f2?judilibre_chambre%5b%5d=civ1&amp;previousdecisionpage=0&amp;previousdecisionindex=0&amp;nextdecisionpage=0&amp;nextdecisionindex=2\"><\/a><\/p>\n<\/blockquote>\n\n\n\n<p>Source\u00a0: <a href=\"https:\/\/www.legifrance.gouv.fr\/juri\/id\/JURITEXT000047570910?init=true&amp;page=1&amp;query=21-13346&amp;searchField=ALL&amp;tab_selection=all\">Arr\u00eat de la Cour de cassation, 2e chambre civile, du 11 mai 2023, no 21-13346<\/a><\/p>\n\n\n\n<p><em>En partenariat avec Weblex<\/em><\/p>\n","protected":false},"excerpt":{"rendered":"<p>C\u2019est l\u2019histoire d\u2019une veuve qui souhaite \u00eatre en pension compl\u00e8te\u2026<\/p>\n","protected":false},"author":1,"featured_media":23843,"comment_status":"open","ping_status":"closed","sticky":false,"template":"","format":"standard","meta":{"footnotes":""},"categories":[2],"tags":[],"class_list":["post-23841","post","type-post","status-publish","format-standard","has-post-thumbnail","hentry","category-larret-du-jour"],"yoast_head":"<!-- This site is optimized with the Yoast SEO plugin v27.4 - https:\/\/yoast.com\/product\/yoast-seo-wordpress\/ -->\n<title>L&#039;arr\u00eat du jour #363 : Cumul emploi retraite<\/title>\n<meta name=\"description\" content=\"L&#039;arr\u00eat du jour #363 : C\u2019est l\u2019histoire d\u2019une veuve qui souhaite \u00eatre en pension compl\u00e8te\u2026\" \/>\n<meta name=\"robots\" content=\"index, follow, max-snippet:-1, max-image-preview:large, max-video-preview:-1\" \/>\n<link rel=\"canonical\" href=\"https:\/\/avoloi.fr\/blog\/larret-du-jour-363-cumul-emploi-retraite\/\" \/>\n<meta property=\"og:locale\" content=\"fr_FR\" \/>\n<meta property=\"og:type\" content=\"article\" \/>\n<meta property=\"og:title\" content=\"L&#039;arr\u00eat du jour #363 : Cumul emploi retraite\" \/>\n<meta property=\"og:description\" content=\"C\u2019est l\u2019histoire d\u2019une veuve qui souhaite \u00eatre en pension compl\u00e8te\u2026\" \/>\n<meta property=\"og:url\" content=\"https:\/\/avoloi.fr\/blog\/larret-du-jour-363-cumul-emploi-retraite\/\" \/>\n<meta property=\"og:site_name\" content=\"Le blog Avoloi\" \/>\n<meta property=\"article:publisher\" content=\"https:\/\/fr-fr.facebook.com\/avoloi\/\" \/>\n<meta property=\"article:published_time\" content=\"2023-09-08T06:30:00+00:00\" \/>\n<meta property=\"og:image\" content=\"https:\/\/avoloi.fr\/blog\/wp-content\/uploads\/2023\/09\/facebook-1200x630-1.png\" \/>\n\t<meta property=\"og:image:width\" content=\"1200\" \/>\n\t<meta property=\"og:image:height\" content=\"631\" \/>\n\t<meta property=\"og:image:type\" content=\"image\/png\" \/>\n<meta name=\"author\" content=\"Avoloi\" \/>\n<meta name=\"twitter:card\" content=\"summary_large_image\" \/>\n<meta name=\"twitter:title\" content=\"L&#039;arr\u00eat du jour #363 : Cumul emploi retraite\" \/>\n<meta name=\"twitter:description\" content=\"C\u2019est l\u2019histoire d\u2019une veuve qui souhaite \u00eatre en pension compl\u00e8te\u2026\" \/>\n<meta name=\"twitter:image\" content=\"https:\/\/avoloi.fr\/blog\/wp-content\/uploads\/2023\/09\/twitter-1200x675-1.png\" \/>\n<meta name=\"twitter:creator\" content=\"@avoloi\" \/>\n<meta name=\"twitter:site\" content=\"@avoloi\" \/>\n<meta name=\"twitter:label1\" content=\"\u00c9crit par\" \/>\n\t<meta name=\"twitter:data1\" content=\"Avoloi\" \/>\n\t<meta name=\"twitter:label2\" content=\"Dur\u00e9e de lecture estim\u00e9e\" \/>\n\t<meta name=\"twitter:data2\" content=\"1 minute\" \/>\n<script type=\"application\/ld+json\" class=\"yoast-schema-graph\">{\"@context\":\"https:\\\/\\\/schema.org\",\"@graph\":[{\"@type\":\"Article\",\"@id\":\"https:\\\/\\\/avoloi.fr\\\/blog\\\/larret-du-jour-363-cumul-emploi-retraite\\\/#article\",\"isPartOf\":{\"@id\":\"https:\\\/\\\/avoloi.fr\\\/blog\\\/larret-du-jour-363-cumul-emploi-retraite\\\/\"},\"author\":{\"name\":\"Avoloi\",\"@id\":\"https:\\\/\\\/avoloi.fr\\\/blog\\\/#\\\/schema\\\/person\\\/3a4974d042eca49417953db9e121518f\"},\"headline\":\"L&rsquo;arr\u00eat du jour #363 : Cumul emploi retraite\",\"datePublished\":\"2023-09-08T06:30:00+00:00\",\"mainEntityOfPage\":{\"@id\":\"https:\\\/\\\/avoloi.fr\\\/blog\\\/larret-du-jour-363-cumul-emploi-retraite\\\/\"},\"wordCount\":227,\"commentCount\":0,\"publisher\":{\"@id\":\"https:\\\/\\\/avoloi.fr\\\/blog\\\/#organization\"},\"image\":{\"@id\":\"https:\\\/\\\/avoloi.fr\\\/blog\\\/larret-du-jour-363-cumul-emploi-retraite\\\/#primaryimage\"},\"thumbnailUrl\":\"https:\\\/\\\/avoloi.fr\\\/blog\\\/wp-content\\\/uploads\\\/2023\\\/09\\\/blog-840x629-1.png\",\"articleSection\":[\"L\u2019arr\u00eat du jour\"],\"inLanguage\":\"fr-FR\",\"potentialAction\":[{\"@type\":\"CommentAction\",\"name\":\"Comment\",\"target\":[\"https:\\\/\\\/avoloi.fr\\\/blog\\\/larret-du-jour-363-cumul-emploi-retraite\\\/#respond\"]}]},{\"@type\":\"WebPage\",\"@id\":\"https:\\\/\\\/avoloi.fr\\\/blog\\\/larret-du-jour-363-cumul-emploi-retraite\\\/\",\"url\":\"https:\\\/\\\/avoloi.fr\\\/blog\\\/larret-du-jour-363-cumul-emploi-retraite\\\/\",\"name\":\"L'arr\u00eat du jour #363 : Cumul emploi retraite\",\"isPartOf\":{\"@id\":\"https:\\\/\\\/avoloi.fr\\\/blog\\\/#website\"},\"primaryImageOfPage\":{\"@id\":\"https:\\\/\\\/avoloi.fr\\\/blog\\\/larret-du-jour-363-cumul-emploi-retraite\\\/#primaryimage\"},\"image\":{\"@id\":\"https:\\\/\\\/avoloi.fr\\\/blog\\\/larret-du-jour-363-cumul-emploi-retraite\\\/#primaryimage\"},\"thumbnailUrl\":\"https:\\\/\\\/avoloi.fr\\\/blog\\\/wp-content\\\/uploads\\\/2023\\\/09\\\/blog-840x629-1.png\",\"datePublished\":\"2023-09-08T06:30:00+00:00\",\"description\":\"L'arr\u00eat du jour #363 : C\u2019est l\u2019histoire d\u2019une veuve qui souhaite \u00eatre en pension compl\u00e8te\u2026\",\"breadcrumb\":{\"@id\":\"https:\\\/\\\/avoloi.fr\\\/blog\\\/larret-du-jour-363-cumul-emploi-retraite\\\/#breadcrumb\"},\"inLanguage\":\"fr-FR\",\"potentialAction\":[{\"@type\":\"ReadAction\",\"target\":[\"https:\\\/\\\/avoloi.fr\\\/blog\\\/larret-du-jour-363-cumul-emploi-retraite\\\/\"]}]},{\"@type\":\"ImageObject\",\"inLanguage\":\"fr-FR\",\"@id\":\"https:\\\/\\\/avoloi.fr\\\/blog\\\/larret-du-jour-363-cumul-emploi-retraite\\\/#primaryimage\",\"url\":\"https:\\\/\\\/avoloi.fr\\\/blog\\\/wp-content\\\/uploads\\\/2023\\\/09\\\/blog-840x629-1.png\",\"contentUrl\":\"https:\\\/\\\/avoloi.fr\\\/blog\\\/wp-content\\\/uploads\\\/2023\\\/09\\\/blog-840x629-1.png\",\"width\":840,\"height\":629},{\"@type\":\"BreadcrumbList\",\"@id\":\"https:\\\/\\\/avoloi.fr\\\/blog\\\/larret-du-jour-363-cumul-emploi-retraite\\\/#breadcrumb\",\"itemListElement\":[{\"@type\":\"ListItem\",\"position\":1,\"name\":\"Accueil\",\"item\":\"https:\\\/\\\/avoloi.fr\\\/blog\\\/\"},{\"@type\":\"ListItem\",\"position\":2,\"name\":\"L&rsquo;arr\u00eat du jour #363 : Cumul emploi retraite\"}]},{\"@type\":\"WebSite\",\"@id\":\"https:\\\/\\\/avoloi.fr\\\/blog\\\/#website\",\"url\":\"https:\\\/\\\/avoloi.fr\\\/blog\\\/\",\"name\":\"Le blog Avoloi\",\"description\":\"\",\"publisher\":{\"@id\":\"https:\\\/\\\/avoloi.fr\\\/blog\\\/#organization\"},\"potentialAction\":[{\"@type\":\"SearchAction\",\"target\":{\"@type\":\"EntryPoint\",\"urlTemplate\":\"https:\\\/\\\/avoloi.fr\\\/blog\\\/?s={search_term_string}\"},\"query-input\":{\"@type\":\"PropertyValueSpecification\",\"valueRequired\":true,\"valueName\":\"search_term_string\"}}],\"inLanguage\":\"fr-FR\"},{\"@type\":\"Organization\",\"@id\":\"https:\\\/\\\/avoloi.fr\\\/blog\\\/#organization\",\"name\":\"Avoloi\",\"url\":\"https:\\\/\\\/avoloi.fr\\\/blog\\\/\",\"logo\":{\"@type\":\"ImageObject\",\"inLanguage\":\"fr-FR\",\"@id\":\"https:\\\/\\\/avoloi.fr\\\/blog\\\/#\\\/schema\\\/logo\\\/image\\\/\",\"url\":\"https:\\\/\\\/avoloi.fr\\\/blog\\\/wp-content\\\/uploads\\\/2022\\\/06\\\/avoloi_726x172.png\",\"contentUrl\":\"https:\\\/\\\/avoloi.fr\\\/blog\\\/wp-content\\\/uploads\\\/2022\\\/06\\\/avoloi_726x172.png\",\"width\":726,\"height\":172,\"caption\":\"Avoloi\"},\"image\":{\"@id\":\"https:\\\/\\\/avoloi.fr\\\/blog\\\/#\\\/schema\\\/logo\\\/image\\\/\"},\"sameAs\":[\"https:\\\/\\\/fr-fr.facebook.com\\\/avoloi\\\/\",\"https:\\\/\\\/x.com\\\/avoloi\",\"https:\\\/\\\/www.linkedin.com\\\/company\\\/11097274\\\/\",\"https:\\\/\\\/www.instagram.com\\\/avoloi\\\/\"]},{\"@type\":\"Person\",\"@id\":\"https:\\\/\\\/avoloi.fr\\\/blog\\\/#\\\/schema\\\/person\\\/3a4974d042eca49417953db9e121518f\",\"name\":\"Avoloi\",\"image\":{\"@type\":\"ImageObject\",\"inLanguage\":\"fr-FR\",\"@id\":\"https:\\\/\\\/secure.gravatar.com\\\/avatar\\\/118b6b371a8b17a9d08b2ea241bcc307957c5779e62732f9f3434926c9c02c43?s=96&d=mm&r=g\",\"url\":\"https:\\\/\\\/secure.gravatar.com\\\/avatar\\\/118b6b371a8b17a9d08b2ea241bcc307957c5779e62732f9f3434926c9c02c43?s=96&d=mm&r=g\",\"contentUrl\":\"https:\\\/\\\/secure.gravatar.com\\\/avatar\\\/118b6b371a8b17a9d08b2ea241bcc307957c5779e62732f9f3434926c9c02c43?s=96&d=mm&r=g\",\"caption\":\"Avoloi\"},\"sameAs\":[\"https:\\\/\\\/avoloi.fr\\\/blog\"]}]}<\/script>\n<!-- \/ Yoast SEO plugin. -->","yoast_head_json":{"title":"L'arr\u00eat du jour #363 : Cumul emploi retraite","description":"L'arr\u00eat du jour #363 : C\u2019est l\u2019histoire d\u2019une veuve qui souhaite \u00eatre en pension compl\u00e8te\u2026","robots":{"index":"index","follow":"follow","max-snippet":"max-snippet:-1","max-image-preview":"max-image-preview:large","max-video-preview":"max-video-preview:-1"},"canonical":"https:\/\/avoloi.fr\/blog\/larret-du-jour-363-cumul-emploi-retraite\/","og_locale":"fr_FR","og_type":"article","og_title":"L'arr\u00eat du jour #363 : Cumul emploi retraite","og_description":"C\u2019est l\u2019histoire d\u2019une veuve qui souhaite \u00eatre en pension compl\u00e8te\u2026","og_url":"https:\/\/avoloi.fr\/blog\/larret-du-jour-363-cumul-emploi-retraite\/","og_site_name":"Le blog Avoloi","article_publisher":"https:\/\/fr-fr.facebook.com\/avoloi\/","article_published_time":"2023-09-08T06:30:00+00:00","og_image":[{"width":1200,"height":631,"url":"https:\/\/avoloi.fr\/blog\/wp-content\/uploads\/2023\/09\/facebook-1200x630-1.png","type":"image\/png"}],"author":"Avoloi","twitter_card":"summary_large_image","twitter_title":"L'arr\u00eat du jour #363 : Cumul emploi retraite","twitter_description":"C\u2019est l\u2019histoire d\u2019une veuve qui souhaite \u00eatre en pension compl\u00e8te\u2026","twitter_image":"https:\/\/avoloi.fr\/blog\/wp-content\/uploads\/2023\/09\/twitter-1200x675-1.png","twitter_creator":"@avoloi","twitter_site":"@avoloi","twitter_misc":{"\u00c9crit par":"Avoloi","Dur\u00e9e de lecture estim\u00e9e":"1 minute"},"schema":{"@context":"https:\/\/schema.org","@graph":[{"@type":"Article","@id":"https:\/\/avoloi.fr\/blog\/larret-du-jour-363-cumul-emploi-retraite\/#article","isPartOf":{"@id":"https:\/\/avoloi.fr\/blog\/larret-du-jour-363-cumul-emploi-retraite\/"},"author":{"name":"Avoloi","@id":"https:\/\/avoloi.fr\/blog\/#\/schema\/person\/3a4974d042eca49417953db9e121518f"},"headline":"L&rsquo;arr\u00eat du jour #363 : Cumul emploi retraite","datePublished":"2023-09-08T06:30:00+00:00","mainEntityOfPage":{"@id":"https:\/\/avoloi.fr\/blog\/larret-du-jour-363-cumul-emploi-retraite\/"},"wordCount":227,"commentCount":0,"publisher":{"@id":"https:\/\/avoloi.fr\/blog\/#organization"},"image":{"@id":"https:\/\/avoloi.fr\/blog\/larret-du-jour-363-cumul-emploi-retraite\/#primaryimage"},"thumbnailUrl":"https:\/\/avoloi.fr\/blog\/wp-content\/uploads\/2023\/09\/blog-840x629-1.png","articleSection":["L\u2019arr\u00eat du jour"],"inLanguage":"fr-FR","potentialAction":[{"@type":"CommentAction","name":"Comment","target":["https:\/\/avoloi.fr\/blog\/larret-du-jour-363-cumul-emploi-retraite\/#respond"]}]},{"@type":"WebPage","@id":"https:\/\/avoloi.fr\/blog\/larret-du-jour-363-cumul-emploi-retraite\/","url":"https:\/\/avoloi.fr\/blog\/larret-du-jour-363-cumul-emploi-retraite\/","name":"L'arr\u00eat du jour #363 : Cumul emploi retraite","isPartOf":{"@id":"https:\/\/avoloi.fr\/blog\/#website"},"primaryImageOfPage":{"@id":"https:\/\/avoloi.fr\/blog\/larret-du-jour-363-cumul-emploi-retraite\/#primaryimage"},"image":{"@id":"https:\/\/avoloi.fr\/blog\/larret-du-jour-363-cumul-emploi-retraite\/#primaryimage"},"thumbnailUrl":"https:\/\/avoloi.fr\/blog\/wp-content\/uploads\/2023\/09\/blog-840x629-1.png","datePublished":"2023-09-08T06:30:00+00:00","description":"L'arr\u00eat du jour #363 : C\u2019est l\u2019histoire d\u2019une veuve qui souhaite \u00eatre en pension compl\u00e8te\u2026","breadcrumb":{"@id":"https:\/\/avoloi.fr\/blog\/larret-du-jour-363-cumul-emploi-retraite\/#breadcrumb"},"inLanguage":"fr-FR","potentialAction":[{"@type":"ReadAction","target":["https:\/\/avoloi.fr\/blog\/larret-du-jour-363-cumul-emploi-retraite\/"]}]},{"@type":"ImageObject","inLanguage":"fr-FR","@id":"https:\/\/avoloi.fr\/blog\/larret-du-jour-363-cumul-emploi-retraite\/#primaryimage","url":"https:\/\/avoloi.fr\/blog\/wp-content\/uploads\/2023\/09\/blog-840x629-1.png","contentUrl":"https:\/\/avoloi.fr\/blog\/wp-content\/uploads\/2023\/09\/blog-840x629-1.png","width":840,"height":629},{"@type":"BreadcrumbList","@id":"https:\/\/avoloi.fr\/blog\/larret-du-jour-363-cumul-emploi-retraite\/#breadcrumb","itemListElement":[{"@type":"ListItem","position":1,"name":"Accueil","item":"https:\/\/avoloi.fr\/blog\/"},{"@type":"ListItem","position":2,"name":"L&rsquo;arr\u00eat du jour #363 : Cumul emploi retraite"}]},{"@type":"WebSite","@id":"https:\/\/avoloi.fr\/blog\/#website","url":"https:\/\/avoloi.fr\/blog\/","name":"Le blog Avoloi","description":"","publisher":{"@id":"https:\/\/avoloi.fr\/blog\/#organization"},"potentialAction":[{"@type":"SearchAction","target":{"@type":"EntryPoint","urlTemplate":"https:\/\/avoloi.fr\/blog\/?s={search_term_string}"},"query-input":{"@type":"PropertyValueSpecification","valueRequired":true,"valueName":"search_term_string"}}],"inLanguage":"fr-FR"},{"@type":"Organization","@id":"https:\/\/avoloi.fr\/blog\/#organization","name":"Avoloi","url":"https:\/\/avoloi.fr\/blog\/","logo":{"@type":"ImageObject","inLanguage":"fr-FR","@id":"https:\/\/avoloi.fr\/blog\/#\/schema\/logo\/image\/","url":"https:\/\/avoloi.fr\/blog\/wp-content\/uploads\/2022\/06\/avoloi_726x172.png","contentUrl":"https:\/\/avoloi.fr\/blog\/wp-content\/uploads\/2022\/06\/avoloi_726x172.png","width":726,"height":172,"caption":"Avoloi"},"image":{"@id":"https:\/\/avoloi.fr\/blog\/#\/schema\/logo\/image\/"},"sameAs":["https:\/\/fr-fr.facebook.com\/avoloi\/","https:\/\/x.com\/avoloi","https:\/\/www.linkedin.com\/company\/11097274\/","https:\/\/www.instagram.com\/avoloi\/"]},{"@type":"Person","@id":"https:\/\/avoloi.fr\/blog\/#\/schema\/person\/3a4974d042eca49417953db9e121518f","name":"Avoloi","image":{"@type":"ImageObject","inLanguage":"fr-FR","@id":"https:\/\/secure.gravatar.com\/avatar\/118b6b371a8b17a9d08b2ea241bcc307957c5779e62732f9f3434926c9c02c43?s=96&d=mm&r=g","url":"https:\/\/secure.gravatar.com\/avatar\/118b6b371a8b17a9d08b2ea241bcc307957c5779e62732f9f3434926c9c02c43?s=96&d=mm&r=g","contentUrl":"https:\/\/secure.gravatar.com\/avatar\/118b6b371a8b17a9d08b2ea241bcc307957c5779e62732f9f3434926c9c02c43?s=96&d=mm&r=g","caption":"Avoloi"},"sameAs":["https:\/\/avoloi.fr\/blog"]}]}},"_links":{"self":[{"href":"https:\/\/avoloi.fr\/blog\/wp-json\/wp\/v2\/posts\/23841","targetHints":{"allow":["GET"]}}],"collection":[{"href":"https:\/\/avoloi.fr\/blog\/wp-json\/wp\/v2\/posts"}],"about":[{"href":"https:\/\/avoloi.fr\/blog\/wp-json\/wp\/v2\/types\/post"}],"author":[{"embeddable":true,"href":"https:\/\/avoloi.fr\/blog\/wp-json\/wp\/v2\/users\/1"}],"replies":[{"embeddable":true,"href":"https:\/\/avoloi.fr\/blog\/wp-json\/wp\/v2\/comments?post=23841"}],"version-history":[{"count":2,"href":"https:\/\/avoloi.fr\/blog\/wp-json\/wp\/v2\/posts\/23841\/revisions"}],"predecessor-version":[{"id":23846,"href":"https:\/\/avoloi.fr\/blog\/wp-json\/wp\/v2\/posts\/23841\/revisions\/23846"}],"wp:featuredmedia":[{"embeddable":true,"href":"https:\/\/avoloi.fr\/blog\/wp-json\/wp\/v2\/media\/23843"}],"wp:attachment":[{"href":"https:\/\/avoloi.fr\/blog\/wp-json\/wp\/v2\/media?parent=23841"}],"wp:term":[{"taxonomy":"category","embeddable":true,"href":"https:\/\/avoloi.fr\/blog\/wp-json\/wp\/v2\/categories?post=23841"},{"taxonomy":"post_tag","embeddable":true,"href":"https:\/\/avoloi.fr\/blog\/wp-json\/wp\/v2\/tags?post=23841"}],"curies":[{"name":"wp","href":"https:\/\/api.w.org\/{rel}","templated":true}]}}