{"id":23390,"date":"2022-07-15T14:41:00","date_gmt":"2022-07-15T12:41:00","guid":{"rendered":"https:\/\/avoloi.fr\/blog\/?p=23390"},"modified":"2022-06-27T16:27:39","modified_gmt":"2022-06-27T14:27:39","slug":"assurance-auto-vers","status":"publish","type":"post","link":"https:\/\/avoloi.fr\/blog\/assurance-auto-vers\/","title":{"rendered":"Assurance auto : vers une disparition de la vignette verte ?"},"content":{"rendered":"<p>Chaque ann\u00e9e, les automobilistes sont tenus de remplacer la vignette verte. La mise en place du nouveau macaron vert prouve la souscription \u00e0 une <a href=\"https:\/\/avoloi.fr\/blog\/refus-dassurance-obligatoire\/\">assurance<\/a> auto. \u00c0 la demande de France Assureurs, ce petit rituel obligatoire depuis presque 40 ans risque de devenir une histoire ancienne. Des n\u00e9gociations avec les minist\u00e8res de l\u2019\u00c9conomie et de l\u2019Int\u00e9rieur sont actuellement en cours.<\/p>\n<h2><strong>Pourquoi supprimer la vignette verte ?<\/strong><\/h2>\n<h3><strong>Simplifier la vie des Fran\u00e7ais<\/strong><\/h3>\n<p>Tous les ans, chaque automobiliste re\u00e7oit le fameux macaron vert qui occupe le coin droit du pare-brise. L\u2019assureur envoie le document par courrier, afin de certifier que le v\u00e9hicule est bel et bien assur\u00e9. La loi du 27 f\u00e9vrier 1958 oblige en effet tous les propri\u00e9taires de <a href=\"https:\/\/avoloi.fr\/blog\/vehicules-electriques-route\/\">v\u00e9hicules<\/a> \u00e0 souscrire une assurance auto, m\u00eame si ces derniers ne sont pas en circulation. La vignette verte doit ensuite \u00eatre parfaitement visible en toute circonstance. Une d\u00e9rogation \u00e0 cette r\u00e8gle expose le conducteur \u00e0 une amende de 35 euros.<\/p>\n<p>D\u2019apr\u00e8s les propos recueillis aupr\u00e8s de Franck Le Vallois, directeur g\u00e9n\u00e9ral de France Assureurs, la suppression du macaron vert vise \u00e0 simplifier la vie des Fran\u00e7ais. De son c\u00f4t\u00e9, le minist\u00e8re de l&rsquo;\u00c9conomie et des Finances souligne qu\u2019il est important de s\u2019assurer que le syst\u00e8me \u00e9lectronique mis en place soit \u00e9galement simple \u00e0 utiliser. L\u2019objectif est d\u2019\u00e9viter de r\u00e9clamer davantage de formalit\u00e9s que sur le mod\u00e8le papier.<\/p>\n<h3><strong>Limiter les fraudes<\/strong><\/h3>\n<p>La limitation des <a href=\"https:\/\/avoloi.fr\/blog\/fraude-carte-bancaire\/\">fraudes<\/a> est le second argument \u00e9voqu\u00e9 par la f\u00e9d\u00e9ration des 247 compagnies d&rsquo;assurances fran\u00e7aises. Au fil des ann\u00e9es, les autorit\u00e9s ont en effet constat\u00e9 que le macaron vert devient de plus en plus vuln\u00e9rable aux falsifications. Derri\u00e8re certaines attestations qui semblent \u00eatre valables se cachent des contrats r\u00e9sili\u00e9s, des documents obtenus de mani\u00e8re frauduleuse ou des cotisations impay\u00e9es. De plus, m\u00eame si le macaron vert est valide au moment de son \u00e9dition, il n\u2019est pas toujours \u00e9vident de prouver qu\u2019il l\u2019est toujours apr\u00e8s quelques mois.<\/p>\n<p>En 2020, l\u2019Observatoire national interminist\u00e9riel de la s\u00e9curit\u00e9 routi\u00e8re (ONISR) a relev\u00e9 65 000 infractions pour d\u00e9faut d\u2019assurance. En 2018, d\u2019apr\u00e8s le Fonds de garantie des assurances obligatoires de dommages (FGAO), plus de 750 000 automobilistes circulaient sans assurance en France.<\/p>\n<p>Pour rappel, conduire sans assurance automobile constitue un d\u00e9lit. Jug\u00e9e par le tribunal correctionnel, l\u2019infraction est passible d\u2019un emprisonnement de moins de 10 ans. D\u2019autres sanctions peuvent s\u2019y ajouter, notamment :<\/p>\n<ul>\n<li>une amende de 3 750 euros,<\/li>\n<li>une annulation du permis de conduire,<\/li>\n<li>une suspension du permis de conduire,<\/li>\n<li>la confiscation du v\u00e9hicule,<\/li>\n<li>l\u2019obligation de suivre un stage de sensibilisation aupr\u00e8s du service de la s\u00e9curit\u00e9 routi\u00e8re.<\/li>\n<\/ul>\n<h3><strong>Des enjeux \u00e9conomiques et environnementaux<\/strong><\/h3>\n<p>Des raisons \u00e9conomiques justifient \u00e9galement la suppression du macaron vert. France Assureurs estime que la nouvelle proc\u00e9dure g\u00e9n\u00e8re environ 17 millions d\u2019euros, sur la base des 56 millions de voitures assur\u00e9es en France. \u00c0 titre indicatif, l\u2019\u00e9dition de 1 000 vignettes aupr\u00e8s du Bureau central fran\u00e7ais co\u00fbte en moyenne 300 euros. La f\u00e9d\u00e9ration des compagnies d\u2019assurance pr\u00e9cise que les \u00e9conomies r\u00e9alis\u00e9es seront redistribu\u00e9es aux assur\u00e9s sous forme de baisse du prix des contrats d\u2019assurance auto. L\u2019impact \u00e9cologique de cette initiative est \u00e9galement non n\u00e9gligeable. D\u00e9sormais, il ne sera plus n\u00e9cessaire d\u2019\u00e9diter, d\u2019imprimer et d\u2019exp\u00e9dier plus de 50 millions de documents par an.<\/p>\n<h2><strong>D\u00e9mat\u00e9rialiser le certificat d\u2019assurance auto<\/strong><\/h2>\n<p><strong>Le Fichier des V\u00e9hicules Assur\u00e9s (FVA)<\/strong><\/p>\n<p>Le Fichier des V\u00e9hicules Assur\u00e9s constitue l\u2019alternative \u00e0 la suppression de la vignette verte. Aujourd\u2019hui, la base de donn\u00e9es compte plus de 56 millions de v\u00e9hicules. Il s\u2019agit d\u2019un fichier sp\u00e9cialement con\u00e7u pour centraliser toutes les informations mentionn\u00e9es dans chaque contrat d\u2019assurance auto, notamment :<\/p>\n<ul>\n<li>le num\u00e9ro de la plaque d\u2019immatriculation du v\u00e9hicule,<\/li>\n<li>le num\u00e9ro du contrat d\u2019assurance auto,<\/li>\n<li>le nom de l\u2019assureur, ainsi que<\/li>\n<li>la p\u00e9riode de validit\u00e9 du contrat.<\/li>\n<\/ul>\n<h3><strong>Un outil d\u00e9j\u00e0 op\u00e9rationnel<\/strong><\/h3>\n<p>Le Fichier des V\u00e9hicules Assur\u00e9s est un dispositif d\u00e9j\u00e0 op\u00e9rationnel. Depuis sa cr\u00e9ation en 2016, toutes les donn\u00e9es inscrites sur chaque contrat d\u2019assurance auto y sont enregistr\u00e9es. Chaque compagnie d\u2019assurance dispose d\u2019un d\u00e9lai maximal de 72 heures pour inscrire un nouveau v\u00e9hicule. Le principe est \u00e9galement valable pour signaler tout changement relatif au contrat d\u2019assurance, \u00e0 savoir une souscription, une modification ou une r\u00e9siliation. Depuis 2019, les forces de l\u2019ordre ont \u00e9galement acc\u00e8s au FVA. Il suffit d\u2019y indiquer le num\u00e9ro de la plaque d\u2019immatriculation pour v\u00e9rifier si le v\u00e9hicule est assur\u00e9 ou non.<\/p>\n<h2><strong>Une d\u00e9cision pas avant la fin de l\u2019\u00e9t\u00e9<\/strong><\/h2>\n<p>France Assureurs travaille sur la suppression de la vignette verte depuis d\u00e9j\u00e0 plusieurs ann\u00e9es. D\u2019apr\u00e8s la pr\u00e9sidente de la f\u00e9d\u00e9ration Florence Lustman, un d\u00e9cret du Gouvernement est n\u00e9cessaire pour mettre en place la nouvelle proc\u00e9dure. Elle affirme \u00e9galement qu\u2019au vu des discussions en cours avec le Gouvernement, le projet est \u00ab en bonne voie \u00bb. Pour mettre en place l\u2019arbitrage, il faudra tout de m\u00eame faire preuve de patience. Une d\u00e9cision pourra \u00eatre prise au mieux \u00e0 la rentr\u00e9e en septembre. Lorsque le d\u00e9cret sera publi\u00e9, les assureurs s\u2019engagent tout de m\u00eame \u00e0 \u00ab pr\u00e9parer les esprits \u00bb des clients avant de supprimer d\u00e9finitivement le macaron vert.<\/p>\n<p><em>Photo de <a href=\"https:\/\/www.pexels.com\/fr-fr\/photo\/cles-de-voiture-sur-surface-noire-109361\/\" target=\"_blank\" rel=\"noopener\">revac film&rsquo;s&amp;photography<\/a>\u00a0on\u00a0<a href=\"https:\/\/www.pexels.com\/fr-fr\/\" target=\"_blank\" rel=\"noopener\">Pexels<\/a><\/em><\/p>\n\n\n<p><\/p>\n","protected":false},"excerpt":{"rendered":"<p>Chaque ann\u00e9e, les automobilistes sont tenus de remplacer la vignette verte&#8230;<\/p>\n","protected":false},"author":2,"featured_media":23391,"comment_status":"open","ping_status":"closed","sticky":false,"template":"","format":"standard","meta":{"footnotes":""},"categories":[41],"tags":[791,42,221],"class_list":["post-23390","post","type-post","status-publish","format-standard","has-post-thumbnail","hentry","category-droit-routier-permis-de-conduire","tag-assurances","tag-route","tag-voiture"],"yoast_head":"<!-- This site is optimized with the Yoast SEO plugin v27.4 - https:\/\/yoast.com\/product\/yoast-seo-wordpress\/ -->\n<title>Assurance auto : vers une disparition de la vignette verte ? - Le blog Avoloi<\/title>\n<meta name=\"description\" content=\"Assurance auto : vers une disparition de la vignette verte ? Pourquoi supprimer la vignette verte ? D\u00e9couvrons !\" \/>\n<meta name=\"robots\" content=\"index, follow, max-snippet:-1, max-image-preview:large, max-video-preview:-1\" \/>\n<link rel=\"canonical\" href=\"https:\/\/avoloi.fr\/blog\/assurance-auto-vers\/\" \/>\n<meta property=\"og:locale\" content=\"fr_FR\" \/>\n<meta property=\"og:type\" content=\"article\" \/>\n<meta property=\"og:title\" content=\"Assurance auto : vers une disparition de la vignette verte ? - Le blog Avoloi\" \/>\n<meta property=\"og:description\" content=\"Assurance auto : vers une disparition de la vignette verte ? Pourquoi supprimer la vignette verte ? D\u00e9couvrons !\" \/>\n<meta property=\"og:url\" content=\"https:\/\/avoloi.fr\/blog\/assurance-auto-vers\/\" \/>\n<meta property=\"og:site_name\" content=\"Le blog Avoloi\" \/>\n<meta property=\"article:publisher\" content=\"https:\/\/fr-fr.facebook.com\/avoloi\/\" \/>\n<meta property=\"article:published_time\" content=\"2022-07-15T12:41:00+00:00\" \/>\n<meta property=\"og:image\" content=\"https:\/\/avoloi.fr\/blog\/wp-content\/uploads\/2022\/06\/Assurance-auto-vers.jpg\" \/>\n\t<meta property=\"og:image:width\" content=\"500\" \/>\n\t<meta property=\"og:image:height\" content=\"333\" \/>\n\t<meta property=\"og:image:type\" content=\"image\/jpeg\" \/>\n<meta name=\"author\" content=\"Avoloi\" \/>\n<meta name=\"twitter:card\" content=\"summary_large_image\" \/>\n<meta name=\"twitter:creator\" content=\"@avoloi\" \/>\n<meta name=\"twitter:site\" content=\"@avoloi\" \/>\n<meta name=\"twitter:label1\" content=\"\u00c9crit par\" \/>\n\t<meta name=\"twitter:data1\" content=\"Avoloi\" \/>\n\t<meta name=\"twitter:label2\" content=\"Dur\u00e9e de lecture estim\u00e9e\" \/>\n\t<meta name=\"twitter:data2\" content=\"5 minutes\" \/>\n<script type=\"application\/ld+json\" class=\"yoast-schema-graph\">{\"@context\":\"https:\\\/\\\/schema.org\",\"@graph\":[{\"@type\":\"Article\",\"@id\":\"https:\\\/\\\/avoloi.fr\\\/blog\\\/assurance-auto-vers\\\/#article\",\"isPartOf\":{\"@id\":\"https:\\\/\\\/avoloi.fr\\\/blog\\\/assurance-auto-vers\\\/\"},\"author\":{\"name\":\"Avoloi\",\"@id\":\"https:\\\/\\\/avoloi.fr\\\/blog\\\/#\\\/schema\\\/person\\\/23b73188a8a805006f016e2a3cb617b1\"},\"headline\":\"Assurance auto : vers une disparition de la vignette verte ?\",\"datePublished\":\"2022-07-15T12:41:00+00:00\",\"mainEntityOfPage\":{\"@id\":\"https:\\\/\\\/avoloi.fr\\\/blog\\\/assurance-auto-vers\\\/\"},\"wordCount\":965,\"commentCount\":0,\"publisher\":{\"@id\":\"https:\\\/\\\/avoloi.fr\\\/blog\\\/#organization\"},\"image\":{\"@id\":\"https:\\\/\\\/avoloi.fr\\\/blog\\\/assurance-auto-vers\\\/#primaryimage\"},\"thumbnailUrl\":\"https:\\\/\\\/avoloi.fr\\\/blog\\\/wp-content\\\/uploads\\\/2022\\\/06\\\/Assurance-auto-vers.jpg\",\"keywords\":[\"assurances\",\"route\",\"voiture\"],\"articleSection\":[\"Droit routier\\\/permis de conduire\"],\"inLanguage\":\"fr-FR\",\"potentialAction\":[{\"@type\":\"CommentAction\",\"name\":\"Comment\",\"target\":[\"https:\\\/\\\/avoloi.fr\\\/blog\\\/assurance-auto-vers\\\/#respond\"]}]},{\"@type\":\"WebPage\",\"@id\":\"https:\\\/\\\/avoloi.fr\\\/blog\\\/assurance-auto-vers\\\/\",\"url\":\"https:\\\/\\\/avoloi.fr\\\/blog\\\/assurance-auto-vers\\\/\",\"name\":\"Assurance auto : vers une disparition de la vignette verte ? - Le blog Avoloi\",\"isPartOf\":{\"@id\":\"https:\\\/\\\/avoloi.fr\\\/blog\\\/#website\"},\"primaryImageOfPage\":{\"@id\":\"https:\\\/\\\/avoloi.fr\\\/blog\\\/assurance-auto-vers\\\/#primaryimage\"},\"image\":{\"@id\":\"https:\\\/\\\/avoloi.fr\\\/blog\\\/assurance-auto-vers\\\/#primaryimage\"},\"thumbnailUrl\":\"https:\\\/\\\/avoloi.fr\\\/blog\\\/wp-content\\\/uploads\\\/2022\\\/06\\\/Assurance-auto-vers.jpg\",\"datePublished\":\"2022-07-15T12:41:00+00:00\",\"description\":\"Assurance auto : vers une disparition de la vignette verte ? Pourquoi supprimer la vignette verte ? D\u00e9couvrons !\",\"breadcrumb\":{\"@id\":\"https:\\\/\\\/avoloi.fr\\\/blog\\\/assurance-auto-vers\\\/#breadcrumb\"},\"inLanguage\":\"fr-FR\",\"potentialAction\":[{\"@type\":\"ReadAction\",\"target\":[\"https:\\\/\\\/avoloi.fr\\\/blog\\\/assurance-auto-vers\\\/\"]}]},{\"@type\":\"ImageObject\",\"inLanguage\":\"fr-FR\",\"@id\":\"https:\\\/\\\/avoloi.fr\\\/blog\\\/assurance-auto-vers\\\/#primaryimage\",\"url\":\"https:\\\/\\\/avoloi.fr\\\/blog\\\/wp-content\\\/uploads\\\/2022\\\/06\\\/Assurance-auto-vers.jpg\",\"contentUrl\":\"https:\\\/\\\/avoloi.fr\\\/blog\\\/wp-content\\\/uploads\\\/2022\\\/06\\\/Assurance-auto-vers.jpg\",\"width\":500,\"height\":333,\"caption\":\"Assurance auto vers\"},{\"@type\":\"BreadcrumbList\",\"@id\":\"https:\\\/\\\/avoloi.fr\\\/blog\\\/assurance-auto-vers\\\/#breadcrumb\",\"itemListElement\":[{\"@type\":\"ListItem\",\"position\":1,\"name\":\"Accueil\",\"item\":\"https:\\\/\\\/avoloi.fr\\\/blog\\\/\"},{\"@type\":\"ListItem\",\"position\":2,\"name\":\"Assurance auto : vers une disparition de la vignette verte ?\"}]},{\"@type\":\"WebSite\",\"@id\":\"https:\\\/\\\/avoloi.fr\\\/blog\\\/#website\",\"url\":\"https:\\\/\\\/avoloi.fr\\\/blog\\\/\",\"name\":\"Le blog Avoloi\",\"description\":\"\",\"publisher\":{\"@id\":\"https:\\\/\\\/avoloi.fr\\\/blog\\\/#organization\"},\"potentialAction\":[{\"@type\":\"SearchAction\",\"target\":{\"@type\":\"EntryPoint\",\"urlTemplate\":\"https:\\\/\\\/avoloi.fr\\\/blog\\\/?s={search_term_string}\"},\"query-input\":{\"@type\":\"PropertyValueSpecification\",\"valueRequired\":true,\"valueName\":\"search_term_string\"}}],\"inLanguage\":\"fr-FR\"},{\"@type\":\"Organization\",\"@id\":\"https:\\\/\\\/avoloi.fr\\\/blog\\\/#organization\",\"name\":\"Avoloi\",\"url\":\"https:\\\/\\\/avoloi.fr\\\/blog\\\/\",\"logo\":{\"@type\":\"ImageObject\",\"inLanguage\":\"fr-FR\",\"@id\":\"https:\\\/\\\/avoloi.fr\\\/blog\\\/#\\\/schema\\\/logo\\\/image\\\/\",\"url\":\"https:\\\/\\\/avoloi.fr\\\/blog\\\/wp-content\\\/uploads\\\/2022\\\/06\\\/avoloi_726x172.png\",\"contentUrl\":\"https:\\\/\\\/avoloi.fr\\\/blog\\\/wp-content\\\/uploads\\\/2022\\\/06\\\/avoloi_726x172.png\",\"width\":726,\"height\":172,\"caption\":\"Avoloi\"},\"image\":{\"@id\":\"https:\\\/\\\/avoloi.fr\\\/blog\\\/#\\\/schema\\\/logo\\\/image\\\/\"},\"sameAs\":[\"https:\\\/\\\/fr-fr.facebook.com\\\/avoloi\\\/\",\"https:\\\/\\\/x.com\\\/avoloi\",\"https:\\\/\\\/www.linkedin.com\\\/company\\\/11097274\\\/\",\"https:\\\/\\\/www.instagram.com\\\/avoloi\\\/\"]},{\"@type\":\"Person\",\"@id\":\"https:\\\/\\\/avoloi.fr\\\/blog\\\/#\\\/schema\\\/person\\\/23b73188a8a805006f016e2a3cb617b1\",\"name\":\"Avoloi\",\"image\":{\"@type\":\"ImageObject\",\"inLanguage\":\"fr-FR\",\"@id\":\"https:\\\/\\\/secure.gravatar.com\\\/avatar\\\/2ec2e99d2d37d9499d05c0d8442d636f63a751b8a8c16870416ac671c571f81d?s=96&d=mm&r=g\",\"url\":\"https:\\\/\\\/secure.gravatar.com\\\/avatar\\\/2ec2e99d2d37d9499d05c0d8442d636f63a751b8a8c16870416ac671c571f81d?s=96&d=mm&r=g\",\"contentUrl\":\"https:\\\/\\\/secure.gravatar.com\\\/avatar\\\/2ec2e99d2d37d9499d05c0d8442d636f63a751b8a8c16870416ac671c571f81d?s=96&d=mm&r=g\",\"caption\":\"Avoloi\"}}]}<\/script>\n<!-- \/ Yoast SEO plugin. -->","yoast_head_json":{"title":"Assurance auto : vers une disparition de la vignette verte ? - Le blog Avoloi","description":"Assurance auto : vers une disparition de la vignette verte ? Pourquoi supprimer la vignette verte ? D\u00e9couvrons !","robots":{"index":"index","follow":"follow","max-snippet":"max-snippet:-1","max-image-preview":"max-image-preview:large","max-video-preview":"max-video-preview:-1"},"canonical":"https:\/\/avoloi.fr\/blog\/assurance-auto-vers\/","og_locale":"fr_FR","og_type":"article","og_title":"Assurance auto : vers une disparition de la vignette verte ? - Le blog Avoloi","og_description":"Assurance auto : vers une disparition de la vignette verte ? Pourquoi supprimer la vignette verte ? D\u00e9couvrons !","og_url":"https:\/\/avoloi.fr\/blog\/assurance-auto-vers\/","og_site_name":"Le blog Avoloi","article_publisher":"https:\/\/fr-fr.facebook.com\/avoloi\/","article_published_time":"2022-07-15T12:41:00+00:00","og_image":[{"width":500,"height":333,"url":"https:\/\/avoloi.fr\/blog\/wp-content\/uploads\/2022\/06\/Assurance-auto-vers.jpg","type":"image\/jpeg"}],"author":"Avoloi","twitter_card":"summary_large_image","twitter_creator":"@avoloi","twitter_site":"@avoloi","twitter_misc":{"\u00c9crit par":"Avoloi","Dur\u00e9e de lecture estim\u00e9e":"5 minutes"},"schema":{"@context":"https:\/\/schema.org","@graph":[{"@type":"Article","@id":"https:\/\/avoloi.fr\/blog\/assurance-auto-vers\/#article","isPartOf":{"@id":"https:\/\/avoloi.fr\/blog\/assurance-auto-vers\/"},"author":{"name":"Avoloi","@id":"https:\/\/avoloi.fr\/blog\/#\/schema\/person\/23b73188a8a805006f016e2a3cb617b1"},"headline":"Assurance auto : vers une disparition de la vignette verte ?","datePublished":"2022-07-15T12:41:00+00:00","mainEntityOfPage":{"@id":"https:\/\/avoloi.fr\/blog\/assurance-auto-vers\/"},"wordCount":965,"commentCount":0,"publisher":{"@id":"https:\/\/avoloi.fr\/blog\/#organization"},"image":{"@id":"https:\/\/avoloi.fr\/blog\/assurance-auto-vers\/#primaryimage"},"thumbnailUrl":"https:\/\/avoloi.fr\/blog\/wp-content\/uploads\/2022\/06\/Assurance-auto-vers.jpg","keywords":["assurances","route","voiture"],"articleSection":["Droit routier\/permis de conduire"],"inLanguage":"fr-FR","potentialAction":[{"@type":"CommentAction","name":"Comment","target":["https:\/\/avoloi.fr\/blog\/assurance-auto-vers\/#respond"]}]},{"@type":"WebPage","@id":"https:\/\/avoloi.fr\/blog\/assurance-auto-vers\/","url":"https:\/\/avoloi.fr\/blog\/assurance-auto-vers\/","name":"Assurance auto : vers une disparition de la vignette verte ? - Le blog Avoloi","isPartOf":{"@id":"https:\/\/avoloi.fr\/blog\/#website"},"primaryImageOfPage":{"@id":"https:\/\/avoloi.fr\/blog\/assurance-auto-vers\/#primaryimage"},"image":{"@id":"https:\/\/avoloi.fr\/blog\/assurance-auto-vers\/#primaryimage"},"thumbnailUrl":"https:\/\/avoloi.fr\/blog\/wp-content\/uploads\/2022\/06\/Assurance-auto-vers.jpg","datePublished":"2022-07-15T12:41:00+00:00","description":"Assurance auto : vers une disparition de la vignette verte ? Pourquoi supprimer la vignette verte ? D\u00e9couvrons !","breadcrumb":{"@id":"https:\/\/avoloi.fr\/blog\/assurance-auto-vers\/#breadcrumb"},"inLanguage":"fr-FR","potentialAction":[{"@type":"ReadAction","target":["https:\/\/avoloi.fr\/blog\/assurance-auto-vers\/"]}]},{"@type":"ImageObject","inLanguage":"fr-FR","@id":"https:\/\/avoloi.fr\/blog\/assurance-auto-vers\/#primaryimage","url":"https:\/\/avoloi.fr\/blog\/wp-content\/uploads\/2022\/06\/Assurance-auto-vers.jpg","contentUrl":"https:\/\/avoloi.fr\/blog\/wp-content\/uploads\/2022\/06\/Assurance-auto-vers.jpg","width":500,"height":333,"caption":"Assurance auto vers"},{"@type":"BreadcrumbList","@id":"https:\/\/avoloi.fr\/blog\/assurance-auto-vers\/#breadcrumb","itemListElement":[{"@type":"ListItem","position":1,"name":"Accueil","item":"https:\/\/avoloi.fr\/blog\/"},{"@type":"ListItem","position":2,"name":"Assurance auto : vers une disparition de la vignette verte ?"}]},{"@type":"WebSite","@id":"https:\/\/avoloi.fr\/blog\/#website","url":"https:\/\/avoloi.fr\/blog\/","name":"Le blog Avoloi","description":"","publisher":{"@id":"https:\/\/avoloi.fr\/blog\/#organization"},"potentialAction":[{"@type":"SearchAction","target":{"@type":"EntryPoint","urlTemplate":"https:\/\/avoloi.fr\/blog\/?s={search_term_string}"},"query-input":{"@type":"PropertyValueSpecification","valueRequired":true,"valueName":"search_term_string"}}],"inLanguage":"fr-FR"},{"@type":"Organization","@id":"https:\/\/avoloi.fr\/blog\/#organization","name":"Avoloi","url":"https:\/\/avoloi.fr\/blog\/","logo":{"@type":"ImageObject","inLanguage":"fr-FR","@id":"https:\/\/avoloi.fr\/blog\/#\/schema\/logo\/image\/","url":"https:\/\/avoloi.fr\/blog\/wp-content\/uploads\/2022\/06\/avoloi_726x172.png","contentUrl":"https:\/\/avoloi.fr\/blog\/wp-content\/uploads\/2022\/06\/avoloi_726x172.png","width":726,"height":172,"caption":"Avoloi"},"image":{"@id":"https:\/\/avoloi.fr\/blog\/#\/schema\/logo\/image\/"},"sameAs":["https:\/\/fr-fr.facebook.com\/avoloi\/","https:\/\/x.com\/avoloi","https:\/\/www.linkedin.com\/company\/11097274\/","https:\/\/www.instagram.com\/avoloi\/"]},{"@type":"Person","@id":"https:\/\/avoloi.fr\/blog\/#\/schema\/person\/23b73188a8a805006f016e2a3cb617b1","name":"Avoloi","image":{"@type":"ImageObject","inLanguage":"fr-FR","@id":"https:\/\/secure.gravatar.com\/avatar\/2ec2e99d2d37d9499d05c0d8442d636f63a751b8a8c16870416ac671c571f81d?s=96&d=mm&r=g","url":"https:\/\/secure.gravatar.com\/avatar\/2ec2e99d2d37d9499d05c0d8442d636f63a751b8a8c16870416ac671c571f81d?s=96&d=mm&r=g","contentUrl":"https:\/\/secure.gravatar.com\/avatar\/2ec2e99d2d37d9499d05c0d8442d636f63a751b8a8c16870416ac671c571f81d?s=96&d=mm&r=g","caption":"Avoloi"}}]}},"_links":{"self":[{"href":"https:\/\/avoloi.fr\/blog\/wp-json\/wp\/v2\/posts\/23390","targetHints":{"allow":["GET"]}}],"collection":[{"href":"https:\/\/avoloi.fr\/blog\/wp-json\/wp\/v2\/posts"}],"about":[{"href":"https:\/\/avoloi.fr\/blog\/wp-json\/wp\/v2\/types\/post"}],"author":[{"embeddable":true,"href":"https:\/\/avoloi.fr\/blog\/wp-json\/wp\/v2\/users\/2"}],"replies":[{"embeddable":true,"href":"https:\/\/avoloi.fr\/blog\/wp-json\/wp\/v2\/comments?post=23390"}],"version-history":[{"count":1,"href":"https:\/\/avoloi.fr\/blog\/wp-json\/wp\/v2\/posts\/23390\/revisions"}],"predecessor-version":[{"id":23392,"href":"https:\/\/avoloi.fr\/blog\/wp-json\/wp\/v2\/posts\/23390\/revisions\/23392"}],"wp:featuredmedia":[{"embeddable":true,"href":"https:\/\/avoloi.fr\/blog\/wp-json\/wp\/v2\/media\/23391"}],"wp:attachment":[{"href":"https:\/\/avoloi.fr\/blog\/wp-json\/wp\/v2\/media?parent=23390"}],"wp:term":[{"taxonomy":"category","embeddable":true,"href":"https:\/\/avoloi.fr\/blog\/wp-json\/wp\/v2\/categories?post=23390"},{"taxonomy":"post_tag","embeddable":true,"href":"https:\/\/avoloi.fr\/blog\/wp-json\/wp\/v2\/tags?post=23390"}],"curies":[{"name":"wp","href":"https:\/\/api.w.org\/{rel}","templated":true}]}}