{"id":23240,"date":"2022-05-20T10:04:00","date_gmt":"2022-05-20T08:04:00","guid":{"rendered":"https:\/\/avoloi.eu\/?p=23240"},"modified":"2022-05-20T10:04:00","modified_gmt":"2022-05-20T08:04:00","slug":"renforcer-lutte-harcelement","status":"publish","type":"post","link":"https:\/\/avoloi.fr\/blog\/renforcer-lutte-harcelement\/","title":{"rendered":"La loi du 2 mars 2022 pour renforcer la lutte contre le harc\u00e8lement scolaire"},"content":{"rendered":"<p>Aujourd\u2019hui, le harc\u00e8lement scolaire n\u2019est plus consid\u00e9r\u00e9 comme un tabou. Le chercheur et ancien d\u00e9l\u00e9gu\u00e9 minist\u00e9riel \u00e0 la violence scolaire \u00c9ric Debarbieux a \u00e9t\u00e9 en quelque sorte l\u2019initiateur des nouvelles dispositions l\u00e9gislatives. L\u2019enqu\u00eate men\u00e9e par le p\u00e9dagogue indique que chaque ann\u00e9e, un enfant sur dix est victime de harc\u00e8lement scolaire. De plus, les r\u00e9seaux sociaux tendent \u00e0 amplifier le ph\u00e9nom\u00e8ne. La loi Balanant du 2 mars 2022 vient donc renforcer la lutte contre le harc\u00e8lement scolaire. Le texte l\u00e9gislatif pr\u00e9voit entre autres une sanction pouvant aller jusqu\u2019\u00e0 10 ans de prison.<\/p>\n<h2><strong>Une scolarit\u00e9 sans harc\u00e8lement<\/strong><\/h2>\n<h3><strong>Une composante du droit \u00e0 l\u2019\u00e9ducation<\/strong><\/h3>\n<p>La loi du 2 mars 2022 pr\u00f4ne le droit \u00e0 une <a href=\"https:\/\/avoloi.eu\/droits-mineur-scolarite\/\">scolarit\u00e9<\/a> sans harc\u00e8lement. D\u00e9j\u00e0 pr\u00e9vu par la loi du 26 juillet 2019 pour une \u00e9cole de la confiance, celui-ci fait d\u00e9sormais partie du droit \u00e0 l\u2019\u00e9ducation. La nouvelle loi \u00e9tend \u00e9galement ce droit \u00e0 suivre une scolarit\u00e9 exempte de toute forme de harc\u00e8lement aux \u00e9l\u00e8ves de l&rsquo;enseignement priv\u00e9 et aux \u00e9tudiants. Pour compl\u00e9ter la d\u00e9finition du harc\u00e8lement, le texte de loi y int\u00e8gre les faits commis en marge de la vie scolaire ou universitaire et par les personnels.<\/p>\n<h3><strong>Une obligation de moyens<\/strong><\/h3>\n<p>La loi Balanant du 2 mars 2022 pr\u00e9voit ensuite une obligation de moyens pour un certain nombre d\u2019institutions. Le projet d&rsquo;\u00e9cole ou d&rsquo;\u00e9tablissement mentionn\u00e9 \u00e0 l&rsquo;<a href=\"https:\/\/www.legifrance.gouv.fr\/codes\/article_lc\/LEGIARTI000038902381\/\" target=\"_blank\" rel=\"noopener\">article L. 401-1 du Code de l\u2019\u00e9ducation<\/a> d\u00e9termine les lignes directrices ainsi que les proc\u00e9dures visant \u00e0 pr\u00e9venir, d\u00e9tecter et traiter les faits de harc\u00e8lement pr\u00e9vus par <a href=\"https:\/\/www.legifrance.gouv.fr\/codes\/article_lc\/LEGIARTI000045289333\/#:~:text=Version%20en%20vigueur%20depuis%20le%2004%20mars%202022&amp;text=Le%20harc%C3%A8lement%20scolaire%20est%20puni,entra%C3%AEn%C3%A9%20aucune%20incapacit%C3%A9%20de%20travail.\">l&rsquo;article 222-33-2-3 du Code p\u00e9nal<\/a>. Les \u00e9tablissements d\u2019enseignement scolaire et sup\u00e9rieur publics et priv\u00e9s, de m\u00eame que les Crous ou centres r\u00e9gionaux des \u0153uvres universitaires et scolaires sont donc tenus de prendre toutes les mesures n\u00e9cessaires destin\u00e9es \u00e0 :<\/p>\n<ul>\n<li>la pr\u00e9vention et le traitement des cas de harc\u00e8lement,<\/li>\n<li>l\u2019orientation des victimes, des auteurs et des t\u00e9moins vers des associations qui seront en mesure de les accompagner.<\/li>\n<\/ul>\n<p>Il faut savoir que ces mesures s\u2019inscrivent dans la d\u00e9marche de g\u00e9n\u00e9ralisation du <a href=\"https:\/\/www.education.gouv.fr\/non-au-harcelement\/phare-un-programme-de-lutte-contre-le-harcelement-l-ecole-323435\" target=\"_blank\" rel=\"noopener\">programme pHARe<\/a>.<\/p>\n<h2><strong>Une formation sur le harc\u00e8lement scolaire<\/strong><\/h2>\n<h3><strong>Les personnes concern\u00e9es<\/strong><\/h3>\n<p>La nouvelle loi du 2 mars 2022 souligne l\u2019importance d\u2019une formation pour les diff\u00e9rents personnels pouvant \u00eatre confront\u00e9s \u00e0 des situations de harc\u00e8lement en milieu scolaire ou universitaire au cours de leur activit\u00e9 professionnelle. La formation vise avant tout \u00e0 pr\u00e9venir les faits de harc\u00e8lement. Elle portera ensuite sur l\u2019identification et la prise en charge des victimes, des t\u00e9moins et des auteurs des faits. La formation s\u2019adresse notamment :<\/p>\n<ul>\n<li>aux personnels m\u00e9dicaux et param\u00e9dicaux,<\/li>\n<li>aux magistrats,<\/li>\n<li>aux travailleurs sociaux,<\/li>\n<li>aux personnels de l\u2019\u00e9ducation nationale,<\/li>\n<li>aux personnels d\u2019animation culturelle, sportive et de loisirs, et<\/li>\n<li>aux personnels de la police nationale, de la gendarmerie nationale et des polices municipales.<\/li>\n<\/ul>\n<h3><strong>Quelques recommandations des s\u00e9nateurs<\/strong><\/h3>\n<p>Les s\u00e9nateurs pr\u00e9voient \u00e9galement des dispositions suppl\u00e9mentaires afin de renforcer la lutte contre le harc\u00e8lement scolaire. Selon eux, il est important d\u2019accorder une attention particuli\u00e8re aux cas de harc\u00e8lement scolaire lors des visites m\u00e9dicales obligatoires \u00e0 l\u2019\u00e9cole, au m\u00eame titre que la maltraitance. Un contrat \u00e0 dur\u00e9e ind\u00e9termin\u00e9e (CDI) est \u00e9galement recommand\u00e9 pour les personnels assistants d\u2019\u00e9ducation (AED) qui ont d\u00e9j\u00e0 exerc\u00e9 leur activit\u00e9 pendant six ans au sein de l\u2019\u00e9tablissement concern\u00e9. \u00c0 ces deux recommandations s\u2019ajoute une prise en charge financi\u00e8re des d\u00e9penses li\u00e9es au suivi psychologique et psychiatrique des enfants victimes de harc\u00e8lement et de leurs auteurs. Il s\u2019agit plus pr\u00e9cis\u00e9ment de la mise en place par le gouvernement d\u2019un rapport \u00e9valuant la possibilit\u00e9 d&rsquo;un remboursement par l\u2019assurance maladie.<\/p>\n<h2><strong>Un nouveau d\u00e9lit de harc\u00e8lement scolaire<\/strong><\/h2>\n<p>La mise en place d\u2019un nouveau d\u00e9lit de harc\u00e8lement figure parmi les r\u00e9formes majeures apport\u00e9es par la loi du 2 mars 2022.<\/p>\n<h3><strong>Le renforcement des peines<\/strong><\/h3>\n<p>Le nouvel article 222-33-2-3 du Code p\u00e9nal d\u00e9finit les caract\u00e9ristiques d\u2019un harc\u00e8lement scolaire. Il s\u2019agit des faits de harc\u00e8lement moral commis envers un \u00e9l\u00e8ve par toute personne \u00e9tudiant ou exer\u00e7ant une activit\u00e9 professionnelle au sein du m\u00eame \u00e9tablissement d\u2019enseignement. Le harc\u00e8lement scolaire sera alors puni par trois ans d\u2019emprisonnement et 45 000 euros d\u2019amende. La sanction s\u2019applique lorsque le harc\u00e8lement a caus\u00e9 une incapacit\u00e9 totale de travail de moins de huit jours ou n\u2019a entra\u00een\u00e9 aucune incapacit\u00e9 de travail.<\/p>\n<p>Avec la loi Balanant, ces sanctions sont port\u00e9es \u00e0 :<\/p>\n<ul>\n<li>5 ans d\u2019emprisonnement et 75 000 euros d\u2019amende si le harc\u00e8lement a caus\u00e9 une incapacit\u00e9 totale de travail d\u2019une dur\u00e9e sup\u00e9rieure \u00e0 8 jours,<\/li>\n<li>10 ans d\u2019emprisonnement et 150 000 euros d\u2019amende si jamais les faits ont conduit la victime \u00e0 se suicider ou \u00e0 tenter de se suicider.<\/li>\n<\/ul>\n<p>Le nouvel article s\u2019applique \u00e9galement aux faits qui se poursuivent lorsque la victime ou l\u2019auteur n\u2019\u00e9tudie plus ou n\u2019exerce plus son activit\u00e9 professionnelle au sein de l\u2019\u00e9tablissement. Des sanctions sont \u00e9galement pr\u00e9vues pour les faits de harc\u00e8lement indiqu\u00e9s dans l\u2019article 222-33-2-2 commis sur tout mineur, et pas uniquement ceux qui sont \u00e2g\u00e9s de moins de 15 ans. Il s\u2019agit cette fois-ci d\u2019un emprisonnement de 2 ans et d\u2019une amende de 30 000 euros.<\/p>\n<h3><strong>Un stage de sensibilisation sur les risques li\u00e9s au harc\u00e8lement scolaire<\/strong><\/h3>\n<p>Le juge est \u00e9galement amen\u00e9 \u00e0 prononcer un stage de sensibilisation sur les risques li\u00e9s au harc\u00e8lement scolaire, dont :<\/p>\n<ul>\n<li>un stage de formation civique pr\u00e9vu par l\u2019article L. 112-2 du code de la justice p\u00e9nale des mineurs,<\/li>\n<li>un stage de citoyennet\u00e9 pr\u00e9vu \u00e0 l\u2019article 131-5-1 du code p\u00e9nal pour une infraction commise pendant la scolarit\u00e9,<\/li>\n<li>un stage de formation civique pour une infraction reconnue pendant la scolarit\u00e9.<\/li>\n<\/ul>\n<h2><strong>Quid du cyberharc\u00e8lement ?<\/strong><\/h2>\n<h3><strong>Mieux encadrer le cyberharc\u00e8lement<\/strong><\/h3>\n<p>Pour renforcer la lutte contre le <a href=\"https:\/\/avoloi.eu\/la-preuve-en-matiere-de-cyber-harcelement\/\">cyberharc\u00e8lement<\/a> sur les r\u00e9seaux sociaux, il est tout \u00e0 fait possible de confisquer les ordinateurs et les t\u00e9l\u00e9phones ayant servi au harc\u00e8lement de la victime. Les acteurs d&rsquo;Internet c\u2019est-\u00e0-dire les plateformes ainsi que les fournisseurs d&rsquo;acc\u00e8s \u00e0 Internet sont \u00e9galement interpell\u00e9s. Ils sont principalement li\u00e9s \u00e0 une obligation de mod\u00e9ration des contenus de harc\u00e8lement scolaire sur les r\u00e9seaux sociaux.<\/p>\n<h3><strong>L&rsquo;application 3018<\/strong><\/h3>\n<p>Avec le soutien du gouvernement, l&rsquo;association e-Enfance a r\u00e9cemment lanc\u00e9 l\u2019application 3018 pour renforcer la lutte contre le cyberharc\u00e8lement. Gratuit et confidentiel, le support permet de contacter rapidement un professionnel du 3018 en cas de cyberharc\u00e8lement. L\u2019application pr\u00e9voit aussi un espace de stockage s\u00e9curis\u00e9 pour les preuves du harc\u00e8lement v\u00e9cu pouvant \u00eatre transf\u00e9r\u00e9es aux \u00e9quipes 3018. Il s&rsquo;agit notamment des captures d\u2019\u00e9cran, des photos ou des liens URL. L\u2019application 3018 est en mesure d\u2019acc\u00e9l\u00e9rer les proc\u00e9dures de signalement, en faisant supprimer des r\u00e9seaux sociaux en seulement quelques heures les comptes ou les contenus concern\u00e9s. \u00c0 la fois partenaire de de l&rsquo;\u00c9ducation nationale, du 119 Enfance en danger et de la plateforme PHAROS, le support peut r\u00e9aliser des signalements prioritaires.<\/p>\n<p><em>Photo de <a href=\"https:\/\/www.pexels.com\/fr-fr\/@mikhail-nilov?utm_content=attributionCopyText&amp;utm_medium=referral&amp;utm_source=pexels\" target=\"_blank\" rel=\"noopener\">Mikhail Nilov<\/a>\u00a0provenant de\u00a0<a href=\"https:\/\/www.pexels.com\/fr-fr\/photo\/gens-etre-assis-enfants-chaises-7929419\/?utm_content=attributionCopyText&amp;utm_medium=referral&amp;utm_source=pexels\" target=\"_blank\" rel=\"noopener\">Pexels<\/a><\/em><\/p>\n","protected":false},"excerpt":{"rendered":"<p>La loi Balanant du 2 mars 2022 vient renforcer la lutte contre le harc\u00e8lement scolaire. <\/p>\n","protected":false},"author":2,"featured_media":23241,"comment_status":"open","ping_status":"closed","sticky":false,"template":"","format":"standard","meta":{"footnotes":""},"categories":[270],"tags":[818,692,151,415,432,491,43],"class_list":["post-23240","post","type-post","status-publish","format-standard","has-post-thumbnail","hentry","category-droit-de-la-famille","tag-cyber-harcelement","tag-droit-de-la-famille","tag-enfants","tag-harcelement","tag-obligation","tag-scolarite","tag-securite"],"yoast_head":"<!-- This site is optimized with the Yoast SEO plugin v27.4 - https:\/\/yoast.com\/product\/yoast-seo-wordpress\/ -->\n<title>Renforcer la lutte contre le harc\u00e8lement scolaire - Le blog Avoloi<\/title>\n<meta name=\"description\" content=\"La loi du 2 mars 2022 permet-elle de renforcer la lutte contre le harc\u00e8lement scolaire ? Venez vite le d\u00e9couvrir !\" \/>\n<meta name=\"robots\" content=\"index, follow, max-snippet:-1, max-image-preview:large, max-video-preview:-1\" \/>\n<link rel=\"canonical\" href=\"https:\/\/avoloi.fr\/blog\/renforcer-lutte-harcelement\/\" \/>\n<meta property=\"og:locale\" content=\"fr_FR\" \/>\n<meta property=\"og:type\" content=\"article\" \/>\n<meta property=\"og:title\" content=\"Le droit de la famille et les grands-parents\" \/>\n<meta property=\"og:description\" content=\"Quelles sont les r\u00e8gles du droit de la famille applicables aux relations entre petits-enfants et grands parents ? D\u00e9couvrons !\" \/>\n<meta property=\"og:url\" content=\"https:\/\/avoloi.fr\/blog\/renforcer-lutte-harcelement\/\" \/>\n<meta property=\"og:site_name\" content=\"Le blog Avoloi\" \/>\n<meta property=\"article:publisher\" content=\"https:\/\/fr-fr.facebook.com\/avoloi\/\" \/>\n<meta property=\"article:published_time\" content=\"2022-05-20T08:04:00+00:00\" \/>\n<meta property=\"og:image\" content=\"https:\/\/avoloi.fr\/blog\/wp-content\/uploads\/2021\/02\/droit-famille-grands-parents.jpg\" \/>\n\t<meta property=\"og:image:width\" content=\"500\" \/>\n\t<meta property=\"og:image:height\" content=\"333\" \/>\n\t<meta property=\"og:image:type\" content=\"image\/jpeg\" \/>\n<meta name=\"author\" content=\"Avoloi\" \/>\n<meta name=\"twitter:card\" content=\"summary_large_image\" \/>\n<meta name=\"twitter:title\" content=\"Le droit de la famille et les grands-parents\" \/>\n<meta name=\"twitter:description\" content=\"Quelles sont les r\u00e8gles du droit de la famille applicables aux relations entre petits-enfants et grands parents ? D\u00e9couvrons !\" \/>\n<meta name=\"twitter:image\" content=\"https:\/\/avoloi.fr\/blog\/wp-content\/uploads\/2021\/02\/droit-famille-grands-parents.jpg\" \/>\n<meta name=\"twitter:creator\" content=\"@avoloi\" \/>\n<meta name=\"twitter:site\" content=\"@avoloi\" \/>\n<meta name=\"twitter:label1\" content=\"\u00c9crit par\" \/>\n\t<meta name=\"twitter:data1\" content=\"Avoloi\" \/>\n\t<meta name=\"twitter:label2\" content=\"Dur\u00e9e de lecture estim\u00e9e\" \/>\n\t<meta name=\"twitter:data2\" content=\"6 minutes\" \/>\n<script type=\"application\/ld+json\" class=\"yoast-schema-graph\">{\"@context\":\"https:\\\/\\\/schema.org\",\"@graph\":[{\"@type\":\"Article\",\"@id\":\"https:\\\/\\\/avoloi.fr\\\/blog\\\/renforcer-lutte-harcelement\\\/#article\",\"isPartOf\":{\"@id\":\"https:\\\/\\\/avoloi.fr\\\/blog\\\/renforcer-lutte-harcelement\\\/\"},\"author\":{\"name\":\"Avoloi\",\"@id\":\"https:\\\/\\\/avoloi.fr\\\/blog\\\/#\\\/schema\\\/person\\\/23b73188a8a805006f016e2a3cb617b1\"},\"headline\":\"La loi du 2 mars 2022 pour renforcer la lutte contre le harc\u00e8lement scolaire\",\"datePublished\":\"2022-05-20T08:04:00+00:00\",\"mainEntityOfPage\":{\"@id\":\"https:\\\/\\\/avoloi.fr\\\/blog\\\/renforcer-lutte-harcelement\\\/\"},\"wordCount\":1257,\"commentCount\":0,\"publisher\":{\"@id\":\"https:\\\/\\\/avoloi.fr\\\/blog\\\/#organization\"},\"image\":{\"@id\":\"https:\\\/\\\/avoloi.fr\\\/blog\\\/renforcer-lutte-harcelement\\\/#primaryimage\"},\"thumbnailUrl\":\"https:\\\/\\\/avoloi.fr\\\/blog\\\/wp-content\\\/uploads\\\/2022\\\/05\\\/renforcer-lutte-harcelement.jpg\",\"keywords\":[\"cyber-harc\u00e8lement\",\"droit de la famille\",\"enfants\",\"harc\u00e8lement\",\"obligation\",\"scolarit\u00e9\",\"s\u00e9curit\u00e9\"],\"articleSection\":[\"Droit de la famille\"],\"inLanguage\":\"fr-FR\",\"potentialAction\":[{\"@type\":\"CommentAction\",\"name\":\"Comment\",\"target\":[\"https:\\\/\\\/avoloi.fr\\\/blog\\\/renforcer-lutte-harcelement\\\/#respond\"]}]},{\"@type\":\"WebPage\",\"@id\":\"https:\\\/\\\/avoloi.fr\\\/blog\\\/renforcer-lutte-harcelement\\\/\",\"url\":\"https:\\\/\\\/avoloi.fr\\\/blog\\\/renforcer-lutte-harcelement\\\/\",\"name\":\"Renforcer la lutte contre le harc\u00e8lement scolaire - Le blog Avoloi\",\"isPartOf\":{\"@id\":\"https:\\\/\\\/avoloi.fr\\\/blog\\\/#website\"},\"primaryImageOfPage\":{\"@id\":\"https:\\\/\\\/avoloi.fr\\\/blog\\\/renforcer-lutte-harcelement\\\/#primaryimage\"},\"image\":{\"@id\":\"https:\\\/\\\/avoloi.fr\\\/blog\\\/renforcer-lutte-harcelement\\\/#primaryimage\"},\"thumbnailUrl\":\"https:\\\/\\\/avoloi.fr\\\/blog\\\/wp-content\\\/uploads\\\/2022\\\/05\\\/renforcer-lutte-harcelement.jpg\",\"datePublished\":\"2022-05-20T08:04:00+00:00\",\"description\":\"La loi du 2 mars 2022 permet-elle de renforcer la lutte contre le harc\u00e8lement scolaire ? Venez vite le d\u00e9couvrir !\",\"breadcrumb\":{\"@id\":\"https:\\\/\\\/avoloi.fr\\\/blog\\\/renforcer-lutte-harcelement\\\/#breadcrumb\"},\"inLanguage\":\"fr-FR\",\"potentialAction\":[{\"@type\":\"ReadAction\",\"target\":[\"https:\\\/\\\/avoloi.fr\\\/blog\\\/renforcer-lutte-harcelement\\\/\"]}]},{\"@type\":\"ImageObject\",\"inLanguage\":\"fr-FR\",\"@id\":\"https:\\\/\\\/avoloi.fr\\\/blog\\\/renforcer-lutte-harcelement\\\/#primaryimage\",\"url\":\"https:\\\/\\\/avoloi.fr\\\/blog\\\/wp-content\\\/uploads\\\/2022\\\/05\\\/renforcer-lutte-harcelement.jpg\",\"contentUrl\":\"https:\\\/\\\/avoloi.fr\\\/blog\\\/wp-content\\\/uploads\\\/2022\\\/05\\\/renforcer-lutte-harcelement.jpg\",\"width\":500,\"height\":333,\"caption\":\"renforcer lutte harc\u00e8lement\"},{\"@type\":\"BreadcrumbList\",\"@id\":\"https:\\\/\\\/avoloi.fr\\\/blog\\\/renforcer-lutte-harcelement\\\/#breadcrumb\",\"itemListElement\":[{\"@type\":\"ListItem\",\"position\":1,\"name\":\"Accueil\",\"item\":\"https:\\\/\\\/avoloi.fr\\\/blog\\\/\"},{\"@type\":\"ListItem\",\"position\":2,\"name\":\"La loi du 2 mars 2022 pour renforcer la lutte contre le harc\u00e8lement scolaire\"}]},{\"@type\":\"WebSite\",\"@id\":\"https:\\\/\\\/avoloi.fr\\\/blog\\\/#website\",\"url\":\"https:\\\/\\\/avoloi.fr\\\/blog\\\/\",\"name\":\"Le blog Avoloi\",\"description\":\"\",\"publisher\":{\"@id\":\"https:\\\/\\\/avoloi.fr\\\/blog\\\/#organization\"},\"potentialAction\":[{\"@type\":\"SearchAction\",\"target\":{\"@type\":\"EntryPoint\",\"urlTemplate\":\"https:\\\/\\\/avoloi.fr\\\/blog\\\/?s={search_term_string}\"},\"query-input\":{\"@type\":\"PropertyValueSpecification\",\"valueRequired\":true,\"valueName\":\"search_term_string\"}}],\"inLanguage\":\"fr-FR\"},{\"@type\":\"Organization\",\"@id\":\"https:\\\/\\\/avoloi.fr\\\/blog\\\/#organization\",\"name\":\"Avoloi\",\"url\":\"https:\\\/\\\/avoloi.fr\\\/blog\\\/\",\"logo\":{\"@type\":\"ImageObject\",\"inLanguage\":\"fr-FR\",\"@id\":\"https:\\\/\\\/avoloi.fr\\\/blog\\\/#\\\/schema\\\/logo\\\/image\\\/\",\"url\":\"https:\\\/\\\/avoloi.fr\\\/blog\\\/wp-content\\\/uploads\\\/2022\\\/06\\\/avoloi_726x172.png\",\"contentUrl\":\"https:\\\/\\\/avoloi.fr\\\/blog\\\/wp-content\\\/uploads\\\/2022\\\/06\\\/avoloi_726x172.png\",\"width\":726,\"height\":172,\"caption\":\"Avoloi\"},\"image\":{\"@id\":\"https:\\\/\\\/avoloi.fr\\\/blog\\\/#\\\/schema\\\/logo\\\/image\\\/\"},\"sameAs\":[\"https:\\\/\\\/fr-fr.facebook.com\\\/avoloi\\\/\",\"https:\\\/\\\/x.com\\\/avoloi\",\"https:\\\/\\\/www.linkedin.com\\\/company\\\/11097274\\\/\",\"https:\\\/\\\/www.instagram.com\\\/avoloi\\\/\"]},{\"@type\":\"Person\",\"@id\":\"https:\\\/\\\/avoloi.fr\\\/blog\\\/#\\\/schema\\\/person\\\/23b73188a8a805006f016e2a3cb617b1\",\"name\":\"Avoloi\",\"image\":{\"@type\":\"ImageObject\",\"inLanguage\":\"fr-FR\",\"@id\":\"https:\\\/\\\/secure.gravatar.com\\\/avatar\\\/2ec2e99d2d37d9499d05c0d8442d636f63a751b8a8c16870416ac671c571f81d?s=96&d=mm&r=g\",\"url\":\"https:\\\/\\\/secure.gravatar.com\\\/avatar\\\/2ec2e99d2d37d9499d05c0d8442d636f63a751b8a8c16870416ac671c571f81d?s=96&d=mm&r=g\",\"contentUrl\":\"https:\\\/\\\/secure.gravatar.com\\\/avatar\\\/2ec2e99d2d37d9499d05c0d8442d636f63a751b8a8c16870416ac671c571f81d?s=96&d=mm&r=g\",\"caption\":\"Avoloi\"}}]}<\/script>\n<!-- \/ Yoast SEO plugin. -->","yoast_head_json":{"title":"Renforcer la lutte contre le harc\u00e8lement scolaire - Le blog Avoloi","description":"La loi du 2 mars 2022 permet-elle de renforcer la lutte contre le harc\u00e8lement scolaire ? Venez vite le d\u00e9couvrir !","robots":{"index":"index","follow":"follow","max-snippet":"max-snippet:-1","max-image-preview":"max-image-preview:large","max-video-preview":"max-video-preview:-1"},"canonical":"https:\/\/avoloi.fr\/blog\/renforcer-lutte-harcelement\/","og_locale":"fr_FR","og_type":"article","og_title":"Le droit de la famille et les grands-parents","og_description":"Quelles sont les r\u00e8gles du droit de la famille applicables aux relations entre petits-enfants et grands parents ? D\u00e9couvrons !","og_url":"https:\/\/avoloi.fr\/blog\/renforcer-lutte-harcelement\/","og_site_name":"Le blog Avoloi","article_publisher":"https:\/\/fr-fr.facebook.com\/avoloi\/","article_published_time":"2022-05-20T08:04:00+00:00","og_image":[{"width":500,"height":333,"url":"https:\/\/avoloi.fr\/blog\/wp-content\/uploads\/2021\/02\/droit-famille-grands-parents.jpg","type":"image\/jpeg"}],"author":"Avoloi","twitter_card":"summary_large_image","twitter_title":"Le droit de la famille et les grands-parents","twitter_description":"Quelles sont les r\u00e8gles du droit de la famille applicables aux relations entre petits-enfants et grands parents ? D\u00e9couvrons !","twitter_image":"https:\/\/avoloi.fr\/blog\/wp-content\/uploads\/2021\/02\/droit-famille-grands-parents.jpg","twitter_creator":"@avoloi","twitter_site":"@avoloi","twitter_misc":{"\u00c9crit par":"Avoloi","Dur\u00e9e de lecture estim\u00e9e":"6 minutes"},"schema":{"@context":"https:\/\/schema.org","@graph":[{"@type":"Article","@id":"https:\/\/avoloi.fr\/blog\/renforcer-lutte-harcelement\/#article","isPartOf":{"@id":"https:\/\/avoloi.fr\/blog\/renforcer-lutte-harcelement\/"},"author":{"name":"Avoloi","@id":"https:\/\/avoloi.fr\/blog\/#\/schema\/person\/23b73188a8a805006f016e2a3cb617b1"},"headline":"La loi du 2 mars 2022 pour renforcer la lutte contre le harc\u00e8lement scolaire","datePublished":"2022-05-20T08:04:00+00:00","mainEntityOfPage":{"@id":"https:\/\/avoloi.fr\/blog\/renforcer-lutte-harcelement\/"},"wordCount":1257,"commentCount":0,"publisher":{"@id":"https:\/\/avoloi.fr\/blog\/#organization"},"image":{"@id":"https:\/\/avoloi.fr\/blog\/renforcer-lutte-harcelement\/#primaryimage"},"thumbnailUrl":"https:\/\/avoloi.fr\/blog\/wp-content\/uploads\/2022\/05\/renforcer-lutte-harcelement.jpg","keywords":["cyber-harc\u00e8lement","droit de la famille","enfants","harc\u00e8lement","obligation","scolarit\u00e9","s\u00e9curit\u00e9"],"articleSection":["Droit de la famille"],"inLanguage":"fr-FR","potentialAction":[{"@type":"CommentAction","name":"Comment","target":["https:\/\/avoloi.fr\/blog\/renforcer-lutte-harcelement\/#respond"]}]},{"@type":"WebPage","@id":"https:\/\/avoloi.fr\/blog\/renforcer-lutte-harcelement\/","url":"https:\/\/avoloi.fr\/blog\/renforcer-lutte-harcelement\/","name":"Renforcer la lutte contre le harc\u00e8lement scolaire - Le blog Avoloi","isPartOf":{"@id":"https:\/\/avoloi.fr\/blog\/#website"},"primaryImageOfPage":{"@id":"https:\/\/avoloi.fr\/blog\/renforcer-lutte-harcelement\/#primaryimage"},"image":{"@id":"https:\/\/avoloi.fr\/blog\/renforcer-lutte-harcelement\/#primaryimage"},"thumbnailUrl":"https:\/\/avoloi.fr\/blog\/wp-content\/uploads\/2022\/05\/renforcer-lutte-harcelement.jpg","datePublished":"2022-05-20T08:04:00+00:00","description":"La loi du 2 mars 2022 permet-elle de renforcer la lutte contre le harc\u00e8lement scolaire ? Venez vite le d\u00e9couvrir !","breadcrumb":{"@id":"https:\/\/avoloi.fr\/blog\/renforcer-lutte-harcelement\/#breadcrumb"},"inLanguage":"fr-FR","potentialAction":[{"@type":"ReadAction","target":["https:\/\/avoloi.fr\/blog\/renforcer-lutte-harcelement\/"]}]},{"@type":"ImageObject","inLanguage":"fr-FR","@id":"https:\/\/avoloi.fr\/blog\/renforcer-lutte-harcelement\/#primaryimage","url":"https:\/\/avoloi.fr\/blog\/wp-content\/uploads\/2022\/05\/renforcer-lutte-harcelement.jpg","contentUrl":"https:\/\/avoloi.fr\/blog\/wp-content\/uploads\/2022\/05\/renforcer-lutte-harcelement.jpg","width":500,"height":333,"caption":"renforcer lutte harc\u00e8lement"},{"@type":"BreadcrumbList","@id":"https:\/\/avoloi.fr\/blog\/renforcer-lutte-harcelement\/#breadcrumb","itemListElement":[{"@type":"ListItem","position":1,"name":"Accueil","item":"https:\/\/avoloi.fr\/blog\/"},{"@type":"ListItem","position":2,"name":"La loi du 2 mars 2022 pour renforcer la lutte contre le harc\u00e8lement scolaire"}]},{"@type":"WebSite","@id":"https:\/\/avoloi.fr\/blog\/#website","url":"https:\/\/avoloi.fr\/blog\/","name":"Le blog Avoloi","description":"","publisher":{"@id":"https:\/\/avoloi.fr\/blog\/#organization"},"potentialAction":[{"@type":"SearchAction","target":{"@type":"EntryPoint","urlTemplate":"https:\/\/avoloi.fr\/blog\/?s={search_term_string}"},"query-input":{"@type":"PropertyValueSpecification","valueRequired":true,"valueName":"search_term_string"}}],"inLanguage":"fr-FR"},{"@type":"Organization","@id":"https:\/\/avoloi.fr\/blog\/#organization","name":"Avoloi","url":"https:\/\/avoloi.fr\/blog\/","logo":{"@type":"ImageObject","inLanguage":"fr-FR","@id":"https:\/\/avoloi.fr\/blog\/#\/schema\/logo\/image\/","url":"https:\/\/avoloi.fr\/blog\/wp-content\/uploads\/2022\/06\/avoloi_726x172.png","contentUrl":"https:\/\/avoloi.fr\/blog\/wp-content\/uploads\/2022\/06\/avoloi_726x172.png","width":726,"height":172,"caption":"Avoloi"},"image":{"@id":"https:\/\/avoloi.fr\/blog\/#\/schema\/logo\/image\/"},"sameAs":["https:\/\/fr-fr.facebook.com\/avoloi\/","https:\/\/x.com\/avoloi","https:\/\/www.linkedin.com\/company\/11097274\/","https:\/\/www.instagram.com\/avoloi\/"]},{"@type":"Person","@id":"https:\/\/avoloi.fr\/blog\/#\/schema\/person\/23b73188a8a805006f016e2a3cb617b1","name":"Avoloi","image":{"@type":"ImageObject","inLanguage":"fr-FR","@id":"https:\/\/secure.gravatar.com\/avatar\/2ec2e99d2d37d9499d05c0d8442d636f63a751b8a8c16870416ac671c571f81d?s=96&d=mm&r=g","url":"https:\/\/secure.gravatar.com\/avatar\/2ec2e99d2d37d9499d05c0d8442d636f63a751b8a8c16870416ac671c571f81d?s=96&d=mm&r=g","contentUrl":"https:\/\/secure.gravatar.com\/avatar\/2ec2e99d2d37d9499d05c0d8442d636f63a751b8a8c16870416ac671c571f81d?s=96&d=mm&r=g","caption":"Avoloi"}}]}},"_links":{"self":[{"href":"https:\/\/avoloi.fr\/blog\/wp-json\/wp\/v2\/posts\/23240","targetHints":{"allow":["GET"]}}],"collection":[{"href":"https:\/\/avoloi.fr\/blog\/wp-json\/wp\/v2\/posts"}],"about":[{"href":"https:\/\/avoloi.fr\/blog\/wp-json\/wp\/v2\/types\/post"}],"author":[{"embeddable":true,"href":"https:\/\/avoloi.fr\/blog\/wp-json\/wp\/v2\/users\/2"}],"replies":[{"embeddable":true,"href":"https:\/\/avoloi.fr\/blog\/wp-json\/wp\/v2\/comments?post=23240"}],"version-history":[{"count":0,"href":"https:\/\/avoloi.fr\/blog\/wp-json\/wp\/v2\/posts\/23240\/revisions"}],"wp:featuredmedia":[{"embeddable":true,"href":"https:\/\/avoloi.fr\/blog\/wp-json\/wp\/v2\/media\/23241"}],"wp:attachment":[{"href":"https:\/\/avoloi.fr\/blog\/wp-json\/wp\/v2\/media?parent=23240"}],"wp:term":[{"taxonomy":"category","embeddable":true,"href":"https:\/\/avoloi.fr\/blog\/wp-json\/wp\/v2\/categories?post=23240"},{"taxonomy":"post_tag","embeddable":true,"href":"https:\/\/avoloi.fr\/blog\/wp-json\/wp\/v2\/tags?post=23240"}],"curies":[{"name":"wp","href":"https:\/\/api.w.org\/{rel}","templated":true}]}}