{"id":23217,"date":"2022-05-18T16:32:00","date_gmt":"2022-05-18T14:32:00","guid":{"rendered":"https:\/\/avoloi.eu\/?p=23217"},"modified":"2022-05-18T16:32:00","modified_gmt":"2022-05-18T14:32:00","slug":"avertissement-au-travail","status":"publish","type":"post","link":"https:\/\/avoloi.fr\/blog\/avertissement-au-travail\/","title":{"rendered":"Avertissement au travail\u00a0: une sanction mineure \u00e0 ne pas n\u00e9gliger\u00a0!"},"content":{"rendered":"<p>Comment r\u00e9agir apr\u00e8s la r\u00e9ception d\u2019un avertissement au travail\u00a0? Quel est son impact sur le contrat de travail du salari\u00e9\u00a0? Est-il possible de le contester\u00a0? L\u2019avertissement est une sanction disciplinaire, a priori l\u00e9g\u00e8re, qui ne doit toutefois pas \u00eatre sous-estim\u00e9e.<\/p>\n<h2><strong>Dans quels cas l\u2019employeur peut-il prononcer un avertissement\u00a0au travail ?<\/strong><\/h2>\n<p>L\u2019avertissement au travail fait partie des <strong>sanctions disciplinaires<\/strong> qu\u2019un employeur est en droit de prononcer lorsqu\u2019il estime que le salari\u00e9 a commis une faute. La dur\u00e9e d\u00e9termin\u00e9e ou ind\u00e9termin\u00e9e du contrat du salari\u00e9 reste sans importance. Toutefois, l\u2019employeur perd ce droit lorsque l\u2019entreprise, soumise \u00e0 l\u2019obligation d\u2019\u00e9tablir un r\u00e8glement int\u00e9rieur en raison de sa taille, n\u2019a cependant pas r\u00e9dig\u00e9 le document. Dans ce cas, l\u2019avertissement ne peut pas \u00eatre prononc\u00e9 puisque ce type de sanction n\u2019est pas express\u00e9ment pr\u00e9vu par le r\u00e8glement int\u00e9rieur.<\/p>\n<p>La mesure doit faire suite \u00e0 <strong>un agissement du salari\u00e9 jug\u00e9 fautif par l\u2019employeur<\/strong>. Il peut r\u00e9sulter du non-respect des r\u00e8gles de discipline, d\u2019un manque de discr\u00e9tion ou de loyaut\u00e9 envers l\u2019entreprise, d\u2019un refus d\u2019ob\u00e9issance aupr\u00e8s de la hi\u00e9rarchie, d\u2019erreurs ou de n\u00e9gligences commises dans l\u2019ex\u00e9cution du travail, de retards r\u00e9p\u00e9t\u00e9s, d\u2019absences injustifi\u00e9es, de la prof\u00e9ration d\u2019injures ou de menaces&#8230;<\/p>\n<p>L\u2019avertissement est consid\u00e9r\u00e9 comme <strong>une sanction l\u00e9g\u00e8re<\/strong>, une simple mise en garde afin d\u2019informer le salari\u00e9 de ses erreurs et de l\u2019inciter \u00e0 adopter un comportement plus appropri\u00e9. Proportionn\u00e9 \u00e0 la faute commise, l\u2019avertissement n\u2019a pas de cons\u00e9quence imm\u00e9diate sur l\u2019ex\u00e9cution du contrat de travail de l\u2019employ\u00e9. N\u00e9anmoins, en refusant de prendre en consid\u00e9ration l\u2019avertissement pour la suite de ses relations de travail, le salari\u00e9 prend le risque d\u2019une sanction plus grave.<\/p>\n<h2><strong>Quelle proc\u00e9dure doit \u00eatre respect\u00e9e dans le cadre d\u2019un avertissement au travail\u00a0?<\/strong><\/h2>\n<p>De simples observations formul\u00e9es verbalement suite \u00e0 un agissement fautif du salari\u00e9 ne constituent pas une sanction disciplinaire. Pour \u00eatre valable, l\u2019avertissement au travail doit donc faire l\u2019objet d\u2019<strong>un \u00e9crit<\/strong>, tel qu\u2019un courrier adress\u00e9 par messagerie \u00e9lectronique, par voie postale (\u00e9ventuellement en recommand\u00e9 avec accus\u00e9 de r\u00e9ception), ou remis en main propre contre d\u00e9charge.<\/p>\n<p>Dans un arr\u00eat du 2 f\u00e9vrier 2022, la Cour de cassation affirme que la mention de reproches dans <strong>le compte rendu de l\u2019entretien annuel du salari\u00e9<\/strong>, accompagn\u00e9s d\u2019une demande de modification de son comportement, constitue un avertissement. Cette sanction a pour cons\u00e9quence d\u2019\u00e9puiser le pouvoir disciplinaire de l\u2019employeur.<\/p>\n<p>En effet, l\u2019agissement fautif du salari\u00e9 d\u00e9j\u00e0 sanctionn\u00e9 par un avertissement ne peut donner lieu \u00e0 aucune autre sanction. Seule la survenance d\u2019un nouveau fait est susceptible de justifier une nouvelle sanction. Toutefois, le salari\u00e9 qui refuse de changer d\u2019attitude en d\u00e9pit d\u2019une succession d\u2019avertissements encourt un <a href=\"https:\/\/avoloi.eu\/licenciement-economique\/\">licenciement<\/a> pour faute.<\/p>\n<p>L\u2019employeur dispose d\u2019<strong>un d\u00e9lai de deux mois<\/strong> \u00e0 compter du moment o\u00f9 il a pris connaissance du comportement fautif de l\u2019employ\u00e9 pour lui adresser l\u2019avertissement. L\u2019\u00e9crit doit pr\u00e9ciser les faits reproch\u00e9s au salari\u00e9, le pr\u00e9judice subi par l\u2019entreprise ainsi que les sanctions auxquelles il s\u2019expose s\u2019il ne modifie pas son attitude.<\/p>\n<p>Contrairement aux autres sanctions disciplinaires, l\u2019avertissement n\u2019exige pas de proc\u00e9der \u00e0 la convocation du salari\u00e9. L\u2019employeur reste toutefois libre d\u2019organiser avec lui un entretien dans le but d\u2019\u00e9changer sur son comportement et de lui donner l\u2019occasion de justifier les faits estim\u00e9s r\u00e9pr\u00e9hensibles.<\/p>\n<p>Toutefois, l\u2019information du salari\u00e9 au moyen d\u2019un <strong>entretien pr\u00e9alable \u00e0 l\u2019avertissement au travail<\/strong> devient obligatoire lorsque\u00a0:<\/p>\n<ul>\n<li>la tenue d\u2019un tel entretien est exig\u00e9 par la convention collective ou le r\u00e8glement int\u00e9rieur applicable dans l\u2019entreprise\u00a0;<\/li>\n<li>l\u2019avertissement du salari\u00e9 a une incidence \u00ab\u00a0sur la pr\u00e9sence dans l&rsquo;entreprise, la fonction, la carri\u00e8re ou la r\u00e9mun\u00e9ration du salari\u00e9\u00a0\u00bb conform\u00e9ment aux termes de l\u2019article L1332-2 du Code du travail. Cette proc\u00e9dure disciplinaire, avec entretien pr\u00e9alable \u00e0 la notification de l\u2019avertissement, doit ainsi \u00eatre scrupuleusement suivie d\u00e8s lors que la sanction peut avoir une influence sur le maintien du salari\u00e9 au sein de l\u2019entreprise. Tel est notamment le cas, comme l\u2019indique la Cour de cassation dans un arr\u00eat du 22 septembre 2021, lorsque l\u2019engagement de la proc\u00e9dure de licenciement du salari\u00e9 est conditionn\u00e9, aux termes de la convention collective applicable dans l\u2019entreprise, \u00e0 l\u2019existence de deux sanctions ant\u00e9rieures.<\/li>\n<\/ul>\n<h2><strong>Peut-on contester un avertissement\u00a0au travail ?<\/strong><\/h2>\n<p>Class\u00e9 parmi les sanctions mineures, l\u2019avertissement ne doit cependant pas \u00eatre n\u00e9glig\u00e9. Il peut, en effet, constituer une premi\u00e8re \u00e9tape vers une sanction plus importante, telle que le licenciement. Ainsi, lorsque la sanction appara\u00eet abusive, discriminatoire ou injustifi\u00e9e, le salari\u00e9 conserve la possibilit\u00e9 de <strong>contester l\u2019avertissement devant l\u2019employeur<\/strong>, le cas \u00e9ch\u00e9ant, par l\u2019interm\u00e9diaire des repr\u00e9sentants du personnel.<\/p>\n<p>Si le diff\u00e9rend persiste avec l\u2019employeur, le salari\u00e9 peut <strong>saisir le Conseil de prud\u2019hommes<\/strong> dans le but de faire annuler la sanction. Il appartient alors au juge d\u2019appr\u00e9cier toute \u00e9ventuelle irr\u00e9gularit\u00e9 dans la proc\u00e9dure suivie, la r\u00e9alit\u00e9 des faits reproch\u00e9s ainsi que le caract\u00e8re proportionnel de la sanction prononc\u00e9e au regard de la faute commise.<\/p>\n<p><em>Image : <a href=\"https:\/\/www.pexels.com\/fr-fr\/@shvetsa?utm_content=attributionCopyText&amp;utm_medium=referral&amp;utm_source=pexels\" target=\"_blank\" rel=\"noopener\">Anna Shvets<\/a>\u00a0provenant de\u00a0<a href=\"https:\/\/www.pexels.com\/fr-fr\/photo\/mains-femme-bureau-ordinateur-portable-4226215\/?utm_content=attributionCopyText&amp;utm_medium=referral&amp;utm_source=pexels\" target=\"_blank\" rel=\"noopener\">Pexels<\/a><\/em><\/p>\n\n\n<p><\/p>\n","protected":false},"excerpt":{"rendered":"<p>Comment r\u00e9agir apr\u00e8s la r\u00e9ception d\u2019un avertissement au travail\u00a0? Quel est son impact sur le contrat de travail du salari\u00e9\u00a0?<\/p>\n","protected":false},"author":2,"featured_media":23218,"comment_status":"open","ping_status":"closed","sticky":false,"template":"","format":"standard","meta":{"footnotes":""},"categories":[46],"tags":[47,19,203],"class_list":["post-23217","post","type-post","status-publish","format-standard","has-post-thumbnail","hentry","category-droit-du-travail","tag-droit-du-travail","tag-salarie","tag-sanction"],"yoast_head":"<!-- This site is optimized with the Yoast SEO plugin v27.4 - https:\/\/yoast.com\/product\/yoast-seo-wordpress\/ -->\n<title>Avertissement au travail\u00a0: une sanction mineure \u00e0 ne pas n\u00e9gliger\u00a0!<\/title>\n<meta name=\"description\" content=\"Avertissement au travail : une sanction mineure \u00e0 ne pas n\u00e9gliger! Dans quels cas l\u2019employeur peut-il prononcer un avertissement au travail ?\" \/>\n<meta name=\"robots\" content=\"index, follow, max-snippet:-1, max-image-preview:large, max-video-preview:-1\" \/>\n<link rel=\"canonical\" href=\"https:\/\/avoloi.fr\/blog\/avertissement-au-travail\/\" \/>\n<meta property=\"og:locale\" content=\"fr_FR\" \/>\n<meta property=\"og:type\" content=\"article\" \/>\n<meta property=\"og:title\" content=\"Avertissement au travail\u00a0: une sanction mineure \u00e0 ne pas n\u00e9gliger\u00a0!\" \/>\n<meta property=\"og:description\" content=\"Avertissement au travail : une sanction mineure \u00e0 ne pas n\u00e9gliger! Dans quels cas l\u2019employeur peut-il prononcer un avertissement au travail ?\" \/>\n<meta property=\"og:url\" content=\"https:\/\/avoloi.fr\/blog\/avertissement-au-travail\/\" \/>\n<meta property=\"og:site_name\" content=\"Le blog Avoloi\" \/>\n<meta property=\"article:publisher\" content=\"https:\/\/fr-fr.facebook.com\/avoloi\/\" \/>\n<meta property=\"article:published_time\" content=\"2022-05-18T14:32:00+00:00\" \/>\n<meta property=\"og:image\" content=\"https:\/\/avoloi.fr\/blog\/wp-content\/uploads\/2022\/04\/avertissement-au-travail.jpg\" \/>\n\t<meta property=\"og:image:width\" content=\"500\" \/>\n\t<meta property=\"og:image:height\" content=\"333\" \/>\n\t<meta property=\"og:image:type\" content=\"image\/jpeg\" \/>\n<meta name=\"author\" content=\"Avoloi\" \/>\n<meta name=\"twitter:card\" content=\"summary_large_image\" \/>\n<meta name=\"twitter:creator\" content=\"@avoloi\" \/>\n<meta name=\"twitter:site\" content=\"@avoloi\" \/>\n<meta name=\"twitter:label1\" content=\"\u00c9crit par\" \/>\n\t<meta name=\"twitter:data1\" content=\"Avoloi\" \/>\n\t<meta name=\"twitter:label2\" content=\"Dur\u00e9e de lecture estim\u00e9e\" \/>\n\t<meta name=\"twitter:data2\" content=\"5 minutes\" \/>\n<script type=\"application\/ld+json\" class=\"yoast-schema-graph\">{\"@context\":\"https:\\\/\\\/schema.org\",\"@graph\":[{\"@type\":\"Article\",\"@id\":\"https:\\\/\\\/avoloi.fr\\\/blog\\\/avertissement-au-travail\\\/#article\",\"isPartOf\":{\"@id\":\"https:\\\/\\\/avoloi.fr\\\/blog\\\/avertissement-au-travail\\\/\"},\"author\":{\"name\":\"Avoloi\",\"@id\":\"https:\\\/\\\/avoloi.fr\\\/blog\\\/#\\\/schema\\\/person\\\/23b73188a8a805006f016e2a3cb617b1\"},\"headline\":\"Avertissement au travail\u00a0: une sanction mineure \u00e0 ne pas n\u00e9gliger\u00a0!\",\"datePublished\":\"2022-05-18T14:32:00+00:00\",\"mainEntityOfPage\":{\"@id\":\"https:\\\/\\\/avoloi.fr\\\/blog\\\/avertissement-au-travail\\\/\"},\"wordCount\":951,\"commentCount\":0,\"publisher\":{\"@id\":\"https:\\\/\\\/avoloi.fr\\\/blog\\\/#organization\"},\"image\":{\"@id\":\"https:\\\/\\\/avoloi.fr\\\/blog\\\/avertissement-au-travail\\\/#primaryimage\"},\"thumbnailUrl\":\"https:\\\/\\\/avoloi.fr\\\/blog\\\/wp-content\\\/uploads\\\/2022\\\/04\\\/avertissement-au-travail.jpg\",\"keywords\":[\"droit du travail\",\"salari\u00e9\",\"sanction\"],\"articleSection\":[\"Droit du travail\"],\"inLanguage\":\"fr-FR\",\"potentialAction\":[{\"@type\":\"CommentAction\",\"name\":\"Comment\",\"target\":[\"https:\\\/\\\/avoloi.fr\\\/blog\\\/avertissement-au-travail\\\/#respond\"]}]},{\"@type\":\"WebPage\",\"@id\":\"https:\\\/\\\/avoloi.fr\\\/blog\\\/avertissement-au-travail\\\/\",\"url\":\"https:\\\/\\\/avoloi.fr\\\/blog\\\/avertissement-au-travail\\\/\",\"name\":\"Avertissement au travail\u00a0: une sanction mineure \u00e0 ne pas n\u00e9gliger\u00a0!\",\"isPartOf\":{\"@id\":\"https:\\\/\\\/avoloi.fr\\\/blog\\\/#website\"},\"primaryImageOfPage\":{\"@id\":\"https:\\\/\\\/avoloi.fr\\\/blog\\\/avertissement-au-travail\\\/#primaryimage\"},\"image\":{\"@id\":\"https:\\\/\\\/avoloi.fr\\\/blog\\\/avertissement-au-travail\\\/#primaryimage\"},\"thumbnailUrl\":\"https:\\\/\\\/avoloi.fr\\\/blog\\\/wp-content\\\/uploads\\\/2022\\\/04\\\/avertissement-au-travail.jpg\",\"datePublished\":\"2022-05-18T14:32:00+00:00\",\"description\":\"Avertissement au travail : une sanction mineure \u00e0 ne pas n\u00e9gliger! Dans quels cas l\u2019employeur peut-il prononcer un avertissement au travail ?\",\"breadcrumb\":{\"@id\":\"https:\\\/\\\/avoloi.fr\\\/blog\\\/avertissement-au-travail\\\/#breadcrumb\"},\"inLanguage\":\"fr-FR\",\"potentialAction\":[{\"@type\":\"ReadAction\",\"target\":[\"https:\\\/\\\/avoloi.fr\\\/blog\\\/avertissement-au-travail\\\/\"]}]},{\"@type\":\"ImageObject\",\"inLanguage\":\"fr-FR\",\"@id\":\"https:\\\/\\\/avoloi.fr\\\/blog\\\/avertissement-au-travail\\\/#primaryimage\",\"url\":\"https:\\\/\\\/avoloi.fr\\\/blog\\\/wp-content\\\/uploads\\\/2022\\\/04\\\/avertissement-au-travail.jpg\",\"contentUrl\":\"https:\\\/\\\/avoloi.fr\\\/blog\\\/wp-content\\\/uploads\\\/2022\\\/04\\\/avertissement-au-travail.jpg\",\"width\":500,\"height\":333,\"caption\":\"avertissement-au-travail\"},{\"@type\":\"BreadcrumbList\",\"@id\":\"https:\\\/\\\/avoloi.fr\\\/blog\\\/avertissement-au-travail\\\/#breadcrumb\",\"itemListElement\":[{\"@type\":\"ListItem\",\"position\":1,\"name\":\"Accueil\",\"item\":\"https:\\\/\\\/avoloi.fr\\\/blog\\\/\"},{\"@type\":\"ListItem\",\"position\":2,\"name\":\"Avertissement au travail\u00a0: une sanction mineure \u00e0 ne pas n\u00e9gliger\u00a0!\"}]},{\"@type\":\"WebSite\",\"@id\":\"https:\\\/\\\/avoloi.fr\\\/blog\\\/#website\",\"url\":\"https:\\\/\\\/avoloi.fr\\\/blog\\\/\",\"name\":\"Le blog Avoloi\",\"description\":\"\",\"publisher\":{\"@id\":\"https:\\\/\\\/avoloi.fr\\\/blog\\\/#organization\"},\"potentialAction\":[{\"@type\":\"SearchAction\",\"target\":{\"@type\":\"EntryPoint\",\"urlTemplate\":\"https:\\\/\\\/avoloi.fr\\\/blog\\\/?s={search_term_string}\"},\"query-input\":{\"@type\":\"PropertyValueSpecification\",\"valueRequired\":true,\"valueName\":\"search_term_string\"}}],\"inLanguage\":\"fr-FR\"},{\"@type\":\"Organization\",\"@id\":\"https:\\\/\\\/avoloi.fr\\\/blog\\\/#organization\",\"name\":\"Avoloi\",\"url\":\"https:\\\/\\\/avoloi.fr\\\/blog\\\/\",\"logo\":{\"@type\":\"ImageObject\",\"inLanguage\":\"fr-FR\",\"@id\":\"https:\\\/\\\/avoloi.fr\\\/blog\\\/#\\\/schema\\\/logo\\\/image\\\/\",\"url\":\"https:\\\/\\\/avoloi.fr\\\/blog\\\/wp-content\\\/uploads\\\/2022\\\/06\\\/avoloi_726x172.png\",\"contentUrl\":\"https:\\\/\\\/avoloi.fr\\\/blog\\\/wp-content\\\/uploads\\\/2022\\\/06\\\/avoloi_726x172.png\",\"width\":726,\"height\":172,\"caption\":\"Avoloi\"},\"image\":{\"@id\":\"https:\\\/\\\/avoloi.fr\\\/blog\\\/#\\\/schema\\\/logo\\\/image\\\/\"},\"sameAs\":[\"https:\\\/\\\/fr-fr.facebook.com\\\/avoloi\\\/\",\"https:\\\/\\\/x.com\\\/avoloi\",\"https:\\\/\\\/www.linkedin.com\\\/company\\\/11097274\\\/\",\"https:\\\/\\\/www.instagram.com\\\/avoloi\\\/\"]},{\"@type\":\"Person\",\"@id\":\"https:\\\/\\\/avoloi.fr\\\/blog\\\/#\\\/schema\\\/person\\\/23b73188a8a805006f016e2a3cb617b1\",\"name\":\"Avoloi\",\"image\":{\"@type\":\"ImageObject\",\"inLanguage\":\"fr-FR\",\"@id\":\"https:\\\/\\\/secure.gravatar.com\\\/avatar\\\/2ec2e99d2d37d9499d05c0d8442d636f63a751b8a8c16870416ac671c571f81d?s=96&d=mm&r=g\",\"url\":\"https:\\\/\\\/secure.gravatar.com\\\/avatar\\\/2ec2e99d2d37d9499d05c0d8442d636f63a751b8a8c16870416ac671c571f81d?s=96&d=mm&r=g\",\"contentUrl\":\"https:\\\/\\\/secure.gravatar.com\\\/avatar\\\/2ec2e99d2d37d9499d05c0d8442d636f63a751b8a8c16870416ac671c571f81d?s=96&d=mm&r=g\",\"caption\":\"Avoloi\"}}]}<\/script>\n<!-- \/ Yoast SEO plugin. -->","yoast_head_json":{"title":"Avertissement au travail\u00a0: une sanction mineure \u00e0 ne pas n\u00e9gliger\u00a0!","description":"Avertissement au travail : une sanction mineure \u00e0 ne pas n\u00e9gliger! Dans quels cas l\u2019employeur peut-il prononcer un avertissement au travail ?","robots":{"index":"index","follow":"follow","max-snippet":"max-snippet:-1","max-image-preview":"max-image-preview:large","max-video-preview":"max-video-preview:-1"},"canonical":"https:\/\/avoloi.fr\/blog\/avertissement-au-travail\/","og_locale":"fr_FR","og_type":"article","og_title":"Avertissement au travail\u00a0: une sanction mineure \u00e0 ne pas n\u00e9gliger\u00a0!","og_description":"Avertissement au travail : une sanction mineure \u00e0 ne pas n\u00e9gliger! Dans quels cas l\u2019employeur peut-il prononcer un avertissement au travail ?","og_url":"https:\/\/avoloi.fr\/blog\/avertissement-au-travail\/","og_site_name":"Le blog Avoloi","article_publisher":"https:\/\/fr-fr.facebook.com\/avoloi\/","article_published_time":"2022-05-18T14:32:00+00:00","og_image":[{"width":500,"height":333,"url":"https:\/\/avoloi.fr\/blog\/wp-content\/uploads\/2022\/04\/avertissement-au-travail.jpg","type":"image\/jpeg"}],"author":"Avoloi","twitter_card":"summary_large_image","twitter_creator":"@avoloi","twitter_site":"@avoloi","twitter_misc":{"\u00c9crit par":"Avoloi","Dur\u00e9e de lecture estim\u00e9e":"5 minutes"},"schema":{"@context":"https:\/\/schema.org","@graph":[{"@type":"Article","@id":"https:\/\/avoloi.fr\/blog\/avertissement-au-travail\/#article","isPartOf":{"@id":"https:\/\/avoloi.fr\/blog\/avertissement-au-travail\/"},"author":{"name":"Avoloi","@id":"https:\/\/avoloi.fr\/blog\/#\/schema\/person\/23b73188a8a805006f016e2a3cb617b1"},"headline":"Avertissement au travail\u00a0: une sanction mineure \u00e0 ne pas n\u00e9gliger\u00a0!","datePublished":"2022-05-18T14:32:00+00:00","mainEntityOfPage":{"@id":"https:\/\/avoloi.fr\/blog\/avertissement-au-travail\/"},"wordCount":951,"commentCount":0,"publisher":{"@id":"https:\/\/avoloi.fr\/blog\/#organization"},"image":{"@id":"https:\/\/avoloi.fr\/blog\/avertissement-au-travail\/#primaryimage"},"thumbnailUrl":"https:\/\/avoloi.fr\/blog\/wp-content\/uploads\/2022\/04\/avertissement-au-travail.jpg","keywords":["droit du travail","salari\u00e9","sanction"],"articleSection":["Droit du travail"],"inLanguage":"fr-FR","potentialAction":[{"@type":"CommentAction","name":"Comment","target":["https:\/\/avoloi.fr\/blog\/avertissement-au-travail\/#respond"]}]},{"@type":"WebPage","@id":"https:\/\/avoloi.fr\/blog\/avertissement-au-travail\/","url":"https:\/\/avoloi.fr\/blog\/avertissement-au-travail\/","name":"Avertissement au travail\u00a0: une sanction mineure \u00e0 ne pas n\u00e9gliger\u00a0!","isPartOf":{"@id":"https:\/\/avoloi.fr\/blog\/#website"},"primaryImageOfPage":{"@id":"https:\/\/avoloi.fr\/blog\/avertissement-au-travail\/#primaryimage"},"image":{"@id":"https:\/\/avoloi.fr\/blog\/avertissement-au-travail\/#primaryimage"},"thumbnailUrl":"https:\/\/avoloi.fr\/blog\/wp-content\/uploads\/2022\/04\/avertissement-au-travail.jpg","datePublished":"2022-05-18T14:32:00+00:00","description":"Avertissement au travail : une sanction mineure \u00e0 ne pas n\u00e9gliger! Dans quels cas l\u2019employeur peut-il prononcer un avertissement au travail ?","breadcrumb":{"@id":"https:\/\/avoloi.fr\/blog\/avertissement-au-travail\/#breadcrumb"},"inLanguage":"fr-FR","potentialAction":[{"@type":"ReadAction","target":["https:\/\/avoloi.fr\/blog\/avertissement-au-travail\/"]}]},{"@type":"ImageObject","inLanguage":"fr-FR","@id":"https:\/\/avoloi.fr\/blog\/avertissement-au-travail\/#primaryimage","url":"https:\/\/avoloi.fr\/blog\/wp-content\/uploads\/2022\/04\/avertissement-au-travail.jpg","contentUrl":"https:\/\/avoloi.fr\/blog\/wp-content\/uploads\/2022\/04\/avertissement-au-travail.jpg","width":500,"height":333,"caption":"avertissement-au-travail"},{"@type":"BreadcrumbList","@id":"https:\/\/avoloi.fr\/blog\/avertissement-au-travail\/#breadcrumb","itemListElement":[{"@type":"ListItem","position":1,"name":"Accueil","item":"https:\/\/avoloi.fr\/blog\/"},{"@type":"ListItem","position":2,"name":"Avertissement au travail\u00a0: une sanction mineure \u00e0 ne pas n\u00e9gliger\u00a0!"}]},{"@type":"WebSite","@id":"https:\/\/avoloi.fr\/blog\/#website","url":"https:\/\/avoloi.fr\/blog\/","name":"Le blog Avoloi","description":"","publisher":{"@id":"https:\/\/avoloi.fr\/blog\/#organization"},"potentialAction":[{"@type":"SearchAction","target":{"@type":"EntryPoint","urlTemplate":"https:\/\/avoloi.fr\/blog\/?s={search_term_string}"},"query-input":{"@type":"PropertyValueSpecification","valueRequired":true,"valueName":"search_term_string"}}],"inLanguage":"fr-FR"},{"@type":"Organization","@id":"https:\/\/avoloi.fr\/blog\/#organization","name":"Avoloi","url":"https:\/\/avoloi.fr\/blog\/","logo":{"@type":"ImageObject","inLanguage":"fr-FR","@id":"https:\/\/avoloi.fr\/blog\/#\/schema\/logo\/image\/","url":"https:\/\/avoloi.fr\/blog\/wp-content\/uploads\/2022\/06\/avoloi_726x172.png","contentUrl":"https:\/\/avoloi.fr\/blog\/wp-content\/uploads\/2022\/06\/avoloi_726x172.png","width":726,"height":172,"caption":"Avoloi"},"image":{"@id":"https:\/\/avoloi.fr\/blog\/#\/schema\/logo\/image\/"},"sameAs":["https:\/\/fr-fr.facebook.com\/avoloi\/","https:\/\/x.com\/avoloi","https:\/\/www.linkedin.com\/company\/11097274\/","https:\/\/www.instagram.com\/avoloi\/"]},{"@type":"Person","@id":"https:\/\/avoloi.fr\/blog\/#\/schema\/person\/23b73188a8a805006f016e2a3cb617b1","name":"Avoloi","image":{"@type":"ImageObject","inLanguage":"fr-FR","@id":"https:\/\/secure.gravatar.com\/avatar\/2ec2e99d2d37d9499d05c0d8442d636f63a751b8a8c16870416ac671c571f81d?s=96&d=mm&r=g","url":"https:\/\/secure.gravatar.com\/avatar\/2ec2e99d2d37d9499d05c0d8442d636f63a751b8a8c16870416ac671c571f81d?s=96&d=mm&r=g","contentUrl":"https:\/\/secure.gravatar.com\/avatar\/2ec2e99d2d37d9499d05c0d8442d636f63a751b8a8c16870416ac671c571f81d?s=96&d=mm&r=g","caption":"Avoloi"}}]}},"_links":{"self":[{"href":"https:\/\/avoloi.fr\/blog\/wp-json\/wp\/v2\/posts\/23217","targetHints":{"allow":["GET"]}}],"collection":[{"href":"https:\/\/avoloi.fr\/blog\/wp-json\/wp\/v2\/posts"}],"about":[{"href":"https:\/\/avoloi.fr\/blog\/wp-json\/wp\/v2\/types\/post"}],"author":[{"embeddable":true,"href":"https:\/\/avoloi.fr\/blog\/wp-json\/wp\/v2\/users\/2"}],"replies":[{"embeddable":true,"href":"https:\/\/avoloi.fr\/blog\/wp-json\/wp\/v2\/comments?post=23217"}],"version-history":[{"count":0,"href":"https:\/\/avoloi.fr\/blog\/wp-json\/wp\/v2\/posts\/23217\/revisions"}],"wp:featuredmedia":[{"embeddable":true,"href":"https:\/\/avoloi.fr\/blog\/wp-json\/wp\/v2\/media\/23218"}],"wp:attachment":[{"href":"https:\/\/avoloi.fr\/blog\/wp-json\/wp\/v2\/media?parent=23217"}],"wp:term":[{"taxonomy":"category","embeddable":true,"href":"https:\/\/avoloi.fr\/blog\/wp-json\/wp\/v2\/categories?post=23217"},{"taxonomy":"post_tag","embeddable":true,"href":"https:\/\/avoloi.fr\/blog\/wp-json\/wp\/v2\/tags?post=23217"}],"curies":[{"name":"wp","href":"https:\/\/api.w.org\/{rel}","templated":true}]}}