{"id":23122,"date":"2022-04-08T17:00:00","date_gmt":"2022-04-08T15:00:00","guid":{"rendered":"https:\/\/avoloi.eu\/?p=23122"},"modified":"2022-05-30T12:19:28","modified_gmt":"2022-05-30T10:19:28","slug":"actualite-droit-routier-2","status":"publish","type":"post","link":"https:\/\/avoloi.fr\/blog\/actualite-droit-routier-2\/","title":{"rendered":"Actualit\u00e9 Droit Routier : Les radars sonores arrivent en France"},"content":{"rendered":"<p>Contr\u00f4ler le bruit \u00e9mis par les v\u00e9hicules motoris\u00e9s figure parmi les mesures phares de la lutte contre la pollution sonore reconnue dans le Code de l\u2019environnement. D\u2019apr\u00e8s l\u2019OMS, le bruit est le second facteur environnemental qui provoque le plus de dommages sanitaires en Europe, juste apr\u00e8s la pollution atmosph\u00e9rique. L\u2019agence de la transition \u00e9cologique ADEME \u00e9value m\u00eame les co\u00fbts qu\u2019il g\u00e9n\u00e8re \u00e0 plus de 147 milliards d&rsquo;euros par an. Pour y rem\u00e9dier, le gouvernement fran\u00e7ais a d\u00e9cid\u00e9 de mettre en place les radars sonores sur les routes, afin de sanctionner les v\u00e9hicules trop bruyants. Ci-apr\u00e8s les points essentiels \u00e0 retenir sur ce nouveau bijou technologique.<\/p>\n<h2><strong>Fonctionnement du dispositif<\/strong><\/h2>\n<h3><strong>\u00ab La m\u00e9duse \u00bb<\/strong><\/h3>\n<p>Comme son nom l\u2019indique, le radar sonore est un dispositif sp\u00e9cialement con\u00e7u pour \u00ab traquer \u00bb une pollution sonore. L\u2019appareil est avant tout \u00e9quip\u00e9 d\u2019une cam\u00e9ra. Sur certains dispositifs, une premi\u00e8re cam\u00e9ra grand-angle se d\u00e9clenche automatiquement lorsqu\u2019un v\u00e9hicule d\u00e9passe la limite sonore autoris\u00e9e. Une seconde cam\u00e9ra se chargera par la suite de scanner la plaque d\u2019immatriculation du v\u00e9hicule. Le radar sonore embarque \u00e9galement des modules acoustiques \u00e9quip\u00e9s de microphones. Le montage de l\u2019appareil se fait \u00e0 partir d\u2019une structure tentaculaire ; d\u2019o\u00f9 le surnom \u00ab m\u00e9duse \u00bb. C\u00f4t\u00e9 performance, les modules sont g\u00e9n\u00e9ralement superpos\u00e9s, afin d\u2019identifier l\u2019origine du bruit et les points d\u2019\u00e9missions avec pr\u00e9cision.<\/p>\n<h3><strong>90 d\u00e9cibels<\/strong><\/h3>\n<p>Jusqu\u2019\u00e0 ce jour, les initiateurs du projet n\u2019ont pas encore communiqu\u00e9 la limite sonore autoris\u00e9e sur les radars anti-bruit. Un arr\u00eat\u00e9 modifiant les dispositions du Code de la route pr\u00e9cisera bient\u00f4t le niveau sonore \u00e0 ne pas d\u00e9passer pour \u00e9viter <a href=\"https:\/\/avoloi.eu\/recours-infraction-routiere\/\">l\u2019infraction<\/a>. Le texte de loi sera d\u00e9fini \u00e0 l\u2019issue de la premi\u00e8re phase de l\u2019exp\u00e9rimentation. Sur la majorit\u00e9 des appareils d\u00e9j\u00e0 install\u00e9s, les tests portent sur un niveau sonore maximal de 90 d\u00e9cibels. Quelques d\u00e9rogations seront tout de m\u00eame n\u00e9cessaires sur certaines cat\u00e9gories de v\u00e9hicules. Il s\u2019av\u00e8re entre autres que les v\u00e9hicules anciens et les v\u00e9hicules agricoles sont susceptibles de produire un bruit d\u00e9passant cette limite de 90 d\u00e9cibels. \u00c0 noter \u00e9galement que le v\u00e9hicule le plus proche du dispositif n\u2019est pas forc\u00e9ment celui qui est le plus bruyant.<\/p>\n<h2><strong>Les zones concern\u00e9es<\/strong><\/h2>\n<p>L\u2019exp\u00e9rimentation des radars sonores se d\u00e9roule dans sept communes et \u00e9tablissements publics de coop\u00e9rations intercommunales volontaires. Les premiers tests sur sites ont d\u00e9marr\u00e9 en novembre 2021, pour une dur\u00e9e d\u2019environ trois mois. Les solutions de contr\u00f4le qui pourront b\u00e9n\u00e9ficier d\u2019une homologation sont r\u00e9parties dans trois configurations de sites.<\/p>\n<p>Zone urbaine :<\/p>\n<p>&#8211; Ville de Paris : Rue Cardinet, Rue d\u2019Avron<br>&#8211; M\u00e9tropole de Nice : Avenue Felix Faure<br>&#8211; M\u00e9tropole de Toulouse : Rue Louis Plana<\/p>\n<p>Zone p\u00e9riurbaine :<\/p>\n<p>&#8211; Collectivit\u00e9 de Bron : Avenue Camille Rousset<br>&#8211; Collectivit\u00e9 de Rueil-Malmaison : Avenue du 18 juin 1940<br>&#8211; Collectivit\u00e9 de Villeneuve-le-Roi : Cours de Verdun<\/p>\n<p>Zone rurale : communaut\u00e9 de communes de la Haute Vall\u00e9e de Chevreuse, RD46 Saint-Lambert-des-Bois.<\/p>\n<h2><strong>D\u00e9roulement de l\u2019exp\u00e9rimentation<\/strong><\/h2>\n<h3><strong>Une exp\u00e9rimentation sur deux ans<\/strong><\/h3>\n<p>D\u2019apr\u00e8s les dispositions de la <a href=\"https:\/\/www.legifrance.gouv.fr\/loda\/id\/JORFTEXT000039666574\/\">Loi n\u00b0 2019-1428<\/a> du 24 d\u00e9cembre 2019 d\u2019orientation des mobilit\u00e9s, l\u2019exp\u00e9rimentation des radars sonores en France s\u2019effectue sur une p\u00e9riode de deux ans. Les appareils concern\u00e9s sont surtout positionn\u00e9s \u00e0 des emplacements dont la limite de vitesse maximale autoris\u00e9e est de 50 km\/h. Les tests se d\u00e9roulent en deux phases distinctes.<\/p>\n<h3><strong>Phase 1 : une exp\u00e9rimentation sans constatation d\u2019infractions<\/strong><\/h3>\n<p>Dans un premier temps, les tests sur voirie des radars sonores s\u2019effectuent en conditions r\u00e9elles. Depuis janvier 2022, et ce, pendant une p\u00e9riode d\u2019environ trois mois, aucune constatation d\u2019infraction n\u2019est encore pr\u00e9vue. La premi\u00e8re phase de l\u2019exp\u00e9rimentation permettra \u00e9galement de mettre en place les mesures p\u00e9dagogiques destin\u00e9es \u00e0 informer les citoyens de ces nouveaux dispositifs. Du c\u00f4t\u00e9 des fabricants, cette premi\u00e8re \u00e9tape est \u00e9galement d\u00e9cisive pour obtenir le certificat d\u2019homologation du radar et \u00eatre en mesure de verbaliser les usagers de la route.<\/p>\n<h3><strong>Phase 2 : une exp\u00e9rimentation avec constatation d\u2019infraction<\/strong><\/h3>\n<p>La seconde phase de l\u2019exp\u00e9rimentation sera conditionn\u00e9e par un certain nombre de param\u00e8tres, notamment les r\u00e9sultats de la premi\u00e8re phase de test. Seuls les appareils capables de r\u00e9pondre aux exigences de la m\u00e9trologie l\u00e9gale b\u00e9n\u00e9ficieront de l\u2019homologation. L\u2019exp\u00e9rimentation se poursuit cette fois-ci avec une constatation des infractions et s\u2019ach\u00e8vera au bout de deux ans.<\/p>\n<h2><strong>135 euros d\u2019amende<\/strong><\/h2>\n<p>Jusqu\u2019\u00e0 ce jour, les donn\u00e9es exactes sur le niveau sonore maximum autoris\u00e9 par les radars anti-bruit n\u2019ont pas encore \u00e9t\u00e9 fix\u00e9es. En revanche, l\u2019infraction sonore figure parmi celles qui sont pr\u00e9vues par l\u2019article R318-3 du Code de la route. La sanction portera donc sur une contravention de 4e classe, c\u2019est-\u00e0-dire :<br>&#8211; une amende forfaitaire de 135 euros,<br>&#8211; une amende minor\u00e9e de 90 euros si le paiement intervient dans un d\u00e9lai de 15 jours,<br>&#8211; une amende major\u00e9e de 375 euros en cas de retard de paiement de plus de 60 jours, ou <br>&#8211; une amende maximale judiciaire de 750 euros.<\/p>\n<p>Un d\u00e9lai suppl\u00e9mentaire de 15 jours est tout de m\u00eame accord\u00e9 en cas de t\u00e9l\u00e9paiement. \u00c0 noter \u00e9galement que les infractions constat\u00e9es par les radars sonores n\u2019ont aucun impact sur les points du <a href=\"https:\/\/avoloi.eu\/differents-permis-conduire\/\">permis de conduire.<\/a><\/p>\n<p><em>Photo de &nbsp;<a href=\"https:\/\/unsplash.com\/@olav_tvedt?utm_source=unsplash&amp;utm_medium=referral&amp;utm_content=creditCopyText\" target=\"_blank\" rel=\"noopener\">Olav Tvedt<\/a>&nbsp;on&nbsp;<a href=\"https:\/\/unsplash.com\/s\/photos\/loud-car?utm_source=unsplash&amp;utm_medium=referral&amp;utm_content=creditCopyText\" target=\"_blank\" rel=\"noopener\">Unsplash<\/a><\/em><\/p>\n\n\n<p><\/p>\n","protected":false},"excerpt":{"rendered":"<p>Contr\u00f4ler le bruit \u00e9mis par les v\u00e9hicules motoris\u00e9s figure parmi les mesures phares de la lutte contre la pollution sonore reconnue dans le Code de l\u2019environnement. <\/p>\n","protected":false},"author":2,"featured_media":23123,"comment_status":"open","ping_status":"closed","sticky":false,"template":"","format":"standard","meta":{"footnotes":""},"categories":[41],"tags":[40,109,303,42],"class_list":["post-23122","post","type-post","status-publish","format-standard","has-post-thumbnail","hentry","category-droit-routier-permis-de-conduire","tag-code-de-la-route","tag-nuisances-sonores","tag-radar","tag-route"],"yoast_head":"<!-- This site is optimized with the Yoast SEO plugin v27.4 - https:\/\/yoast.com\/product\/yoast-seo-wordpress\/ -->\n<title>Actualit\u00e9 Droit Routier : Les radars sonores arrivent en France<\/title>\n<meta name=\"description\" content=\"Actualit\u00e9 Droit Routier : Les radars sonores arrivent-t-il en France ? Quelles sont les zones concern\u00e9es ? D\u00e9couvrons !\" \/>\n<meta name=\"robots\" content=\"index, follow, max-snippet:-1, max-image-preview:large, max-video-preview:-1\" \/>\n<link rel=\"canonical\" href=\"https:\/\/avoloi.fr\/blog\/actualite-droit-routier-2\/\" \/>\n<meta property=\"og:locale\" content=\"fr_FR\" \/>\n<meta property=\"og:type\" content=\"article\" \/>\n<meta property=\"og:title\" content=\"Actualit\u00e9 Droit Routier : Les radars sonores arrivent en France\" \/>\n<meta property=\"og:description\" content=\"Actualit\u00e9 Droit Routier : Les radars sonores arrivent-t-il en France ? Quelles sont les zones concern\u00e9es ? D\u00e9couvrons !\" \/>\n<meta property=\"og:url\" content=\"https:\/\/avoloi.fr\/blog\/actualite-droit-routier-2\/\" \/>\n<meta property=\"og:site_name\" content=\"Le blog Avoloi\" \/>\n<meta property=\"article:publisher\" content=\"https:\/\/fr-fr.facebook.com\/avoloi\/\" \/>\n<meta property=\"article:published_time\" content=\"2022-04-08T15:00:00+00:00\" \/>\n<meta property=\"article:modified_time\" content=\"2022-05-30T10:19:28+00:00\" \/>\n<meta property=\"og:image\" content=\"https:\/\/avoloi.fr\/blog\/wp-content\/uploads\/2022\/03\/actualite-droit-routier.jpg\" \/>\n\t<meta property=\"og:image:width\" content=\"500\" \/>\n\t<meta property=\"og:image:height\" content=\"333\" \/>\n\t<meta property=\"og:image:type\" content=\"image\/jpeg\" \/>\n<meta name=\"author\" content=\"Avoloi\" \/>\n<meta name=\"twitter:card\" content=\"summary_large_image\" \/>\n<meta name=\"twitter:creator\" content=\"@avoloi\" \/>\n<meta name=\"twitter:site\" content=\"@avoloi\" \/>\n<meta name=\"twitter:label1\" content=\"\u00c9crit par\" \/>\n\t<meta name=\"twitter:data1\" content=\"Avoloi\" \/>\n\t<meta name=\"twitter:label2\" content=\"Dur\u00e9e de lecture estim\u00e9e\" \/>\n\t<meta name=\"twitter:data2\" content=\"5 minutes\" \/>\n<script type=\"application\/ld+json\" class=\"yoast-schema-graph\">{\"@context\":\"https:\\\/\\\/schema.org\",\"@graph\":[{\"@type\":\"Article\",\"@id\":\"https:\\\/\\\/avoloi.fr\\\/blog\\\/actualite-droit-routier-2\\\/#article\",\"isPartOf\":{\"@id\":\"https:\\\/\\\/avoloi.fr\\\/blog\\\/actualite-droit-routier-2\\\/\"},\"author\":{\"name\":\"Avoloi\",\"@id\":\"https:\\\/\\\/avoloi.fr\\\/blog\\\/#\\\/schema\\\/person\\\/23b73188a8a805006f016e2a3cb617b1\"},\"headline\":\"Actualit\u00e9 Droit Routier : Les radars sonores arrivent en France\",\"datePublished\":\"2022-04-08T15:00:00+00:00\",\"dateModified\":\"2022-05-30T10:19:28+00:00\",\"mainEntityOfPage\":{\"@id\":\"https:\\\/\\\/avoloi.fr\\\/blog\\\/actualite-droit-routier-2\\\/\"},\"wordCount\":967,\"commentCount\":0,\"publisher\":{\"@id\":\"https:\\\/\\\/avoloi.fr\\\/blog\\\/#organization\"},\"image\":{\"@id\":\"https:\\\/\\\/avoloi.fr\\\/blog\\\/actualite-droit-routier-2\\\/#primaryimage\"},\"thumbnailUrl\":\"https:\\\/\\\/avoloi.fr\\\/blog\\\/wp-content\\\/uploads\\\/2022\\\/03\\\/actualite-droit-routier.jpg\",\"keywords\":[\"code de la route\",\"nuisances sonores\",\"radar\",\"route\"],\"articleSection\":[\"Droit routier\\\/permis de conduire\"],\"inLanguage\":\"fr-FR\",\"potentialAction\":[{\"@type\":\"CommentAction\",\"name\":\"Comment\",\"target\":[\"https:\\\/\\\/avoloi.fr\\\/blog\\\/actualite-droit-routier-2\\\/#respond\"]}]},{\"@type\":\"WebPage\",\"@id\":\"https:\\\/\\\/avoloi.fr\\\/blog\\\/actualite-droit-routier-2\\\/\",\"url\":\"https:\\\/\\\/avoloi.fr\\\/blog\\\/actualite-droit-routier-2\\\/\",\"name\":\"Actualit\u00e9 Droit Routier : Les radars sonores arrivent en France\",\"isPartOf\":{\"@id\":\"https:\\\/\\\/avoloi.fr\\\/blog\\\/#website\"},\"primaryImageOfPage\":{\"@id\":\"https:\\\/\\\/avoloi.fr\\\/blog\\\/actualite-droit-routier-2\\\/#primaryimage\"},\"image\":{\"@id\":\"https:\\\/\\\/avoloi.fr\\\/blog\\\/actualite-droit-routier-2\\\/#primaryimage\"},\"thumbnailUrl\":\"https:\\\/\\\/avoloi.fr\\\/blog\\\/wp-content\\\/uploads\\\/2022\\\/03\\\/actualite-droit-routier.jpg\",\"datePublished\":\"2022-04-08T15:00:00+00:00\",\"dateModified\":\"2022-05-30T10:19:28+00:00\",\"description\":\"Actualit\u00e9 Droit Routier : Les radars sonores arrivent-t-il en France ? Quelles sont les zones concern\u00e9es ? D\u00e9couvrons !\",\"breadcrumb\":{\"@id\":\"https:\\\/\\\/avoloi.fr\\\/blog\\\/actualite-droit-routier-2\\\/#breadcrumb\"},\"inLanguage\":\"fr-FR\",\"potentialAction\":[{\"@type\":\"ReadAction\",\"target\":[\"https:\\\/\\\/avoloi.fr\\\/blog\\\/actualite-droit-routier-2\\\/\"]}]},{\"@type\":\"ImageObject\",\"inLanguage\":\"fr-FR\",\"@id\":\"https:\\\/\\\/avoloi.fr\\\/blog\\\/actualite-droit-routier-2\\\/#primaryimage\",\"url\":\"https:\\\/\\\/avoloi.fr\\\/blog\\\/wp-content\\\/uploads\\\/2022\\\/03\\\/actualite-droit-routier.jpg\",\"contentUrl\":\"https:\\\/\\\/avoloi.fr\\\/blog\\\/wp-content\\\/uploads\\\/2022\\\/03\\\/actualite-droit-routier.jpg\",\"width\":500,\"height\":333,\"caption\":\"actualit\u00e9 droit routier\"},{\"@type\":\"BreadcrumbList\",\"@id\":\"https:\\\/\\\/avoloi.fr\\\/blog\\\/actualite-droit-routier-2\\\/#breadcrumb\",\"itemListElement\":[{\"@type\":\"ListItem\",\"position\":1,\"name\":\"Accueil\",\"item\":\"https:\\\/\\\/avoloi.fr\\\/blog\\\/\"},{\"@type\":\"ListItem\",\"position\":2,\"name\":\"Actualit\u00e9 Droit Routier : Les radars sonores arrivent en France\"}]},{\"@type\":\"WebSite\",\"@id\":\"https:\\\/\\\/avoloi.fr\\\/blog\\\/#website\",\"url\":\"https:\\\/\\\/avoloi.fr\\\/blog\\\/\",\"name\":\"Le blog Avoloi\",\"description\":\"\",\"publisher\":{\"@id\":\"https:\\\/\\\/avoloi.fr\\\/blog\\\/#organization\"},\"potentialAction\":[{\"@type\":\"SearchAction\",\"target\":{\"@type\":\"EntryPoint\",\"urlTemplate\":\"https:\\\/\\\/avoloi.fr\\\/blog\\\/?s={search_term_string}\"},\"query-input\":{\"@type\":\"PropertyValueSpecification\",\"valueRequired\":true,\"valueName\":\"search_term_string\"}}],\"inLanguage\":\"fr-FR\"},{\"@type\":\"Organization\",\"@id\":\"https:\\\/\\\/avoloi.fr\\\/blog\\\/#organization\",\"name\":\"Avoloi\",\"url\":\"https:\\\/\\\/avoloi.fr\\\/blog\\\/\",\"logo\":{\"@type\":\"ImageObject\",\"inLanguage\":\"fr-FR\",\"@id\":\"https:\\\/\\\/avoloi.fr\\\/blog\\\/#\\\/schema\\\/logo\\\/image\\\/\",\"url\":\"https:\\\/\\\/avoloi.fr\\\/blog\\\/wp-content\\\/uploads\\\/2022\\\/06\\\/avoloi_726x172.png\",\"contentUrl\":\"https:\\\/\\\/avoloi.fr\\\/blog\\\/wp-content\\\/uploads\\\/2022\\\/06\\\/avoloi_726x172.png\",\"width\":726,\"height\":172,\"caption\":\"Avoloi\"},\"image\":{\"@id\":\"https:\\\/\\\/avoloi.fr\\\/blog\\\/#\\\/schema\\\/logo\\\/image\\\/\"},\"sameAs\":[\"https:\\\/\\\/fr-fr.facebook.com\\\/avoloi\\\/\",\"https:\\\/\\\/x.com\\\/avoloi\",\"https:\\\/\\\/www.linkedin.com\\\/company\\\/11097274\\\/\",\"https:\\\/\\\/www.instagram.com\\\/avoloi\\\/\"]},{\"@type\":\"Person\",\"@id\":\"https:\\\/\\\/avoloi.fr\\\/blog\\\/#\\\/schema\\\/person\\\/23b73188a8a805006f016e2a3cb617b1\",\"name\":\"Avoloi\",\"image\":{\"@type\":\"ImageObject\",\"inLanguage\":\"fr-FR\",\"@id\":\"https:\\\/\\\/secure.gravatar.com\\\/avatar\\\/2ec2e99d2d37d9499d05c0d8442d636f63a751b8a8c16870416ac671c571f81d?s=96&d=mm&r=g\",\"url\":\"https:\\\/\\\/secure.gravatar.com\\\/avatar\\\/2ec2e99d2d37d9499d05c0d8442d636f63a751b8a8c16870416ac671c571f81d?s=96&d=mm&r=g\",\"contentUrl\":\"https:\\\/\\\/secure.gravatar.com\\\/avatar\\\/2ec2e99d2d37d9499d05c0d8442d636f63a751b8a8c16870416ac671c571f81d?s=96&d=mm&r=g\",\"caption\":\"Avoloi\"}}]}<\/script>\n<!-- \/ Yoast SEO plugin. -->","yoast_head_json":{"title":"Actualit\u00e9 Droit Routier : Les radars sonores arrivent en France","description":"Actualit\u00e9 Droit Routier : Les radars sonores arrivent-t-il en France ? Quelles sont les zones concern\u00e9es ? D\u00e9couvrons !","robots":{"index":"index","follow":"follow","max-snippet":"max-snippet:-1","max-image-preview":"max-image-preview:large","max-video-preview":"max-video-preview:-1"},"canonical":"https:\/\/avoloi.fr\/blog\/actualite-droit-routier-2\/","og_locale":"fr_FR","og_type":"article","og_title":"Actualit\u00e9 Droit Routier : Les radars sonores arrivent en France","og_description":"Actualit\u00e9 Droit Routier : Les radars sonores arrivent-t-il en France ? Quelles sont les zones concern\u00e9es ? D\u00e9couvrons !","og_url":"https:\/\/avoloi.fr\/blog\/actualite-droit-routier-2\/","og_site_name":"Le blog Avoloi","article_publisher":"https:\/\/fr-fr.facebook.com\/avoloi\/","article_published_time":"2022-04-08T15:00:00+00:00","article_modified_time":"2022-05-30T10:19:28+00:00","og_image":[{"width":500,"height":333,"url":"https:\/\/avoloi.fr\/blog\/wp-content\/uploads\/2022\/03\/actualite-droit-routier.jpg","type":"image\/jpeg"}],"author":"Avoloi","twitter_card":"summary_large_image","twitter_creator":"@avoloi","twitter_site":"@avoloi","twitter_misc":{"\u00c9crit par":"Avoloi","Dur\u00e9e de lecture estim\u00e9e":"5 minutes"},"schema":{"@context":"https:\/\/schema.org","@graph":[{"@type":"Article","@id":"https:\/\/avoloi.fr\/blog\/actualite-droit-routier-2\/#article","isPartOf":{"@id":"https:\/\/avoloi.fr\/blog\/actualite-droit-routier-2\/"},"author":{"name":"Avoloi","@id":"https:\/\/avoloi.fr\/blog\/#\/schema\/person\/23b73188a8a805006f016e2a3cb617b1"},"headline":"Actualit\u00e9 Droit Routier : Les radars sonores arrivent en France","datePublished":"2022-04-08T15:00:00+00:00","dateModified":"2022-05-30T10:19:28+00:00","mainEntityOfPage":{"@id":"https:\/\/avoloi.fr\/blog\/actualite-droit-routier-2\/"},"wordCount":967,"commentCount":0,"publisher":{"@id":"https:\/\/avoloi.fr\/blog\/#organization"},"image":{"@id":"https:\/\/avoloi.fr\/blog\/actualite-droit-routier-2\/#primaryimage"},"thumbnailUrl":"https:\/\/avoloi.fr\/blog\/wp-content\/uploads\/2022\/03\/actualite-droit-routier.jpg","keywords":["code de la route","nuisances sonores","radar","route"],"articleSection":["Droit routier\/permis de conduire"],"inLanguage":"fr-FR","potentialAction":[{"@type":"CommentAction","name":"Comment","target":["https:\/\/avoloi.fr\/blog\/actualite-droit-routier-2\/#respond"]}]},{"@type":"WebPage","@id":"https:\/\/avoloi.fr\/blog\/actualite-droit-routier-2\/","url":"https:\/\/avoloi.fr\/blog\/actualite-droit-routier-2\/","name":"Actualit\u00e9 Droit Routier : Les radars sonores arrivent en France","isPartOf":{"@id":"https:\/\/avoloi.fr\/blog\/#website"},"primaryImageOfPage":{"@id":"https:\/\/avoloi.fr\/blog\/actualite-droit-routier-2\/#primaryimage"},"image":{"@id":"https:\/\/avoloi.fr\/blog\/actualite-droit-routier-2\/#primaryimage"},"thumbnailUrl":"https:\/\/avoloi.fr\/blog\/wp-content\/uploads\/2022\/03\/actualite-droit-routier.jpg","datePublished":"2022-04-08T15:00:00+00:00","dateModified":"2022-05-30T10:19:28+00:00","description":"Actualit\u00e9 Droit Routier : Les radars sonores arrivent-t-il en France ? Quelles sont les zones concern\u00e9es ? D\u00e9couvrons !","breadcrumb":{"@id":"https:\/\/avoloi.fr\/blog\/actualite-droit-routier-2\/#breadcrumb"},"inLanguage":"fr-FR","potentialAction":[{"@type":"ReadAction","target":["https:\/\/avoloi.fr\/blog\/actualite-droit-routier-2\/"]}]},{"@type":"ImageObject","inLanguage":"fr-FR","@id":"https:\/\/avoloi.fr\/blog\/actualite-droit-routier-2\/#primaryimage","url":"https:\/\/avoloi.fr\/blog\/wp-content\/uploads\/2022\/03\/actualite-droit-routier.jpg","contentUrl":"https:\/\/avoloi.fr\/blog\/wp-content\/uploads\/2022\/03\/actualite-droit-routier.jpg","width":500,"height":333,"caption":"actualit\u00e9 droit routier"},{"@type":"BreadcrumbList","@id":"https:\/\/avoloi.fr\/blog\/actualite-droit-routier-2\/#breadcrumb","itemListElement":[{"@type":"ListItem","position":1,"name":"Accueil","item":"https:\/\/avoloi.fr\/blog\/"},{"@type":"ListItem","position":2,"name":"Actualit\u00e9 Droit Routier : Les radars sonores arrivent en France"}]},{"@type":"WebSite","@id":"https:\/\/avoloi.fr\/blog\/#website","url":"https:\/\/avoloi.fr\/blog\/","name":"Le blog Avoloi","description":"","publisher":{"@id":"https:\/\/avoloi.fr\/blog\/#organization"},"potentialAction":[{"@type":"SearchAction","target":{"@type":"EntryPoint","urlTemplate":"https:\/\/avoloi.fr\/blog\/?s={search_term_string}"},"query-input":{"@type":"PropertyValueSpecification","valueRequired":true,"valueName":"search_term_string"}}],"inLanguage":"fr-FR"},{"@type":"Organization","@id":"https:\/\/avoloi.fr\/blog\/#organization","name":"Avoloi","url":"https:\/\/avoloi.fr\/blog\/","logo":{"@type":"ImageObject","inLanguage":"fr-FR","@id":"https:\/\/avoloi.fr\/blog\/#\/schema\/logo\/image\/","url":"https:\/\/avoloi.fr\/blog\/wp-content\/uploads\/2022\/06\/avoloi_726x172.png","contentUrl":"https:\/\/avoloi.fr\/blog\/wp-content\/uploads\/2022\/06\/avoloi_726x172.png","width":726,"height":172,"caption":"Avoloi"},"image":{"@id":"https:\/\/avoloi.fr\/blog\/#\/schema\/logo\/image\/"},"sameAs":["https:\/\/fr-fr.facebook.com\/avoloi\/","https:\/\/x.com\/avoloi","https:\/\/www.linkedin.com\/company\/11097274\/","https:\/\/www.instagram.com\/avoloi\/"]},{"@type":"Person","@id":"https:\/\/avoloi.fr\/blog\/#\/schema\/person\/23b73188a8a805006f016e2a3cb617b1","name":"Avoloi","image":{"@type":"ImageObject","inLanguage":"fr-FR","@id":"https:\/\/secure.gravatar.com\/avatar\/2ec2e99d2d37d9499d05c0d8442d636f63a751b8a8c16870416ac671c571f81d?s=96&d=mm&r=g","url":"https:\/\/secure.gravatar.com\/avatar\/2ec2e99d2d37d9499d05c0d8442d636f63a751b8a8c16870416ac671c571f81d?s=96&d=mm&r=g","contentUrl":"https:\/\/secure.gravatar.com\/avatar\/2ec2e99d2d37d9499d05c0d8442d636f63a751b8a8c16870416ac671c571f81d?s=96&d=mm&r=g","caption":"Avoloi"}}]}},"_links":{"self":[{"href":"https:\/\/avoloi.fr\/blog\/wp-json\/wp\/v2\/posts\/23122","targetHints":{"allow":["GET"]}}],"collection":[{"href":"https:\/\/avoloi.fr\/blog\/wp-json\/wp\/v2\/posts"}],"about":[{"href":"https:\/\/avoloi.fr\/blog\/wp-json\/wp\/v2\/types\/post"}],"author":[{"embeddable":true,"href":"https:\/\/avoloi.fr\/blog\/wp-json\/wp\/v2\/users\/2"}],"replies":[{"embeddable":true,"href":"https:\/\/avoloi.fr\/blog\/wp-json\/wp\/v2\/comments?post=23122"}],"version-history":[{"count":1,"href":"https:\/\/avoloi.fr\/blog\/wp-json\/wp\/v2\/posts\/23122\/revisions"}],"predecessor-version":[{"id":23291,"href":"https:\/\/avoloi.fr\/blog\/wp-json\/wp\/v2\/posts\/23122\/revisions\/23291"}],"wp:featuredmedia":[{"embeddable":true,"href":"https:\/\/avoloi.fr\/blog\/wp-json\/wp\/v2\/media\/23123"}],"wp:attachment":[{"href":"https:\/\/avoloi.fr\/blog\/wp-json\/wp\/v2\/media?parent=23122"}],"wp:term":[{"taxonomy":"category","embeddable":true,"href":"https:\/\/avoloi.fr\/blog\/wp-json\/wp\/v2\/categories?post=23122"},{"taxonomy":"post_tag","embeddable":true,"href":"https:\/\/avoloi.fr\/blog\/wp-json\/wp\/v2\/tags?post=23122"}],"curies":[{"name":"wp","href":"https:\/\/api.w.org\/{rel}","templated":true}]}}