{"id":22973,"date":"2022-02-17T10:30:11","date_gmt":"2022-02-17T09:30:11","guid":{"rendered":"https:\/\/avoloi.eu\/?p=22973"},"modified":"2022-02-17T10:30:11","modified_gmt":"2022-02-17T09:30:11","slug":"larret-du-jour-284-scooter-voiture-responsablite","status":"publish","type":"post","link":"https:\/\/avoloi.fr\/blog\/larret-du-jour-284-scooter-voiture-responsablite\/","title":{"rendered":"L&rsquo;arr\u00eat du jour #284 La voiture, le scooter et la responsabilit\u00e9 !"},"content":{"rendered":"\n<h3 class=\"wp-block-heading\" id=\"c-est-l-histoire-d-un-conducteur-a-l-origine-ou-victime-d-un-accident-de-la-route\"><strong><strong>C\u2019est l\u2019histoire d\u2019un conducteur \u00e0 l\u2019origine (ou victime&nbsp;?) d\u2019un accident de la route\u2026<\/strong><\/strong><\/h3>\n\n\n\n<p>Une voiture se d\u00e9porte trop sur sa gauche et heurte un scooter arrivant en face, causant le d\u00e9c\u00e8s du scoot\u00e9riste. Estimant que la responsabilit\u00e9 de l\u2019accident doit toutefois \u00eatre partag\u00e9e, le conducteur de la voiture refuse d\u2019en supporter seul le co\u00fbt financier\u2026<\/p>\n\n\n\n<h3 class=\"wp-block-heading\" id=\"l-objet-du-litige\"> L\u2019objet du litige <\/h3>\n\n\n\n<p>Ce que n\u2019acceptent pas les ayants droits de la victime d\u00e9c\u00e9d\u00e9e, au vu des circonstances de l\u2019accident&nbsp;: parce que le conducteur est venu heurter la victime sur son c\u00f4t\u00e9 de voie, il est le seul fautif de cet accident. \u00ab&nbsp;Non&nbsp;\u00bb, persiste ce dernier&nbsp;: le scooter a r\u00e9alis\u00e9 un \u00e9cart, s\u2019\u00e9cartant de sa voie de circulation. D\u2019o\u00f9 l\u2019accident\u2026 \u00ab&nbsp;Non&nbsp;\u00bb, conteste la famille&nbsp;: venant d\u2019une rue adjacente, il terminait sa man\u0153uvre d\u2019insertion sur sa voie, dont les limites n\u2019ont pas \u00e9t\u00e9 respect\u00e9es par le conducteur de la voiture qui a franchi la limite s\u00e9parative de circulation. D\u2019o\u00f9 l\u2019accident\u2026<\/p>\n\n\n\n<h3 class=\"wp-block-heading\" id=\"le-verdict\"> Le verdict <\/h3>\n\n\n\n<p>\u2026 dont est totalement responsable le conducteur de la voiture, qui doit alors indemniser totalement les ayants droit de la victime, conclut le juge.<\/p>\n\n\n\n<blockquote class=\"wp-block-quote is-layout-flow wp-block-quote-is-layout-flow\"><p><a href=\"https:\/\/www.courdecassation.fr\/decision\/619de440b458df69d4022a43?search_api_fulltext=20-12.835&amp;op=Rechercher\"><\/a><a href=\"https:\/\/www.legifrance.gouv.fr\/juri\/id\/JURITEXT000043473606?init=true&amp;page=1&amp;query=19-21843&amp;searchField=ALL&amp;tab_selection=all\"><\/a><a href=\"https:\/\/www.legifrance.gouv.fr\/juri\/id\/JURITEXT000044105887?init=true&amp;page=1&amp;query=20-10.013+&amp;searchField=ALL&amp;tab_selection=all\"><\/a><a href=\"https:\/\/www.legifrance.gouv.fr\/juri\/id\/JURITEXT000044183626?init=true&amp;page=1&amp;query=20-14.858&amp;searchField=ALL&amp;tab_selection=all\"><\/a><a href=\"https:\/\/www.legifrance.gouv.fr\/juri\/id\/JURITEXT000044220477?init=true&amp;page=1&amp;query=20-16282&amp;searchField=ALL&amp;tab_selection=all\"><\/a><a href=\"https:\/\/www.legifrance.gouv.fr\/juri\/id\/JURITEXT000044220496?init=true&amp;page=1&amp;query=20-19295&amp;searchField=ALL&amp;tab_selection=all\" target=\"_blank\" rel=\"noreferrer noopener\"><\/a><a href=\"https:\/\/www.legifrance.gouv.fr\/juri\/id\/JURITEXT000044300012?init=true&amp;page=1&amp;query=20-16847&amp;searchField=ALL&amp;tab_selection=all\"><\/a><a href=\"https:\/\/hudoc.echr.coe.int\/fre#%7B%22itemid%22:[%22001-211781%22]%7D\"><\/a><a href=\"https:\/\/www.courdecassation.fr\/decision\/616fb1c0a6422442c430223d?judilibre_chambre%5b%5d=civ1&amp;page=9\"><\/a><a href=\"https:\/\/www.courdecassation.fr\/decision\/616fb1c0a6422442c430223d?judilibre_chambre%5b%5d=civ1&amp;page=9\"><\/a><a href=\"https:\/\/www.courdecassation.fr\/decision\/600fe7e3b89b4db1d22a5164?search_api_fulltext=19-16703+\"><\/a><a href=\"https:\/\/www.courdecassation.fr\/decision\/5fca59b9f1c5c530629b1949?search_api_fulltext=19-84.731+\"><\/a><a href=\"https:\/\/www.courdecassation.fr\/decision\/61de7d4cfc57de8d136e066c?search_api_fulltext=+20-12.232&amp;previousdecisionpage=&amp;previousdecisionindex=&amp;nextdecisionpage=&amp;nextdecisionindex=\"><\/a><a href=\"https:\/\/www.courdecassation.fr\/decision\/619de441b458df69d4022a51?search_api_fulltext=20-16799&amp;previousdecisionpage=&amp;previousdecisionindex=&amp;nextdecisionpage=&amp;nextdecisionindex=\"><\/a><a href=\"http:\/\/Arr\u00eat de la Cour de cassation, 2e chambre civile, du 20 janvier 2022, n\u00b0 20-16953\">Arr\u00eat de la Cour de cassation, 2<sup>e<\/sup> chambre civile, du 20 janvier 2022, n\u00b0 20-17563<\/a><\/p><\/blockquote>\n\n\n\n<p><em>En partenariat avec Weblex<\/em><\/p>\n","protected":false},"excerpt":{"rendered":"<p>Une voiture se d\u00e9porte trop sur sa gauche et heurte un scooter arrivant en face, causant le d\u00e9c\u00e8s du scoot\u00e9riste. Estimant que la responsabilit\u00e9 de l\u2019accident doit toutefois \u00eatre partag\u00e9e, le conducteur de la voiture refuse d\u2019indemniser la famille du scoot\u00e9riste\u2026<br \/>\nCe que n\u2019acceptent pas les ayants droit de la victime d\u00e9c\u00e9d\u00e9e, au vu des circonstances de l\u2019accident\u2026<\/p>\n","protected":false},"author":2,"featured_media":22978,"comment_status":"open","ping_status":"closed","sticky":false,"template":"","format":"standard","meta":{"footnotes":""},"categories":[2],"tags":[214,40,220],"class_list":["post-22973","post","type-post","status-publish","format-standard","has-post-thumbnail","hentry","category-larret-du-jour","tag-accident","tag-code-de-la-route","tag-responsabilite"],"yoast_head":"<!-- This site is optimized with the Yoast SEO plugin v27.4 - https:\/\/yoast.com\/product\/yoast-seo-wordpress\/ -->\n<title>L&#039;arr\u00eat du jour #284 La voiture, le scooter et la responsabilit\u00e9 ! - Le blog Avoloi<\/title>\n<meta name=\"description\" content=\"L&#039;arr\u00eat du jour #284 La voiture, le scooter et la responsabilit\u00e9 ! C\u2019est l\u2019histoire d\u2019un conducteur \u00e0 l\u2019origine (ou victime\u00a0?) d\u2019un accident\" \/>\n<meta name=\"robots\" content=\"index, follow, max-snippet:-1, max-image-preview:large, max-video-preview:-1\" \/>\n<link rel=\"canonical\" href=\"https:\/\/avoloi.fr\/blog\/larret-du-jour-284-scooter-voiture-responsablite\/\" \/>\n<meta property=\"og:locale\" content=\"fr_FR\" \/>\n<meta property=\"og:type\" content=\"article\" \/>\n<meta property=\"og:title\" content=\"L&#039;arr\u00eat du jour #284 La voiture, le scooter et la responsabilit\u00e9...\" \/>\n<meta property=\"og:description\" content=\"C\u2019est l\u2019histoire d\u2019un conducteur \u00e0 l\u2019origine (ou victime\u00a0?) d\u2019un accident de la route\u2026\" \/>\n<meta property=\"og:url\" content=\"https:\/\/avoloi.fr\/blog\/larret-du-jour-284-scooter-voiture-responsablite\/\" \/>\n<meta property=\"og:site_name\" content=\"Le blog Avoloi\" \/>\n<meta property=\"article:publisher\" content=\"https:\/\/fr-fr.facebook.com\/avoloi\/\" \/>\n<meta property=\"article:published_time\" content=\"2022-02-17T09:30:11+00:00\" \/>\n<meta property=\"og:image\" content=\"https:\/\/avoloi.fr\/blog\/wp-content\/uploads\/2021\/02\/arret-du-jour-avoloi-accident-voiture-scooter.jpg\" \/>\n\t<meta property=\"og:image:width\" content=\"800\" \/>\n\t<meta property=\"og:image:height\" content=\"600\" \/>\n\t<meta property=\"og:image:type\" content=\"image\/jpeg\" \/>\n<meta name=\"author\" content=\"Avoloi\" \/>\n<meta name=\"twitter:card\" content=\"summary_large_image\" \/>\n<meta name=\"twitter:title\" content=\"L&#039;arr\u00eat du jour #284 La voiture, le scooter et la responsabilit\u00e9...\" \/>\n<meta name=\"twitter:description\" content=\"C\u2019est l\u2019histoire d\u2019un conducteur \u00e0 l\u2019origine (ou victime\u00a0?) d\u2019un accident de la route\u2026\" \/>\n<meta name=\"twitter:image\" content=\"https:\/\/avoloi.fr\/blog\/wp-content\/uploads\/2021\/02\/arret-du-jour-avoloi-accident-voiture-scooter.jpg\" \/>\n<meta name=\"twitter:creator\" content=\"@avoloi\" \/>\n<meta name=\"twitter:site\" content=\"@avoloi\" \/>\n<meta name=\"twitter:label1\" content=\"\u00c9crit par\" \/>\n\t<meta name=\"twitter:data1\" content=\"Avoloi\" \/>\n\t<meta name=\"twitter:label2\" content=\"Dur\u00e9e de lecture estim\u00e9e\" \/>\n\t<meta name=\"twitter:data2\" content=\"2 minutes\" \/>\n<script type=\"application\/ld+json\" class=\"yoast-schema-graph\">{\"@context\":\"https:\\\/\\\/schema.org\",\"@graph\":[{\"@type\":\"Article\",\"@id\":\"https:\\\/\\\/avoloi.fr\\\/blog\\\/larret-du-jour-284-scooter-voiture-responsablite\\\/#article\",\"isPartOf\":{\"@id\":\"https:\\\/\\\/avoloi.fr\\\/blog\\\/larret-du-jour-284-scooter-voiture-responsablite\\\/\"},\"author\":{\"name\":\"Avoloi\",\"@id\":\"https:\\\/\\\/avoloi.fr\\\/blog\\\/#\\\/schema\\\/person\\\/23b73188a8a805006f016e2a3cb617b1\"},\"headline\":\"L&rsquo;arr\u00eat du jour #284 La voiture, le scooter et la responsabilit\u00e9 !\",\"datePublished\":\"2022-02-17T09:30:11+00:00\",\"mainEntityOfPage\":{\"@id\":\"https:\\\/\\\/avoloi.fr\\\/blog\\\/larret-du-jour-284-scooter-voiture-responsablite\\\/\"},\"wordCount\":248,\"commentCount\":0,\"publisher\":{\"@id\":\"https:\\\/\\\/avoloi.fr\\\/blog\\\/#organization\"},\"image\":{\"@id\":\"https:\\\/\\\/avoloi.fr\\\/blog\\\/larret-du-jour-284-scooter-voiture-responsablite\\\/#primaryimage\"},\"thumbnailUrl\":\"https:\\\/\\\/avoloi.fr\\\/blog\\\/wp-content\\\/uploads\\\/2021\\\/02\\\/arret-du-jour-avoloi-accident-voiture-scooter.jpg\",\"keywords\":[\"accident\",\"code de la route\",\"responsabilit\u00e9\"],\"articleSection\":[\"L\u2019arr\u00eat du jour\"],\"inLanguage\":\"fr-FR\",\"potentialAction\":[{\"@type\":\"CommentAction\",\"name\":\"Comment\",\"target\":[\"https:\\\/\\\/avoloi.fr\\\/blog\\\/larret-du-jour-284-scooter-voiture-responsablite\\\/#respond\"]}]},{\"@type\":\"WebPage\",\"@id\":\"https:\\\/\\\/avoloi.fr\\\/blog\\\/larret-du-jour-284-scooter-voiture-responsablite\\\/\",\"url\":\"https:\\\/\\\/avoloi.fr\\\/blog\\\/larret-du-jour-284-scooter-voiture-responsablite\\\/\",\"name\":\"L'arr\u00eat du jour #284 La voiture, le scooter et la responsabilit\u00e9 ! - Le blog Avoloi\",\"isPartOf\":{\"@id\":\"https:\\\/\\\/avoloi.fr\\\/blog\\\/#website\"},\"primaryImageOfPage\":{\"@id\":\"https:\\\/\\\/avoloi.fr\\\/blog\\\/larret-du-jour-284-scooter-voiture-responsablite\\\/#primaryimage\"},\"image\":{\"@id\":\"https:\\\/\\\/avoloi.fr\\\/blog\\\/larret-du-jour-284-scooter-voiture-responsablite\\\/#primaryimage\"},\"thumbnailUrl\":\"https:\\\/\\\/avoloi.fr\\\/blog\\\/wp-content\\\/uploads\\\/2021\\\/02\\\/arret-du-jour-avoloi-accident-voiture-scooter.jpg\",\"datePublished\":\"2022-02-17T09:30:11+00:00\",\"description\":\"L'arr\u00eat du jour #284 La voiture, le scooter et la responsabilit\u00e9 ! C\u2019est l\u2019histoire d\u2019un conducteur \u00e0 l\u2019origine (ou victime\u00a0?) d\u2019un accident\",\"breadcrumb\":{\"@id\":\"https:\\\/\\\/avoloi.fr\\\/blog\\\/larret-du-jour-284-scooter-voiture-responsablite\\\/#breadcrumb\"},\"inLanguage\":\"fr-FR\",\"potentialAction\":[{\"@type\":\"ReadAction\",\"target\":[\"https:\\\/\\\/avoloi.fr\\\/blog\\\/larret-du-jour-284-scooter-voiture-responsablite\\\/\"]}]},{\"@type\":\"ImageObject\",\"inLanguage\":\"fr-FR\",\"@id\":\"https:\\\/\\\/avoloi.fr\\\/blog\\\/larret-du-jour-284-scooter-voiture-responsablite\\\/#primaryimage\",\"url\":\"https:\\\/\\\/avoloi.fr\\\/blog\\\/wp-content\\\/uploads\\\/2021\\\/02\\\/arret-du-jour-avoloi-accident-voiture-scooter.jpg\",\"contentUrl\":\"https:\\\/\\\/avoloi.fr\\\/blog\\\/wp-content\\\/uploads\\\/2021\\\/02\\\/arret-du-jour-avoloi-accident-voiture-scooter.jpg\",\"width\":800,\"height\":600},{\"@type\":\"BreadcrumbList\",\"@id\":\"https:\\\/\\\/avoloi.fr\\\/blog\\\/larret-du-jour-284-scooter-voiture-responsablite\\\/#breadcrumb\",\"itemListElement\":[{\"@type\":\"ListItem\",\"position\":1,\"name\":\"Accueil\",\"item\":\"https:\\\/\\\/avoloi.fr\\\/blog\\\/\"},{\"@type\":\"ListItem\",\"position\":2,\"name\":\"L&rsquo;arr\u00eat du jour #284 La voiture, le scooter et la responsabilit\u00e9 !\"}]},{\"@type\":\"WebSite\",\"@id\":\"https:\\\/\\\/avoloi.fr\\\/blog\\\/#website\",\"url\":\"https:\\\/\\\/avoloi.fr\\\/blog\\\/\",\"name\":\"Le blog Avoloi\",\"description\":\"\",\"publisher\":{\"@id\":\"https:\\\/\\\/avoloi.fr\\\/blog\\\/#organization\"},\"potentialAction\":[{\"@type\":\"SearchAction\",\"target\":{\"@type\":\"EntryPoint\",\"urlTemplate\":\"https:\\\/\\\/avoloi.fr\\\/blog\\\/?s={search_term_string}\"},\"query-input\":{\"@type\":\"PropertyValueSpecification\",\"valueRequired\":true,\"valueName\":\"search_term_string\"}}],\"inLanguage\":\"fr-FR\"},{\"@type\":\"Organization\",\"@id\":\"https:\\\/\\\/avoloi.fr\\\/blog\\\/#organization\",\"name\":\"Avoloi\",\"url\":\"https:\\\/\\\/avoloi.fr\\\/blog\\\/\",\"logo\":{\"@type\":\"ImageObject\",\"inLanguage\":\"fr-FR\",\"@id\":\"https:\\\/\\\/avoloi.fr\\\/blog\\\/#\\\/schema\\\/logo\\\/image\\\/\",\"url\":\"https:\\\/\\\/avoloi.fr\\\/blog\\\/wp-content\\\/uploads\\\/2022\\\/06\\\/avoloi_726x172.png\",\"contentUrl\":\"https:\\\/\\\/avoloi.fr\\\/blog\\\/wp-content\\\/uploads\\\/2022\\\/06\\\/avoloi_726x172.png\",\"width\":726,\"height\":172,\"caption\":\"Avoloi\"},\"image\":{\"@id\":\"https:\\\/\\\/avoloi.fr\\\/blog\\\/#\\\/schema\\\/logo\\\/image\\\/\"},\"sameAs\":[\"https:\\\/\\\/fr-fr.facebook.com\\\/avoloi\\\/\",\"https:\\\/\\\/x.com\\\/avoloi\",\"https:\\\/\\\/www.linkedin.com\\\/company\\\/11097274\\\/\",\"https:\\\/\\\/www.instagram.com\\\/avoloi\\\/\"]},{\"@type\":\"Person\",\"@id\":\"https:\\\/\\\/avoloi.fr\\\/blog\\\/#\\\/schema\\\/person\\\/23b73188a8a805006f016e2a3cb617b1\",\"name\":\"Avoloi\",\"image\":{\"@type\":\"ImageObject\",\"inLanguage\":\"fr-FR\",\"@id\":\"https:\\\/\\\/secure.gravatar.com\\\/avatar\\\/2ec2e99d2d37d9499d05c0d8442d636f63a751b8a8c16870416ac671c571f81d?s=96&d=mm&r=g\",\"url\":\"https:\\\/\\\/secure.gravatar.com\\\/avatar\\\/2ec2e99d2d37d9499d05c0d8442d636f63a751b8a8c16870416ac671c571f81d?s=96&d=mm&r=g\",\"contentUrl\":\"https:\\\/\\\/secure.gravatar.com\\\/avatar\\\/2ec2e99d2d37d9499d05c0d8442d636f63a751b8a8c16870416ac671c571f81d?s=96&d=mm&r=g\",\"caption\":\"Avoloi\"}}]}<\/script>\n<!-- \/ Yoast SEO plugin. -->","yoast_head_json":{"title":"L'arr\u00eat du jour #284 La voiture, le scooter et la responsabilit\u00e9 ! - Le blog Avoloi","description":"L'arr\u00eat du jour #284 La voiture, le scooter et la responsabilit\u00e9 ! C\u2019est l\u2019histoire d\u2019un conducteur \u00e0 l\u2019origine (ou victime\u00a0?) d\u2019un accident","robots":{"index":"index","follow":"follow","max-snippet":"max-snippet:-1","max-image-preview":"max-image-preview:large","max-video-preview":"max-video-preview:-1"},"canonical":"https:\/\/avoloi.fr\/blog\/larret-du-jour-284-scooter-voiture-responsablite\/","og_locale":"fr_FR","og_type":"article","og_title":"L'arr\u00eat du jour #284 La voiture, le scooter et la responsabilit\u00e9...","og_description":"C\u2019est l\u2019histoire d\u2019un conducteur \u00e0 l\u2019origine (ou victime\u00a0?) d\u2019un accident de la route\u2026","og_url":"https:\/\/avoloi.fr\/blog\/larret-du-jour-284-scooter-voiture-responsablite\/","og_site_name":"Le blog Avoloi","article_publisher":"https:\/\/fr-fr.facebook.com\/avoloi\/","article_published_time":"2022-02-17T09:30:11+00:00","og_image":[{"width":800,"height":600,"url":"https:\/\/avoloi.fr\/blog\/wp-content\/uploads\/2021\/02\/arret-du-jour-avoloi-accident-voiture-scooter.jpg","type":"image\/jpeg"}],"author":"Avoloi","twitter_card":"summary_large_image","twitter_title":"L'arr\u00eat du jour #284 La voiture, le scooter et la responsabilit\u00e9...","twitter_description":"C\u2019est l\u2019histoire d\u2019un conducteur \u00e0 l\u2019origine (ou victime\u00a0?) d\u2019un accident de la route\u2026","twitter_image":"https:\/\/avoloi.fr\/blog\/wp-content\/uploads\/2021\/02\/arret-du-jour-avoloi-accident-voiture-scooter.jpg","twitter_creator":"@avoloi","twitter_site":"@avoloi","twitter_misc":{"\u00c9crit par":"Avoloi","Dur\u00e9e de lecture estim\u00e9e":"2 minutes"},"schema":{"@context":"https:\/\/schema.org","@graph":[{"@type":"Article","@id":"https:\/\/avoloi.fr\/blog\/larret-du-jour-284-scooter-voiture-responsablite\/#article","isPartOf":{"@id":"https:\/\/avoloi.fr\/blog\/larret-du-jour-284-scooter-voiture-responsablite\/"},"author":{"name":"Avoloi","@id":"https:\/\/avoloi.fr\/blog\/#\/schema\/person\/23b73188a8a805006f016e2a3cb617b1"},"headline":"L&rsquo;arr\u00eat du jour #284 La voiture, le scooter et la responsabilit\u00e9 !","datePublished":"2022-02-17T09:30:11+00:00","mainEntityOfPage":{"@id":"https:\/\/avoloi.fr\/blog\/larret-du-jour-284-scooter-voiture-responsablite\/"},"wordCount":248,"commentCount":0,"publisher":{"@id":"https:\/\/avoloi.fr\/blog\/#organization"},"image":{"@id":"https:\/\/avoloi.fr\/blog\/larret-du-jour-284-scooter-voiture-responsablite\/#primaryimage"},"thumbnailUrl":"https:\/\/avoloi.fr\/blog\/wp-content\/uploads\/2021\/02\/arret-du-jour-avoloi-accident-voiture-scooter.jpg","keywords":["accident","code de la route","responsabilit\u00e9"],"articleSection":["L\u2019arr\u00eat du jour"],"inLanguage":"fr-FR","potentialAction":[{"@type":"CommentAction","name":"Comment","target":["https:\/\/avoloi.fr\/blog\/larret-du-jour-284-scooter-voiture-responsablite\/#respond"]}]},{"@type":"WebPage","@id":"https:\/\/avoloi.fr\/blog\/larret-du-jour-284-scooter-voiture-responsablite\/","url":"https:\/\/avoloi.fr\/blog\/larret-du-jour-284-scooter-voiture-responsablite\/","name":"L'arr\u00eat du jour #284 La voiture, le scooter et la responsabilit\u00e9 ! - Le blog Avoloi","isPartOf":{"@id":"https:\/\/avoloi.fr\/blog\/#website"},"primaryImageOfPage":{"@id":"https:\/\/avoloi.fr\/blog\/larret-du-jour-284-scooter-voiture-responsablite\/#primaryimage"},"image":{"@id":"https:\/\/avoloi.fr\/blog\/larret-du-jour-284-scooter-voiture-responsablite\/#primaryimage"},"thumbnailUrl":"https:\/\/avoloi.fr\/blog\/wp-content\/uploads\/2021\/02\/arret-du-jour-avoloi-accident-voiture-scooter.jpg","datePublished":"2022-02-17T09:30:11+00:00","description":"L'arr\u00eat du jour #284 La voiture, le scooter et la responsabilit\u00e9 ! C\u2019est l\u2019histoire d\u2019un conducteur \u00e0 l\u2019origine (ou victime\u00a0?) d\u2019un accident","breadcrumb":{"@id":"https:\/\/avoloi.fr\/blog\/larret-du-jour-284-scooter-voiture-responsablite\/#breadcrumb"},"inLanguage":"fr-FR","potentialAction":[{"@type":"ReadAction","target":["https:\/\/avoloi.fr\/blog\/larret-du-jour-284-scooter-voiture-responsablite\/"]}]},{"@type":"ImageObject","inLanguage":"fr-FR","@id":"https:\/\/avoloi.fr\/blog\/larret-du-jour-284-scooter-voiture-responsablite\/#primaryimage","url":"https:\/\/avoloi.fr\/blog\/wp-content\/uploads\/2021\/02\/arret-du-jour-avoloi-accident-voiture-scooter.jpg","contentUrl":"https:\/\/avoloi.fr\/blog\/wp-content\/uploads\/2021\/02\/arret-du-jour-avoloi-accident-voiture-scooter.jpg","width":800,"height":600},{"@type":"BreadcrumbList","@id":"https:\/\/avoloi.fr\/blog\/larret-du-jour-284-scooter-voiture-responsablite\/#breadcrumb","itemListElement":[{"@type":"ListItem","position":1,"name":"Accueil","item":"https:\/\/avoloi.fr\/blog\/"},{"@type":"ListItem","position":2,"name":"L&rsquo;arr\u00eat du jour #284 La voiture, le scooter et la responsabilit\u00e9 !"}]},{"@type":"WebSite","@id":"https:\/\/avoloi.fr\/blog\/#website","url":"https:\/\/avoloi.fr\/blog\/","name":"Le blog Avoloi","description":"","publisher":{"@id":"https:\/\/avoloi.fr\/blog\/#organization"},"potentialAction":[{"@type":"SearchAction","target":{"@type":"EntryPoint","urlTemplate":"https:\/\/avoloi.fr\/blog\/?s={search_term_string}"},"query-input":{"@type":"PropertyValueSpecification","valueRequired":true,"valueName":"search_term_string"}}],"inLanguage":"fr-FR"},{"@type":"Organization","@id":"https:\/\/avoloi.fr\/blog\/#organization","name":"Avoloi","url":"https:\/\/avoloi.fr\/blog\/","logo":{"@type":"ImageObject","inLanguage":"fr-FR","@id":"https:\/\/avoloi.fr\/blog\/#\/schema\/logo\/image\/","url":"https:\/\/avoloi.fr\/blog\/wp-content\/uploads\/2022\/06\/avoloi_726x172.png","contentUrl":"https:\/\/avoloi.fr\/blog\/wp-content\/uploads\/2022\/06\/avoloi_726x172.png","width":726,"height":172,"caption":"Avoloi"},"image":{"@id":"https:\/\/avoloi.fr\/blog\/#\/schema\/logo\/image\/"},"sameAs":["https:\/\/fr-fr.facebook.com\/avoloi\/","https:\/\/x.com\/avoloi","https:\/\/www.linkedin.com\/company\/11097274\/","https:\/\/www.instagram.com\/avoloi\/"]},{"@type":"Person","@id":"https:\/\/avoloi.fr\/blog\/#\/schema\/person\/23b73188a8a805006f016e2a3cb617b1","name":"Avoloi","image":{"@type":"ImageObject","inLanguage":"fr-FR","@id":"https:\/\/secure.gravatar.com\/avatar\/2ec2e99d2d37d9499d05c0d8442d636f63a751b8a8c16870416ac671c571f81d?s=96&d=mm&r=g","url":"https:\/\/secure.gravatar.com\/avatar\/2ec2e99d2d37d9499d05c0d8442d636f63a751b8a8c16870416ac671c571f81d?s=96&d=mm&r=g","contentUrl":"https:\/\/secure.gravatar.com\/avatar\/2ec2e99d2d37d9499d05c0d8442d636f63a751b8a8c16870416ac671c571f81d?s=96&d=mm&r=g","caption":"Avoloi"}}]}},"_links":{"self":[{"href":"https:\/\/avoloi.fr\/blog\/wp-json\/wp\/v2\/posts\/22973","targetHints":{"allow":["GET"]}}],"collection":[{"href":"https:\/\/avoloi.fr\/blog\/wp-json\/wp\/v2\/posts"}],"about":[{"href":"https:\/\/avoloi.fr\/blog\/wp-json\/wp\/v2\/types\/post"}],"author":[{"embeddable":true,"href":"https:\/\/avoloi.fr\/blog\/wp-json\/wp\/v2\/users\/2"}],"replies":[{"embeddable":true,"href":"https:\/\/avoloi.fr\/blog\/wp-json\/wp\/v2\/comments?post=22973"}],"version-history":[{"count":0,"href":"https:\/\/avoloi.fr\/blog\/wp-json\/wp\/v2\/posts\/22973\/revisions"}],"wp:featuredmedia":[{"embeddable":true,"href":"https:\/\/avoloi.fr\/blog\/wp-json\/wp\/v2\/media\/22978"}],"wp:attachment":[{"href":"https:\/\/avoloi.fr\/blog\/wp-json\/wp\/v2\/media?parent=22973"}],"wp:term":[{"taxonomy":"category","embeddable":true,"href":"https:\/\/avoloi.fr\/blog\/wp-json\/wp\/v2\/categories?post=22973"},{"taxonomy":"post_tag","embeddable":true,"href":"https:\/\/avoloi.fr\/blog\/wp-json\/wp\/v2\/tags?post=22973"}],"curies":[{"name":"wp","href":"https:\/\/api.w.org\/{rel}","templated":true}]}}