{"id":22922,"date":"2022-01-20T12:02:27","date_gmt":"2022-01-20T11:02:27","guid":{"rendered":"https:\/\/avoloi.eu\/?p=22922"},"modified":"2022-01-20T12:02:27","modified_gmt":"2022-01-20T11:02:27","slug":"larret-du-jour-280-pas-de-bache-dans-le-plu","status":"publish","type":"post","link":"https:\/\/avoloi.fr\/blog\/larret-du-jour-280-pas-de-bache-dans-le-plu\/","title":{"rendered":"L&rsquo;arr\u00eat du jour #280 Pas de b\u00e2che dans le PLU !"},"content":{"rendered":"\n<h3 class=\"wp-block-heading\"><strong>C\u2019est l\u2019histoire d\u2019un propri\u00e9taire qui utilise (\u00e0 tort&nbsp;?) des b\u00e2ches comme cl\u00f4ture\u2026<\/strong><\/h3>\n\n\n\n<p>Un propri\u00e9taire est poursuivi par sa commune pour avoir utilis\u00e9 des b\u00e2ches comme cl\u00f4ture sur un terrain situ\u00e9 en zone naturelle, ce qui est pourtant formellement interdit par le plan local d\u2019urbanisme. \u00ab&nbsp;Quelle cl\u00f4ture&nbsp;?\u00bb, r\u00e9torque le propri\u00e9taire \u2026<\/p>\n\n\n\n<h3 class=\"wp-block-heading\"> L\u2019objet du litige <\/h3>\n\n\n\n<p>Il rappelle, en effet, que les b\u00e2ches ne sont pas implant\u00e9es en limite de propri\u00e9t\u00e9&nbsp;: elles ne peuvent donc pas avoir la fonction de cl\u00f4tures. Sauf que ni le plan local d\u2019urbanisme, ni aucune autre r\u00e8glementation ne pr\u00e9voit que la qualification de cl\u00f4ture doive forc\u00e9ment s\u2019appliquer aux installations effectu\u00e9es en limite de propri\u00e9t\u00e9, conteste la mairie. Et au vu de la fixation des b\u00e2ches, il est bien difficile d\u2019envisager quel autre r\u00f4le elles pourraient avoir ici\u2026<\/p>\n\n\n\n<h3 class=\"wp-block-heading\"> Le verdict <\/h3>\n\n\n\n<p>Un r\u00f4le de cl\u00f4tures que le juge constate aussi\u2026 et sanctionne&nbsp;! Parce que le plan local d\u2019urbanisme n\u2019autorise que des haies v\u00e9g\u00e9tales d&rsquo;essence locale, des grillages simples sur poteaux de bois ou des murs traditionnels comme cl\u00f4tures, le propri\u00e9taire doit retirer ses b\u00e2ches.<\/p>\n\n\n\n<blockquote class=\"wp-block-quote is-layout-flow wp-block-quote-is-layout-flow\"><p><a href=\"https:\/\/www.courdecassation.fr\/decision\/619de440b458df69d4022a43?search_api_fulltext=20-12.835&amp;op=Rechercher\"><\/a><a href=\"https:\/\/www.legifrance.gouv.fr\/juri\/id\/JURITEXT000043473606?init=true&amp;page=1&amp;query=19-21843&amp;searchField=ALL&amp;tab_selection=all\"><\/a><a href=\"https:\/\/www.legifrance.gouv.fr\/juri\/id\/JURITEXT000044105887?init=true&amp;page=1&amp;query=20-10.013+&amp;searchField=ALL&amp;tab_selection=all\"><\/a><a href=\"https:\/\/www.legifrance.gouv.fr\/juri\/id\/JURITEXT000044183626?init=true&amp;page=1&amp;query=20-14.858&amp;searchField=ALL&amp;tab_selection=all\"><\/a><a href=\"https:\/\/www.legifrance.gouv.fr\/juri\/id\/JURITEXT000044220477?init=true&amp;page=1&amp;query=20-16282&amp;searchField=ALL&amp;tab_selection=all\"><\/a><a href=\"https:\/\/www.legifrance.gouv.fr\/juri\/id\/JURITEXT000044220496?init=true&amp;page=1&amp;query=20-19295&amp;searchField=ALL&amp;tab_selection=all\" target=\"_blank\" rel=\"noreferrer noopener\"><\/a><a href=\"https:\/\/www.legifrance.gouv.fr\/juri\/id\/JURITEXT000044300012?init=true&amp;page=1&amp;query=20-16847&amp;searchField=ALL&amp;tab_selection=all\"><\/a><a href=\"https:\/\/hudoc.echr.coe.int\/fre#%7B%22itemid%22:[%22001-211781%22]%7D\"><\/a><a href=\"https:\/\/www.courdecassation.fr\/decision\/616fb1c0a6422442c430223d?judilibre_chambre%5b%5d=civ1&amp;page=9\"><\/a><a href=\"https:\/\/www.courdecassation.fr\/decision\/616fb1c0a6422442c430223d?judilibre_chambre%5b%5d=civ1&amp;page=9\"><\/a><a href=\"https:\/\/www.courdecassation.fr\/decision\/600fe7e3b89b4db1d22a5164?search_api_fulltext=19-16703+\"><\/a><a href=\"https:\/\/www.courdecassation.fr\/decision\/5fca59b9f1c5c530629b1949?search_api_fulltext=19-84.731+\">Arr\u00eat de la Cour de cassation, chambre criminelle, du 17 mars 2020, n\u00b0 19-84731<\/a><\/p><\/blockquote>\n\n\n\n<p><em>En partenariat avec Weblex<\/em><\/p>\n","protected":false},"excerpt":{"rendered":"<p>Un propri\u00e9taire est poursuivi par sa commune pour avoir utilis\u00e9 des b\u00e2ches comme cl\u00f4ture sur un terrain situ\u00e9 en zone naturelle, ce qui est pourtant formellement interdit par le plan local d\u2019urbanisme. \u00ab\u00a0Quelle cl\u00f4ture\u00a0?\u00bb, r\u00e9torque le propri\u00e9taire \u2026<\/p>\n","protected":false},"author":2,"featured_media":22924,"comment_status":"open","ping_status":"closed","sticky":false,"template":"","format":"standard","meta":{"footnotes":""},"categories":[2],"tags":[8,138,68],"class_list":["post-22922","post","type-post","status-publish","format-standard","has-post-thumbnail","hentry","category-larret-du-jour","tag-proprietaire","tag-terrain","tag-urbanisme"],"yoast_head":"<!-- This site is optimized with the Yoast SEO plugin v27.4 - https:\/\/yoast.com\/product\/yoast-seo-wordpress\/ -->\n<title>L&#039;arr\u00eat du jour #280 Pas de b\u00e2che dans le PLU !<\/title>\n<meta name=\"description\" content=\"L&#039;arr\u00eat du jour #280 Pas de b\u00e2che dans le PLU ! C\u2019est l\u2019histoire d\u2019un propri\u00e9taire qui utilise (\u00e0 tort\u00a0?) des b\u00e2ches comme cl\u00f4ture\u2026\" \/>\n<meta name=\"robots\" content=\"index, follow, max-snippet:-1, max-image-preview:large, max-video-preview:-1\" \/>\n<link rel=\"canonical\" href=\"https:\/\/avoloi.fr\/blog\/larret-du-jour-280-pas-de-bache-dans-le-plu\/\" \/>\n<meta property=\"og:locale\" content=\"fr_FR\" \/>\n<meta property=\"og:type\" content=\"article\" \/>\n<meta property=\"og:title\" content=\"L&#039;arr\u00eat du jour #280 Pas de b\u00e2che dans le PLU !\" \/>\n<meta property=\"og:description\" content=\"C\u2019est l\u2019histoire d\u2019un propri\u00e9taire qui utilise (\u00e0 tort\u00a0?) des b\u00e2ches comme cl\u00f4ture\u2026\" \/>\n<meta property=\"og:url\" content=\"https:\/\/avoloi.fr\/blog\/larret-du-jour-280-pas-de-bache-dans-le-plu\/\" \/>\n<meta property=\"og:site_name\" content=\"Le blog Avoloi\" \/>\n<meta property=\"article:publisher\" content=\"https:\/\/fr-fr.facebook.com\/avoloi\/\" \/>\n<meta property=\"article:published_time\" content=\"2022-01-20T11:02:27+00:00\" \/>\n<meta property=\"og:image\" content=\"https:\/\/avoloi.fr\/blog\/wp-content\/uploads\/2022\/01\/arret-du-jour-279-pas-de-bache-dans-le-PLU.jpeg\" \/>\n\t<meta property=\"og:image:width\" content=\"640\" \/>\n\t<meta property=\"og:image:height\" content=\"480\" \/>\n\t<meta property=\"og:image:type\" content=\"image\/jpeg\" \/>\n<meta name=\"author\" content=\"Avoloi\" \/>\n<meta name=\"twitter:card\" content=\"summary_large_image\" \/>\n<meta name=\"twitter:title\" content=\"L&#039;arr\u00eat du jour #280 Pas de b\u00e2che dans le PLU !\" \/>\n<meta name=\"twitter:description\" content=\"C\u2019est l\u2019histoire d\u2019un propri\u00e9taire qui utilise (\u00e0 tort\u00a0?) des b\u00e2ches comme cl\u00f4ture\u2026\" \/>\n<meta name=\"twitter:image\" content=\"https:\/\/avoloi.fr\/blog\/wp-content\/uploads\/2022\/01\/arret-du-jour-279-pas-de-bache-dans-le-PLU.jpeg\" \/>\n<meta name=\"twitter:creator\" content=\"@avoloi\" \/>\n<meta name=\"twitter:site\" content=\"@avoloi\" \/>\n<meta name=\"twitter:label1\" content=\"\u00c9crit par\" \/>\n\t<meta name=\"twitter:data1\" content=\"Avoloi\" \/>\n\t<meta name=\"twitter:label2\" content=\"Dur\u00e9e de lecture estim\u00e9e\" \/>\n\t<meta name=\"twitter:data2\" content=\"1 minute\" \/>\n<script type=\"application\/ld+json\" class=\"yoast-schema-graph\">{\"@context\":\"https:\\\/\\\/schema.org\",\"@graph\":[{\"@type\":\"Article\",\"@id\":\"https:\\\/\\\/avoloi.fr\\\/blog\\\/larret-du-jour-280-pas-de-bache-dans-le-plu\\\/#article\",\"isPartOf\":{\"@id\":\"https:\\\/\\\/avoloi.fr\\\/blog\\\/larret-du-jour-280-pas-de-bache-dans-le-plu\\\/\"},\"author\":{\"name\":\"Avoloi\",\"@id\":\"https:\\\/\\\/avoloi.fr\\\/blog\\\/#\\\/schema\\\/person\\\/23b73188a8a805006f016e2a3cb617b1\"},\"headline\":\"L&rsquo;arr\u00eat du jour #280 Pas de b\u00e2che dans le PLU !\",\"datePublished\":\"2022-01-20T11:02:27+00:00\",\"mainEntityOfPage\":{\"@id\":\"https:\\\/\\\/avoloi.fr\\\/blog\\\/larret-du-jour-280-pas-de-bache-dans-le-plu\\\/\"},\"wordCount\":245,\"commentCount\":0,\"publisher\":{\"@id\":\"https:\\\/\\\/avoloi.fr\\\/blog\\\/#organization\"},\"image\":{\"@id\":\"https:\\\/\\\/avoloi.fr\\\/blog\\\/larret-du-jour-280-pas-de-bache-dans-le-plu\\\/#primaryimage\"},\"thumbnailUrl\":\"https:\\\/\\\/avoloi.fr\\\/blog\\\/wp-content\\\/uploads\\\/2022\\\/01\\\/arret-du-jour-279-pas-de-bache-dans-le-PLU.jpeg\",\"keywords\":[\"propri\u00e9taire\",\"terrain\",\"urbanisme\"],\"articleSection\":[\"L\u2019arr\u00eat du jour\"],\"inLanguage\":\"fr-FR\",\"potentialAction\":[{\"@type\":\"CommentAction\",\"name\":\"Comment\",\"target\":[\"https:\\\/\\\/avoloi.fr\\\/blog\\\/larret-du-jour-280-pas-de-bache-dans-le-plu\\\/#respond\"]}]},{\"@type\":\"WebPage\",\"@id\":\"https:\\\/\\\/avoloi.fr\\\/blog\\\/larret-du-jour-280-pas-de-bache-dans-le-plu\\\/\",\"url\":\"https:\\\/\\\/avoloi.fr\\\/blog\\\/larret-du-jour-280-pas-de-bache-dans-le-plu\\\/\",\"name\":\"L'arr\u00eat du jour #280 Pas de b\u00e2che dans le PLU !\",\"isPartOf\":{\"@id\":\"https:\\\/\\\/avoloi.fr\\\/blog\\\/#website\"},\"primaryImageOfPage\":{\"@id\":\"https:\\\/\\\/avoloi.fr\\\/blog\\\/larret-du-jour-280-pas-de-bache-dans-le-plu\\\/#primaryimage\"},\"image\":{\"@id\":\"https:\\\/\\\/avoloi.fr\\\/blog\\\/larret-du-jour-280-pas-de-bache-dans-le-plu\\\/#primaryimage\"},\"thumbnailUrl\":\"https:\\\/\\\/avoloi.fr\\\/blog\\\/wp-content\\\/uploads\\\/2022\\\/01\\\/arret-du-jour-279-pas-de-bache-dans-le-PLU.jpeg\",\"datePublished\":\"2022-01-20T11:02:27+00:00\",\"description\":\"L'arr\u00eat du jour #280 Pas de b\u00e2che dans le PLU ! C\u2019est l\u2019histoire d\u2019un propri\u00e9taire qui utilise (\u00e0 tort\u00a0?) des b\u00e2ches comme cl\u00f4ture\u2026\",\"breadcrumb\":{\"@id\":\"https:\\\/\\\/avoloi.fr\\\/blog\\\/larret-du-jour-280-pas-de-bache-dans-le-plu\\\/#breadcrumb\"},\"inLanguage\":\"fr-FR\",\"potentialAction\":[{\"@type\":\"ReadAction\",\"target\":[\"https:\\\/\\\/avoloi.fr\\\/blog\\\/larret-du-jour-280-pas-de-bache-dans-le-plu\\\/\"]}]},{\"@type\":\"ImageObject\",\"inLanguage\":\"fr-FR\",\"@id\":\"https:\\\/\\\/avoloi.fr\\\/blog\\\/larret-du-jour-280-pas-de-bache-dans-le-plu\\\/#primaryimage\",\"url\":\"https:\\\/\\\/avoloi.fr\\\/blog\\\/wp-content\\\/uploads\\\/2022\\\/01\\\/arret-du-jour-279-pas-de-bache-dans-le-PLU.jpeg\",\"contentUrl\":\"https:\\\/\\\/avoloi.fr\\\/blog\\\/wp-content\\\/uploads\\\/2022\\\/01\\\/arret-du-jour-279-pas-de-bache-dans-le-PLU.jpeg\",\"width\":640,\"height\":480,\"caption\":\"L'arr\u00eat du jour #280 Pas de b\u00e2che dans le PLU !\"},{\"@type\":\"BreadcrumbList\",\"@id\":\"https:\\\/\\\/avoloi.fr\\\/blog\\\/larret-du-jour-280-pas-de-bache-dans-le-plu\\\/#breadcrumb\",\"itemListElement\":[{\"@type\":\"ListItem\",\"position\":1,\"name\":\"Accueil\",\"item\":\"https:\\\/\\\/avoloi.fr\\\/blog\\\/\"},{\"@type\":\"ListItem\",\"position\":2,\"name\":\"L&rsquo;arr\u00eat du jour #280 Pas de b\u00e2che dans le PLU !\"}]},{\"@type\":\"WebSite\",\"@id\":\"https:\\\/\\\/avoloi.fr\\\/blog\\\/#website\",\"url\":\"https:\\\/\\\/avoloi.fr\\\/blog\\\/\",\"name\":\"Le blog Avoloi\",\"description\":\"\",\"publisher\":{\"@id\":\"https:\\\/\\\/avoloi.fr\\\/blog\\\/#organization\"},\"potentialAction\":[{\"@type\":\"SearchAction\",\"target\":{\"@type\":\"EntryPoint\",\"urlTemplate\":\"https:\\\/\\\/avoloi.fr\\\/blog\\\/?s={search_term_string}\"},\"query-input\":{\"@type\":\"PropertyValueSpecification\",\"valueRequired\":true,\"valueName\":\"search_term_string\"}}],\"inLanguage\":\"fr-FR\"},{\"@type\":\"Organization\",\"@id\":\"https:\\\/\\\/avoloi.fr\\\/blog\\\/#organization\",\"name\":\"Avoloi\",\"url\":\"https:\\\/\\\/avoloi.fr\\\/blog\\\/\",\"logo\":{\"@type\":\"ImageObject\",\"inLanguage\":\"fr-FR\",\"@id\":\"https:\\\/\\\/avoloi.fr\\\/blog\\\/#\\\/schema\\\/logo\\\/image\\\/\",\"url\":\"https:\\\/\\\/avoloi.fr\\\/blog\\\/wp-content\\\/uploads\\\/2022\\\/06\\\/avoloi_726x172.png\",\"contentUrl\":\"https:\\\/\\\/avoloi.fr\\\/blog\\\/wp-content\\\/uploads\\\/2022\\\/06\\\/avoloi_726x172.png\",\"width\":726,\"height\":172,\"caption\":\"Avoloi\"},\"image\":{\"@id\":\"https:\\\/\\\/avoloi.fr\\\/blog\\\/#\\\/schema\\\/logo\\\/image\\\/\"},\"sameAs\":[\"https:\\\/\\\/fr-fr.facebook.com\\\/avoloi\\\/\",\"https:\\\/\\\/x.com\\\/avoloi\",\"https:\\\/\\\/www.linkedin.com\\\/company\\\/11097274\\\/\",\"https:\\\/\\\/www.instagram.com\\\/avoloi\\\/\"]},{\"@type\":\"Person\",\"@id\":\"https:\\\/\\\/avoloi.fr\\\/blog\\\/#\\\/schema\\\/person\\\/23b73188a8a805006f016e2a3cb617b1\",\"name\":\"Avoloi\",\"image\":{\"@type\":\"ImageObject\",\"inLanguage\":\"fr-FR\",\"@id\":\"https:\\\/\\\/secure.gravatar.com\\\/avatar\\\/2ec2e99d2d37d9499d05c0d8442d636f63a751b8a8c16870416ac671c571f81d?s=96&d=mm&r=g\",\"url\":\"https:\\\/\\\/secure.gravatar.com\\\/avatar\\\/2ec2e99d2d37d9499d05c0d8442d636f63a751b8a8c16870416ac671c571f81d?s=96&d=mm&r=g\",\"contentUrl\":\"https:\\\/\\\/secure.gravatar.com\\\/avatar\\\/2ec2e99d2d37d9499d05c0d8442d636f63a751b8a8c16870416ac671c571f81d?s=96&d=mm&r=g\",\"caption\":\"Avoloi\"}}]}<\/script>\n<!-- \/ Yoast SEO plugin. -->","yoast_head_json":{"title":"L'arr\u00eat du jour #280 Pas de b\u00e2che dans le PLU !","description":"L'arr\u00eat du jour #280 Pas de b\u00e2che dans le PLU ! C\u2019est l\u2019histoire d\u2019un propri\u00e9taire qui utilise (\u00e0 tort\u00a0?) des b\u00e2ches comme cl\u00f4ture\u2026","robots":{"index":"index","follow":"follow","max-snippet":"max-snippet:-1","max-image-preview":"max-image-preview:large","max-video-preview":"max-video-preview:-1"},"canonical":"https:\/\/avoloi.fr\/blog\/larret-du-jour-280-pas-de-bache-dans-le-plu\/","og_locale":"fr_FR","og_type":"article","og_title":"L'arr\u00eat du jour #280 Pas de b\u00e2che dans le PLU !","og_description":"C\u2019est l\u2019histoire d\u2019un propri\u00e9taire qui utilise (\u00e0 tort\u00a0?) des b\u00e2ches comme cl\u00f4ture\u2026","og_url":"https:\/\/avoloi.fr\/blog\/larret-du-jour-280-pas-de-bache-dans-le-plu\/","og_site_name":"Le blog Avoloi","article_publisher":"https:\/\/fr-fr.facebook.com\/avoloi\/","article_published_time":"2022-01-20T11:02:27+00:00","og_image":[{"width":640,"height":480,"url":"https:\/\/avoloi.fr\/blog\/wp-content\/uploads\/2022\/01\/arret-du-jour-279-pas-de-bache-dans-le-PLU.jpeg","type":"image\/jpeg"}],"author":"Avoloi","twitter_card":"summary_large_image","twitter_title":"L'arr\u00eat du jour #280 Pas de b\u00e2che dans le PLU !","twitter_description":"C\u2019est l\u2019histoire d\u2019un propri\u00e9taire qui utilise (\u00e0 tort\u00a0?) des b\u00e2ches comme cl\u00f4ture\u2026","twitter_image":"https:\/\/avoloi.fr\/blog\/wp-content\/uploads\/2022\/01\/arret-du-jour-279-pas-de-bache-dans-le-PLU.jpeg","twitter_creator":"@avoloi","twitter_site":"@avoloi","twitter_misc":{"\u00c9crit par":"Avoloi","Dur\u00e9e de lecture estim\u00e9e":"1 minute"},"schema":{"@context":"https:\/\/schema.org","@graph":[{"@type":"Article","@id":"https:\/\/avoloi.fr\/blog\/larret-du-jour-280-pas-de-bache-dans-le-plu\/#article","isPartOf":{"@id":"https:\/\/avoloi.fr\/blog\/larret-du-jour-280-pas-de-bache-dans-le-plu\/"},"author":{"name":"Avoloi","@id":"https:\/\/avoloi.fr\/blog\/#\/schema\/person\/23b73188a8a805006f016e2a3cb617b1"},"headline":"L&rsquo;arr\u00eat du jour #280 Pas de b\u00e2che dans le PLU !","datePublished":"2022-01-20T11:02:27+00:00","mainEntityOfPage":{"@id":"https:\/\/avoloi.fr\/blog\/larret-du-jour-280-pas-de-bache-dans-le-plu\/"},"wordCount":245,"commentCount":0,"publisher":{"@id":"https:\/\/avoloi.fr\/blog\/#organization"},"image":{"@id":"https:\/\/avoloi.fr\/blog\/larret-du-jour-280-pas-de-bache-dans-le-plu\/#primaryimage"},"thumbnailUrl":"https:\/\/avoloi.fr\/blog\/wp-content\/uploads\/2022\/01\/arret-du-jour-279-pas-de-bache-dans-le-PLU.jpeg","keywords":["propri\u00e9taire","terrain","urbanisme"],"articleSection":["L\u2019arr\u00eat du jour"],"inLanguage":"fr-FR","potentialAction":[{"@type":"CommentAction","name":"Comment","target":["https:\/\/avoloi.fr\/blog\/larret-du-jour-280-pas-de-bache-dans-le-plu\/#respond"]}]},{"@type":"WebPage","@id":"https:\/\/avoloi.fr\/blog\/larret-du-jour-280-pas-de-bache-dans-le-plu\/","url":"https:\/\/avoloi.fr\/blog\/larret-du-jour-280-pas-de-bache-dans-le-plu\/","name":"L'arr\u00eat du jour #280 Pas de b\u00e2che dans le PLU !","isPartOf":{"@id":"https:\/\/avoloi.fr\/blog\/#website"},"primaryImageOfPage":{"@id":"https:\/\/avoloi.fr\/blog\/larret-du-jour-280-pas-de-bache-dans-le-plu\/#primaryimage"},"image":{"@id":"https:\/\/avoloi.fr\/blog\/larret-du-jour-280-pas-de-bache-dans-le-plu\/#primaryimage"},"thumbnailUrl":"https:\/\/avoloi.fr\/blog\/wp-content\/uploads\/2022\/01\/arret-du-jour-279-pas-de-bache-dans-le-PLU.jpeg","datePublished":"2022-01-20T11:02:27+00:00","description":"L'arr\u00eat du jour #280 Pas de b\u00e2che dans le PLU ! C\u2019est l\u2019histoire d\u2019un propri\u00e9taire qui utilise (\u00e0 tort\u00a0?) des b\u00e2ches comme cl\u00f4ture\u2026","breadcrumb":{"@id":"https:\/\/avoloi.fr\/blog\/larret-du-jour-280-pas-de-bache-dans-le-plu\/#breadcrumb"},"inLanguage":"fr-FR","potentialAction":[{"@type":"ReadAction","target":["https:\/\/avoloi.fr\/blog\/larret-du-jour-280-pas-de-bache-dans-le-plu\/"]}]},{"@type":"ImageObject","inLanguage":"fr-FR","@id":"https:\/\/avoloi.fr\/blog\/larret-du-jour-280-pas-de-bache-dans-le-plu\/#primaryimage","url":"https:\/\/avoloi.fr\/blog\/wp-content\/uploads\/2022\/01\/arret-du-jour-279-pas-de-bache-dans-le-PLU.jpeg","contentUrl":"https:\/\/avoloi.fr\/blog\/wp-content\/uploads\/2022\/01\/arret-du-jour-279-pas-de-bache-dans-le-PLU.jpeg","width":640,"height":480,"caption":"L'arr\u00eat du jour #280 Pas de b\u00e2che dans le PLU !"},{"@type":"BreadcrumbList","@id":"https:\/\/avoloi.fr\/blog\/larret-du-jour-280-pas-de-bache-dans-le-plu\/#breadcrumb","itemListElement":[{"@type":"ListItem","position":1,"name":"Accueil","item":"https:\/\/avoloi.fr\/blog\/"},{"@type":"ListItem","position":2,"name":"L&rsquo;arr\u00eat du jour #280 Pas de b\u00e2che dans le PLU !"}]},{"@type":"WebSite","@id":"https:\/\/avoloi.fr\/blog\/#website","url":"https:\/\/avoloi.fr\/blog\/","name":"Le blog Avoloi","description":"","publisher":{"@id":"https:\/\/avoloi.fr\/blog\/#organization"},"potentialAction":[{"@type":"SearchAction","target":{"@type":"EntryPoint","urlTemplate":"https:\/\/avoloi.fr\/blog\/?s={search_term_string}"},"query-input":{"@type":"PropertyValueSpecification","valueRequired":true,"valueName":"search_term_string"}}],"inLanguage":"fr-FR"},{"@type":"Organization","@id":"https:\/\/avoloi.fr\/blog\/#organization","name":"Avoloi","url":"https:\/\/avoloi.fr\/blog\/","logo":{"@type":"ImageObject","inLanguage":"fr-FR","@id":"https:\/\/avoloi.fr\/blog\/#\/schema\/logo\/image\/","url":"https:\/\/avoloi.fr\/blog\/wp-content\/uploads\/2022\/06\/avoloi_726x172.png","contentUrl":"https:\/\/avoloi.fr\/blog\/wp-content\/uploads\/2022\/06\/avoloi_726x172.png","width":726,"height":172,"caption":"Avoloi"},"image":{"@id":"https:\/\/avoloi.fr\/blog\/#\/schema\/logo\/image\/"},"sameAs":["https:\/\/fr-fr.facebook.com\/avoloi\/","https:\/\/x.com\/avoloi","https:\/\/www.linkedin.com\/company\/11097274\/","https:\/\/www.instagram.com\/avoloi\/"]},{"@type":"Person","@id":"https:\/\/avoloi.fr\/blog\/#\/schema\/person\/23b73188a8a805006f016e2a3cb617b1","name":"Avoloi","image":{"@type":"ImageObject","inLanguage":"fr-FR","@id":"https:\/\/secure.gravatar.com\/avatar\/2ec2e99d2d37d9499d05c0d8442d636f63a751b8a8c16870416ac671c571f81d?s=96&d=mm&r=g","url":"https:\/\/secure.gravatar.com\/avatar\/2ec2e99d2d37d9499d05c0d8442d636f63a751b8a8c16870416ac671c571f81d?s=96&d=mm&r=g","contentUrl":"https:\/\/secure.gravatar.com\/avatar\/2ec2e99d2d37d9499d05c0d8442d636f63a751b8a8c16870416ac671c571f81d?s=96&d=mm&r=g","caption":"Avoloi"}}]}},"_links":{"self":[{"href":"https:\/\/avoloi.fr\/blog\/wp-json\/wp\/v2\/posts\/22922","targetHints":{"allow":["GET"]}}],"collection":[{"href":"https:\/\/avoloi.fr\/blog\/wp-json\/wp\/v2\/posts"}],"about":[{"href":"https:\/\/avoloi.fr\/blog\/wp-json\/wp\/v2\/types\/post"}],"author":[{"embeddable":true,"href":"https:\/\/avoloi.fr\/blog\/wp-json\/wp\/v2\/users\/2"}],"replies":[{"embeddable":true,"href":"https:\/\/avoloi.fr\/blog\/wp-json\/wp\/v2\/comments?post=22922"}],"version-history":[{"count":0,"href":"https:\/\/avoloi.fr\/blog\/wp-json\/wp\/v2\/posts\/22922\/revisions"}],"wp:featuredmedia":[{"embeddable":true,"href":"https:\/\/avoloi.fr\/blog\/wp-json\/wp\/v2\/media\/22924"}],"wp:attachment":[{"href":"https:\/\/avoloi.fr\/blog\/wp-json\/wp\/v2\/media?parent=22922"}],"wp:term":[{"taxonomy":"category","embeddable":true,"href":"https:\/\/avoloi.fr\/blog\/wp-json\/wp\/v2\/categories?post=22922"},{"taxonomy":"post_tag","embeddable":true,"href":"https:\/\/avoloi.fr\/blog\/wp-json\/wp\/v2\/tags?post=22922"}],"curies":[{"name":"wp","href":"https:\/\/api.w.org\/{rel}","templated":true}]}}