{"id":22016,"date":"2021-11-10T14:48:00","date_gmt":"2021-11-10T13:48:00","guid":{"rendered":"https:\/\/avoloi.eu\/blog\/?p=22016"},"modified":"2021-11-10T14:48:00","modified_gmt":"2021-11-10T13:48:00","slug":"role-avocat-garde","status":"publish","type":"post","link":"https:\/\/avoloi.fr\/blog\/role-avocat-garde\/","title":{"rendered":"Le r\u00f4le de l\u2019avocat dans une garde \u00e0 vue"},"content":{"rendered":"<p>La <a href=\"https:\/\/avoloi.eu\/blog\/le-droit-detre-assiste-par-un-avocat-en-garde-a-vue\/\">garde \u00e0 vue<\/a> d\u2019une personne est souvent per\u00e7ue comme constitutive de sa culpabilit\u00e9. Pourtant, la pr\u00e9somption d\u2019innocence est un principe de droit p\u00e9nal qui garantit \u00e0 toute personne suspect\u00e9e d\u2019avoir commis une infraction d\u2019\u00eatre trait\u00e9 comme innocente des faits qui lui sont reproch\u00e9s tant qu\u2019elle n\u2019est pas d\u00e9clar\u00e9e coupable par une d\u00e9cision de justice. L\u2019intervention de l\u2019avocat durant la garde \u00e0 vue est fondamentale tant la mesure est coercitive. Elle permet de veiller au respect de ses droits et de sa pr\u00e9somption d\u2019innocence.<\/p>\n<h2><strong>Intervention de l\u2019avocat en garde \u00e0 vue<\/strong><\/h2>\n<p>Lorsqu\u2019une personne est plac\u00e9e en garde \u00e0 vue, elle doit imp\u00e9rativement \u00eatre inform\u00e9e de ses <a href=\"https:\/\/www.legifrance.gouv.fr\/codes\/article_lc\/LEGIARTI000032655471\/\" target=\"_blank\" rel=\"noopener\">droits<\/a>, sous peine de nullit\u00e9 de la proc\u00e9dure. Le gard\u00e9 \u00e0 vue doit notamment \u00eatre inform\u00e9 de la dur\u00e9e de la mesure et de l\u2019infraction qui lui est reproch\u00e9e. De m\u00eame, lui sont notifi\u00e9s les droits d\u2019\u00eatre examin\u00e9 par un m\u00e9decin, de faire pr\u00e9venir un proche et le droit d\u2019\u00eatre assist\u00e9 par un avocat d\u00e8s le d\u00e9but de la proc\u00e9dure.<\/p>\n<p>Ainsi, la premi\u00e8re audition ne peut en principe d\u00e9buter sans la pr\u00e9sence de <a href=\"https:\/\/avoloi.eu\/blog\/avocat-droit-routier\/\">l\u2019avocat<\/a>, sauf si elle porte uniquement sur les \u00e9l\u00e9ments d\u2019identit\u00e9 de la personne. Il convient donc de respecter un d\u00e9lai de carence de deux heures court \u00e0 compter de l\u2019avis adress\u00e9 \u00e0 l\u2019avocat. L\u2019avocat peut ainsi avoir un entretien confidentiel avec son client pendant une dur\u00e9e maximale de 30 minutes. Lorsque la garde \u00e0 vue fait l\u2019objet d\u2019une prolongation, la d\u00e9cision ouvre droit \u00e0 un nouvel entretien de 30 minutes maximum \u00e9galement.<\/p>\n<p>L\u2019avocat peut alors consulter le proc\u00e8s-verbal constatant la notification du placement en garde \u00e0 vue et la notification des droits de son client afin de v\u00e9rifier le respect de la proc\u00e9dure. Il peut aussi consulter les r\u00e9sultats des examens m\u00e9dicaux pratiqu\u00e9s durant la garde \u00e0 vue et certains proc\u00e8s-verbaux d\u2019audition s\u2019il intervient apr\u00e8s une prolongation. Il peut aussi prendre des notes n\u00e9cessaires \u00e0 la constitution de son dossier de d\u00e9fense, mais il ne peut en demander ou en r\u00e9aliser une copie.<\/p>\n<h2><strong>Pr\u00e9sence de l\u2019avocat au cours des auditions et confrontations de la personne gard\u00e9e \u00e0 vue<\/strong><\/h2>\n<p>Selon l\u2019article 63-4-2 du Code de proc\u00e9dure p\u00e9nale, le gard\u00e9 \u00e0 vue peut demander que son avocat assiste \u00e0 ses auditions et confrontations. En revanche, sa pr\u00e9sence est silencieuse et il ne peut intervenir durant l\u2019audition pour ne pas g\u00eaner le bon d\u00e9roulement de l\u2019enqu\u00eate. Il peut prendre des notes durant le d\u00e9roulement des auditions. Il s\u2019assure surtout de la bonne retranscription des propos de son client afin que ce dernier signe un proc\u00e8s-verbal juste et fid\u00e8le aux \u00e9changes auxquels il a assist\u00e9. Il peut \u00e9galement poser des questions \u00e0 l\u2019issue de chaque entretien. Lorsque des questions lui sont refus\u00e9es par l\u2019Officier de Police Judiciaire, il peut les mentionner dans des observations \u00e9crites qui seront jointes \u00e0 la proc\u00e9dure.<\/p>\n<h2><strong>D\u00e9rogation \u00e0 la pr\u00e9sence de l\u2019avocat en garde \u00e0 vue<\/strong><\/h2>\n<p>Il peut \u00eatre d\u00e9rog\u00e9 \u00e0 la pr\u00e9sence de l\u2019avocat durant la garde \u00e0 vue lorsque cela est justifi\u00e9 par des raisons imp\u00e9rieuses tenant aux circonstances particuli\u00e8res de l\u2019enqu\u00eate. Le procureur de la R\u00e9publique peut alors diff\u00e9rer la pr\u00e9sence de l\u2019avocat lors des auditions et son acc\u00e8s aux proc\u00e8s-verbaux jusqu\u2019\u00e0 la 12e heure de la garde \u00e0 vue. Le d\u00e9lai peut \u00eatre allong\u00e9 de douze heures \u00e0 nouveau sur d\u00e9cision du juge des libert\u00e9s et de la d\u00e9tention. Ce report permet de garantir le bon d\u00e9roulement de l\u2019enqu\u00eate, le recueil ou la conservation des preuves n\u00e9cessaires. Il permet \u00e9galement de pr\u00e9venir une atteinte grave et imminente \u00e0 la vie, \u00e0 la libert\u00e9 ou \u00e0 l\u2019int\u00e9grit\u00e9 physique d\u2019une personne. Ce peut \u00eatre le cas dans une enqu\u00eate relative \u00e0 un enl\u00e8vement par exemple. Les enqu\u00eateurs auditionnent le plus rapidement possible afin d\u2019essayer de d\u00e9couvrir o\u00f9 est la victime.<\/p>\n<p>De m\u00eame, en mati\u00e8re de d\u00e9linquance et de <a href=\"https:\/\/www.legifrance.gouv.fr\/codes\/article_lc\/LEGIARTI000042919831\/\" target=\"_blank\" rel=\"noopener\">criminalit\u00e9 organis\u00e9e<\/a>, le juge des libert\u00e9s et de la d\u00e9tention peut repousser l\u2019intervention de l\u2019avocat \u00e0 48 heures et jusqu\u2019\u00e0 72 heures dans les affaires de terrorisme ou de trafic de stup\u00e9fiants.<\/p>\n<p><em>Photo : <a href=\"https:\/\/unsplash.com\/@anneniuniu?utm_source=unsplash&amp;utm_medium=referral&amp;utm_content=creditCopyText\" target=\"_blank\" rel=\"noopener\">niu niu<\/a>&nbsp;on&nbsp;<a href=\"https:\/\/unsplash.com\/s\/photos\/handcuff?utm_source=unsplash&amp;utm_medium=referral&amp;utm_content=creditCopyText\" target=\"_blank\" rel=\"noopener\">Unsplash<\/a><\/em><\/p>\n","protected":false},"excerpt":{"rendered":"<p>L\u2019intervention de l\u2019avocat durant la garde \u00e0 vue est fondamentale. Elle permet de veiller au respect de ses droits et de sa pr\u00e9somption d\u2019innocence.<\/p>\n","protected":false},"author":2,"featured_media":22445,"comment_status":"open","ping_status":"closed","sticky":false,"template":"","format":"standard","meta":{"footnotes":""},"categories":[35],"tags":[4,36,492,302,307,37],"class_list":["post-22016","post","type-post","status-publish","format-standard","has-post-thumbnail","hentry","category-droit-penal","tag-avocat","tag-droit-penal","tag-garde-a-vue","tag-infraction","tag-judiciaire","tag-penal"],"yoast_head":"<!-- This site is optimized with the Yoast SEO plugin v27.4 - https:\/\/yoast.com\/product\/yoast-seo-wordpress\/ -->\n<title>Le r\u00f4le de l\u2019avocat dans une garde \u00e0 vue - Le blog Avoloi<\/title>\n<meta name=\"description\" content=\"Quel est le r\u00f4le de l\u2019avocat dans une garde \u00e0 vue ? La pr\u00e9sence d&#039;un avocat est-elle obligatoire ? Venez vite le d\u00e9couvrir !\" \/>\n<meta name=\"robots\" content=\"index, follow, max-snippet:-1, max-image-preview:large, max-video-preview:-1\" \/>\n<link rel=\"canonical\" href=\"https:\/\/avoloi.fr\/blog\/role-avocat-garde\/\" \/>\n<meta property=\"og:locale\" content=\"fr_FR\" \/>\n<meta property=\"og:type\" content=\"article\" \/>\n<meta property=\"og:title\" content=\"Le r\u00f4le de l\u2019avocat dans une garde \u00e0 vue - Le blog Avoloi\" \/>\n<meta property=\"og:description\" content=\"Quel est le r\u00f4le de l\u2019avocat dans une garde \u00e0 vue ? La pr\u00e9sence d&#039;un avocat est-elle obligatoire ? Venez vite le d\u00e9couvrir !\" \/>\n<meta property=\"og:url\" content=\"https:\/\/avoloi.fr\/blog\/role-avocat-garde\/\" \/>\n<meta property=\"og:site_name\" content=\"Le blog Avoloi\" \/>\n<meta property=\"article:publisher\" content=\"https:\/\/fr-fr.facebook.com\/avoloi\/\" \/>\n<meta property=\"article:published_time\" content=\"2021-11-10T13:48:00+00:00\" \/>\n<meta property=\"og:image\" content=\"https:\/\/avoloi.fr\/blog\/wp-content\/uploads\/2021\/11\/role-lavocat-garde.jpg\" \/>\n\t<meta property=\"og:image:width\" content=\"500\" \/>\n\t<meta property=\"og:image:height\" content=\"333\" \/>\n\t<meta property=\"og:image:type\" content=\"image\/jpeg\" \/>\n<meta name=\"author\" content=\"Avoloi\" \/>\n<meta name=\"twitter:card\" content=\"summary_large_image\" \/>\n<meta name=\"twitter:creator\" content=\"@avoloi\" \/>\n<meta name=\"twitter:site\" content=\"@avoloi\" \/>\n<meta name=\"twitter:label1\" content=\"\u00c9crit par\" \/>\n\t<meta name=\"twitter:data1\" content=\"Avoloi\" \/>\n\t<meta name=\"twitter:label2\" content=\"Dur\u00e9e de lecture estim\u00e9e\" \/>\n\t<meta name=\"twitter:data2\" content=\"3 minutes\" \/>\n<script type=\"application\/ld+json\" class=\"yoast-schema-graph\">{\"@context\":\"https:\\\/\\\/schema.org\",\"@graph\":[{\"@type\":\"Article\",\"@id\":\"https:\\\/\\\/avoloi.fr\\\/blog\\\/role-avocat-garde\\\/#article\",\"isPartOf\":{\"@id\":\"https:\\\/\\\/avoloi.fr\\\/blog\\\/role-avocat-garde\\\/\"},\"author\":{\"name\":\"Avoloi\",\"@id\":\"https:\\\/\\\/avoloi.fr\\\/blog\\\/#\\\/schema\\\/person\\\/23b73188a8a805006f016e2a3cb617b1\"},\"headline\":\"Le r\u00f4le de l\u2019avocat dans une garde \u00e0 vue\",\"datePublished\":\"2021-11-10T13:48:00+00:00\",\"mainEntityOfPage\":{\"@id\":\"https:\\\/\\\/avoloi.fr\\\/blog\\\/role-avocat-garde\\\/\"},\"wordCount\":773,\"commentCount\":0,\"publisher\":{\"@id\":\"https:\\\/\\\/avoloi.fr\\\/blog\\\/#organization\"},\"image\":{\"@id\":\"https:\\\/\\\/avoloi.fr\\\/blog\\\/role-avocat-garde\\\/#primaryimage\"},\"thumbnailUrl\":\"https:\\\/\\\/avoloi.fr\\\/blog\\\/wp-content\\\/uploads\\\/2021\\\/11\\\/role-lavocat-garde.jpg\",\"keywords\":[\"avocat\",\"droit p\u00e9nal\",\"garde \u00e0 vue\",\"infraction\",\"judiciaire\",\"p\u00e9nal\"],\"articleSection\":[\"Droit p\u00e9nal\"],\"inLanguage\":\"fr-FR\",\"potentialAction\":[{\"@type\":\"CommentAction\",\"name\":\"Comment\",\"target\":[\"https:\\\/\\\/avoloi.fr\\\/blog\\\/role-avocat-garde\\\/#respond\"]}]},{\"@type\":\"WebPage\",\"@id\":\"https:\\\/\\\/avoloi.fr\\\/blog\\\/role-avocat-garde\\\/\",\"url\":\"https:\\\/\\\/avoloi.fr\\\/blog\\\/role-avocat-garde\\\/\",\"name\":\"Le r\u00f4le de l\u2019avocat dans une garde \u00e0 vue - Le blog Avoloi\",\"isPartOf\":{\"@id\":\"https:\\\/\\\/avoloi.fr\\\/blog\\\/#website\"},\"primaryImageOfPage\":{\"@id\":\"https:\\\/\\\/avoloi.fr\\\/blog\\\/role-avocat-garde\\\/#primaryimage\"},\"image\":{\"@id\":\"https:\\\/\\\/avoloi.fr\\\/blog\\\/role-avocat-garde\\\/#primaryimage\"},\"thumbnailUrl\":\"https:\\\/\\\/avoloi.fr\\\/blog\\\/wp-content\\\/uploads\\\/2021\\\/11\\\/role-lavocat-garde.jpg\",\"datePublished\":\"2021-11-10T13:48:00+00:00\",\"description\":\"Quel est le r\u00f4le de l\u2019avocat dans une garde \u00e0 vue ? La pr\u00e9sence d'un avocat est-elle obligatoire ? Venez vite le d\u00e9couvrir !\",\"breadcrumb\":{\"@id\":\"https:\\\/\\\/avoloi.fr\\\/blog\\\/role-avocat-garde\\\/#breadcrumb\"},\"inLanguage\":\"fr-FR\",\"potentialAction\":[{\"@type\":\"ReadAction\",\"target\":[\"https:\\\/\\\/avoloi.fr\\\/blog\\\/role-avocat-garde\\\/\"]}]},{\"@type\":\"ImageObject\",\"inLanguage\":\"fr-FR\",\"@id\":\"https:\\\/\\\/avoloi.fr\\\/blog\\\/role-avocat-garde\\\/#primaryimage\",\"url\":\"https:\\\/\\\/avoloi.fr\\\/blog\\\/wp-content\\\/uploads\\\/2021\\\/11\\\/role-lavocat-garde.jpg\",\"contentUrl\":\"https:\\\/\\\/avoloi.fr\\\/blog\\\/wp-content\\\/uploads\\\/2021\\\/11\\\/role-lavocat-garde.jpg\",\"width\":500,\"height\":333},{\"@type\":\"BreadcrumbList\",\"@id\":\"https:\\\/\\\/avoloi.fr\\\/blog\\\/role-avocat-garde\\\/#breadcrumb\",\"itemListElement\":[{\"@type\":\"ListItem\",\"position\":1,\"name\":\"Accueil\",\"item\":\"https:\\\/\\\/avoloi.fr\\\/blog\\\/\"},{\"@type\":\"ListItem\",\"position\":2,\"name\":\"Le r\u00f4le de l\u2019avocat dans une garde \u00e0 vue\"}]},{\"@type\":\"WebSite\",\"@id\":\"https:\\\/\\\/avoloi.fr\\\/blog\\\/#website\",\"url\":\"https:\\\/\\\/avoloi.fr\\\/blog\\\/\",\"name\":\"Le blog Avoloi\",\"description\":\"\",\"publisher\":{\"@id\":\"https:\\\/\\\/avoloi.fr\\\/blog\\\/#organization\"},\"potentialAction\":[{\"@type\":\"SearchAction\",\"target\":{\"@type\":\"EntryPoint\",\"urlTemplate\":\"https:\\\/\\\/avoloi.fr\\\/blog\\\/?s={search_term_string}\"},\"query-input\":{\"@type\":\"PropertyValueSpecification\",\"valueRequired\":true,\"valueName\":\"search_term_string\"}}],\"inLanguage\":\"fr-FR\"},{\"@type\":\"Organization\",\"@id\":\"https:\\\/\\\/avoloi.fr\\\/blog\\\/#organization\",\"name\":\"Avoloi\",\"url\":\"https:\\\/\\\/avoloi.fr\\\/blog\\\/\",\"logo\":{\"@type\":\"ImageObject\",\"inLanguage\":\"fr-FR\",\"@id\":\"https:\\\/\\\/avoloi.fr\\\/blog\\\/#\\\/schema\\\/logo\\\/image\\\/\",\"url\":\"https:\\\/\\\/avoloi.fr\\\/blog\\\/wp-content\\\/uploads\\\/2022\\\/06\\\/avoloi_726x172.png\",\"contentUrl\":\"https:\\\/\\\/avoloi.fr\\\/blog\\\/wp-content\\\/uploads\\\/2022\\\/06\\\/avoloi_726x172.png\",\"width\":726,\"height\":172,\"caption\":\"Avoloi\"},\"image\":{\"@id\":\"https:\\\/\\\/avoloi.fr\\\/blog\\\/#\\\/schema\\\/logo\\\/image\\\/\"},\"sameAs\":[\"https:\\\/\\\/fr-fr.facebook.com\\\/avoloi\\\/\",\"https:\\\/\\\/x.com\\\/avoloi\",\"https:\\\/\\\/www.linkedin.com\\\/company\\\/11097274\\\/\",\"https:\\\/\\\/www.instagram.com\\\/avoloi\\\/\"]},{\"@type\":\"Person\",\"@id\":\"https:\\\/\\\/avoloi.fr\\\/blog\\\/#\\\/schema\\\/person\\\/23b73188a8a805006f016e2a3cb617b1\",\"name\":\"Avoloi\",\"image\":{\"@type\":\"ImageObject\",\"inLanguage\":\"fr-FR\",\"@id\":\"https:\\\/\\\/secure.gravatar.com\\\/avatar\\\/2ec2e99d2d37d9499d05c0d8442d636f63a751b8a8c16870416ac671c571f81d?s=96&d=mm&r=g\",\"url\":\"https:\\\/\\\/secure.gravatar.com\\\/avatar\\\/2ec2e99d2d37d9499d05c0d8442d636f63a751b8a8c16870416ac671c571f81d?s=96&d=mm&r=g\",\"contentUrl\":\"https:\\\/\\\/secure.gravatar.com\\\/avatar\\\/2ec2e99d2d37d9499d05c0d8442d636f63a751b8a8c16870416ac671c571f81d?s=96&d=mm&r=g\",\"caption\":\"Avoloi\"}}]}<\/script>\n<!-- \/ Yoast SEO plugin. -->","yoast_head_json":{"title":"Le r\u00f4le de l\u2019avocat dans une garde \u00e0 vue - Le blog Avoloi","description":"Quel est le r\u00f4le de l\u2019avocat dans une garde \u00e0 vue ? La pr\u00e9sence d'un avocat est-elle obligatoire ? Venez vite le d\u00e9couvrir !","robots":{"index":"index","follow":"follow","max-snippet":"max-snippet:-1","max-image-preview":"max-image-preview:large","max-video-preview":"max-video-preview:-1"},"canonical":"https:\/\/avoloi.fr\/blog\/role-avocat-garde\/","og_locale":"fr_FR","og_type":"article","og_title":"Le r\u00f4le de l\u2019avocat dans une garde \u00e0 vue - Le blog Avoloi","og_description":"Quel est le r\u00f4le de l\u2019avocat dans une garde \u00e0 vue ? La pr\u00e9sence d'un avocat est-elle obligatoire ? Venez vite le d\u00e9couvrir !","og_url":"https:\/\/avoloi.fr\/blog\/role-avocat-garde\/","og_site_name":"Le blog Avoloi","article_publisher":"https:\/\/fr-fr.facebook.com\/avoloi\/","article_published_time":"2021-11-10T13:48:00+00:00","og_image":[{"width":500,"height":333,"url":"https:\/\/avoloi.fr\/blog\/wp-content\/uploads\/2021\/11\/role-lavocat-garde.jpg","type":"image\/jpeg"}],"author":"Avoloi","twitter_card":"summary_large_image","twitter_creator":"@avoloi","twitter_site":"@avoloi","twitter_misc":{"\u00c9crit par":"Avoloi","Dur\u00e9e de lecture estim\u00e9e":"3 minutes"},"schema":{"@context":"https:\/\/schema.org","@graph":[{"@type":"Article","@id":"https:\/\/avoloi.fr\/blog\/role-avocat-garde\/#article","isPartOf":{"@id":"https:\/\/avoloi.fr\/blog\/role-avocat-garde\/"},"author":{"name":"Avoloi","@id":"https:\/\/avoloi.fr\/blog\/#\/schema\/person\/23b73188a8a805006f016e2a3cb617b1"},"headline":"Le r\u00f4le de l\u2019avocat dans une garde \u00e0 vue","datePublished":"2021-11-10T13:48:00+00:00","mainEntityOfPage":{"@id":"https:\/\/avoloi.fr\/blog\/role-avocat-garde\/"},"wordCount":773,"commentCount":0,"publisher":{"@id":"https:\/\/avoloi.fr\/blog\/#organization"},"image":{"@id":"https:\/\/avoloi.fr\/blog\/role-avocat-garde\/#primaryimage"},"thumbnailUrl":"https:\/\/avoloi.fr\/blog\/wp-content\/uploads\/2021\/11\/role-lavocat-garde.jpg","keywords":["avocat","droit p\u00e9nal","garde \u00e0 vue","infraction","judiciaire","p\u00e9nal"],"articleSection":["Droit p\u00e9nal"],"inLanguage":"fr-FR","potentialAction":[{"@type":"CommentAction","name":"Comment","target":["https:\/\/avoloi.fr\/blog\/role-avocat-garde\/#respond"]}]},{"@type":"WebPage","@id":"https:\/\/avoloi.fr\/blog\/role-avocat-garde\/","url":"https:\/\/avoloi.fr\/blog\/role-avocat-garde\/","name":"Le r\u00f4le de l\u2019avocat dans une garde \u00e0 vue - Le blog Avoloi","isPartOf":{"@id":"https:\/\/avoloi.fr\/blog\/#website"},"primaryImageOfPage":{"@id":"https:\/\/avoloi.fr\/blog\/role-avocat-garde\/#primaryimage"},"image":{"@id":"https:\/\/avoloi.fr\/blog\/role-avocat-garde\/#primaryimage"},"thumbnailUrl":"https:\/\/avoloi.fr\/blog\/wp-content\/uploads\/2021\/11\/role-lavocat-garde.jpg","datePublished":"2021-11-10T13:48:00+00:00","description":"Quel est le r\u00f4le de l\u2019avocat dans une garde \u00e0 vue ? La pr\u00e9sence d'un avocat est-elle obligatoire ? Venez vite le d\u00e9couvrir !","breadcrumb":{"@id":"https:\/\/avoloi.fr\/blog\/role-avocat-garde\/#breadcrumb"},"inLanguage":"fr-FR","potentialAction":[{"@type":"ReadAction","target":["https:\/\/avoloi.fr\/blog\/role-avocat-garde\/"]}]},{"@type":"ImageObject","inLanguage":"fr-FR","@id":"https:\/\/avoloi.fr\/blog\/role-avocat-garde\/#primaryimage","url":"https:\/\/avoloi.fr\/blog\/wp-content\/uploads\/2021\/11\/role-lavocat-garde.jpg","contentUrl":"https:\/\/avoloi.fr\/blog\/wp-content\/uploads\/2021\/11\/role-lavocat-garde.jpg","width":500,"height":333},{"@type":"BreadcrumbList","@id":"https:\/\/avoloi.fr\/blog\/role-avocat-garde\/#breadcrumb","itemListElement":[{"@type":"ListItem","position":1,"name":"Accueil","item":"https:\/\/avoloi.fr\/blog\/"},{"@type":"ListItem","position":2,"name":"Le r\u00f4le de l\u2019avocat dans une garde \u00e0 vue"}]},{"@type":"WebSite","@id":"https:\/\/avoloi.fr\/blog\/#website","url":"https:\/\/avoloi.fr\/blog\/","name":"Le blog Avoloi","description":"","publisher":{"@id":"https:\/\/avoloi.fr\/blog\/#organization"},"potentialAction":[{"@type":"SearchAction","target":{"@type":"EntryPoint","urlTemplate":"https:\/\/avoloi.fr\/blog\/?s={search_term_string}"},"query-input":{"@type":"PropertyValueSpecification","valueRequired":true,"valueName":"search_term_string"}}],"inLanguage":"fr-FR"},{"@type":"Organization","@id":"https:\/\/avoloi.fr\/blog\/#organization","name":"Avoloi","url":"https:\/\/avoloi.fr\/blog\/","logo":{"@type":"ImageObject","inLanguage":"fr-FR","@id":"https:\/\/avoloi.fr\/blog\/#\/schema\/logo\/image\/","url":"https:\/\/avoloi.fr\/blog\/wp-content\/uploads\/2022\/06\/avoloi_726x172.png","contentUrl":"https:\/\/avoloi.fr\/blog\/wp-content\/uploads\/2022\/06\/avoloi_726x172.png","width":726,"height":172,"caption":"Avoloi"},"image":{"@id":"https:\/\/avoloi.fr\/blog\/#\/schema\/logo\/image\/"},"sameAs":["https:\/\/fr-fr.facebook.com\/avoloi\/","https:\/\/x.com\/avoloi","https:\/\/www.linkedin.com\/company\/11097274\/","https:\/\/www.instagram.com\/avoloi\/"]},{"@type":"Person","@id":"https:\/\/avoloi.fr\/blog\/#\/schema\/person\/23b73188a8a805006f016e2a3cb617b1","name":"Avoloi","image":{"@type":"ImageObject","inLanguage":"fr-FR","@id":"https:\/\/secure.gravatar.com\/avatar\/2ec2e99d2d37d9499d05c0d8442d636f63a751b8a8c16870416ac671c571f81d?s=96&d=mm&r=g","url":"https:\/\/secure.gravatar.com\/avatar\/2ec2e99d2d37d9499d05c0d8442d636f63a751b8a8c16870416ac671c571f81d?s=96&d=mm&r=g","contentUrl":"https:\/\/secure.gravatar.com\/avatar\/2ec2e99d2d37d9499d05c0d8442d636f63a751b8a8c16870416ac671c571f81d?s=96&d=mm&r=g","caption":"Avoloi"}}]}},"_links":{"self":[{"href":"https:\/\/avoloi.fr\/blog\/wp-json\/wp\/v2\/posts\/22016","targetHints":{"allow":["GET"]}}],"collection":[{"href":"https:\/\/avoloi.fr\/blog\/wp-json\/wp\/v2\/posts"}],"about":[{"href":"https:\/\/avoloi.fr\/blog\/wp-json\/wp\/v2\/types\/post"}],"author":[{"embeddable":true,"href":"https:\/\/avoloi.fr\/blog\/wp-json\/wp\/v2\/users\/2"}],"replies":[{"embeddable":true,"href":"https:\/\/avoloi.fr\/blog\/wp-json\/wp\/v2\/comments?post=22016"}],"version-history":[{"count":0,"href":"https:\/\/avoloi.fr\/blog\/wp-json\/wp\/v2\/posts\/22016\/revisions"}],"wp:featuredmedia":[{"embeddable":true,"href":"https:\/\/avoloi.fr\/blog\/wp-json\/wp\/v2\/media\/22445"}],"wp:attachment":[{"href":"https:\/\/avoloi.fr\/blog\/wp-json\/wp\/v2\/media?parent=22016"}],"wp:term":[{"taxonomy":"category","embeddable":true,"href":"https:\/\/avoloi.fr\/blog\/wp-json\/wp\/v2\/categories?post=22016"},{"taxonomy":"post_tag","embeddable":true,"href":"https:\/\/avoloi.fr\/blog\/wp-json\/wp\/v2\/tags?post=22016"}],"curies":[{"name":"wp","href":"https:\/\/api.w.org\/{rel}","templated":true}]}}