{"id":21646,"date":"2021-05-21T14:47:00","date_gmt":"2021-05-21T12:47:00","guid":{"rendered":"https:\/\/avoloi.eu\/blog\/?p=21646"},"modified":"2021-05-21T14:47:00","modified_gmt":"2021-05-21T12:47:00","slug":"vaccination-pharmacie","status":"publish","type":"post","link":"https:\/\/avoloi.fr\/blog\/vaccination-pharmacie\/","title":{"rendered":"Vaccination en pharmacie : obligations et responsabilit\u00e9s"},"content":{"rendered":"\n<div class=\"wp-block-columns is-layout-flex wp-container-core-columns-is-layout-9d6595d7 wp-block-columns-is-layout-flex\">\n<div class=\"wp-block-column is-layout-flow wp-block-column-is-layout-flow\" style=\"flex-basis:100%\">\n<div class=\"wp-block-group\"><div class=\"wp-block-group__inner-container is-layout-flow wp-block-group-is-layout-flow\">\n<p>Depuis 2019, les pharmaciens sont habilit\u00e9s \u00e0 r\u00e9aliser l\u2019injection de vaccins contre la grippe dans leurs officines. Cette nouvelle pr\u00e9rogative est d\u00e9sormais \u00e9tendue dans le cadre de la lutte contre la pand\u00e9mie de Covid-19. Ainsi, depuis le 15 mars 2021, les pharmaciens font partie de la strat\u00e9gie vaccinale. Ils sont autoris\u00e9s \u00e0 pratiquer les vaccins anti-Covid. Malgr\u00e9 l\u2019urgence, les professionnels de <a href=\"https:\/\/avoloi.eu\/blog\/tag\/pharmacie\/\">pharmacie<\/a> doivent prendre le temps de satisfaire quelques dispositions pour agir en toute conformit\u00e9.<\/p>\n\n\n\n<h2 class=\"wp-block-heading\"><strong>Devoirs et obligations des pharmaci<\/strong>es <\/h2>\n\n\n\n<p>Le pharmacien est soumis \u00e0 de multiples obligations dont celles de diligence et de prudence. Il doit \u00eatre particuli\u00e8rement vigilant concernant son r\u00f4le dans la lutte contre la pand\u00e9mie.<\/p>\n\n\n\n<h3 class=\"wp-block-heading\"><strong>Devoir de conseil<\/strong><\/h3>\n\n\n\n<p>Le pharmacien est astreint \u00e0 un devoir de conseil. Il doit agir avec diligence dans tous les actes qu\u2019il dispense, \u00e0 titre habituel ou exceptionnel. Dans le cas particulier du virus Covid-19, il joue un r\u00f4le important du point de vue de l&rsquo;accompagnement du patient. Le <a href=\"https:\/\/www.legifrance.gouv.fr\/jorf\/id\/JORFTEXT000043216584\" rel=\"nofollow noopener\" target=\"_blank\">d\u00e9cret du 4 mars 2021<\/a>&nbsp;interdit aux pharmaciens de vacciner les personnes ayant par le pass\u00e9 pr\u00e9sent\u00e9 un choc anaphylactique en pr\u00e9sence d&rsquo;un des composants du vaccin. Le professionnel doit ainsi se renseigner syst\u00e9matiquement au cas par cas. Il doit informer le patient sur les risques inh\u00e9rents \u00e0 cet acte de soin. Il peut recueillir ces informations par \u00e9crit sur un formulaire par exemple. Cela constitue un bon moyen de prouver le respect de cette formalit\u00e9.<\/p>\n\n\n\n<h3 class=\"wp-block-heading\"><strong>Consentement du patient<\/strong><\/h3>\n\n\n\n<p>Le professionnel doit \u00e9galement s\u2019assurer du consentement du patient avant de pratiquer la vaccination. Une information qui semble acquise dans la mesure o\u00f9 l\u2019int\u00e9ress\u00e9 se pr\u00e9sente spontan\u00e9ment et de son plein gr\u00e8s. Son consentement peut en effet \u00eatre pr\u00e9sum\u00e9. Il est indispensable de pouvoir en justifier au moyen d&rsquo;un \u00e9crit au cas o\u00f9 une difficult\u00e9 appara\u00eetrait post\u00e9rieurement \u00e0 l\u2019injection.<\/p>\n\n\n\n<h3 class=\"wp-block-heading\"><strong>Locaux adapt\u00e9s \u00e0 recevoir la vaccination<\/strong><\/h3>\n\n\n\n<p>L\u2019article R 4235-12 du Code de la Sant\u00e9 Publique pr\u00e9voit que les professionnels doivent s\u2019assurer que l&rsquo;implantation de l\u2019officine permet de r\u00e9aliser un acte de vaccination dans un local adapt\u00e9. Ils doivent ainsi garantir la discr\u00e9tion de l\u2019injection r\u00e9alis\u00e9e dans une salle d\u00e9di\u00e9e \u00e0 l\u2019abri des regards. Le respect du secret professionnel est indispensable. La configuration des lieux doit en outre satisfaire aux exigences de stockage des doses de vaccins selon des crit\u00e8res strictement d\u00e9finis.<\/p>\n\n\n\n<h2 class=\"wp-block-heading\"><strong>Responsabilit\u00e9 des pharmaciens dans le cadre de la vaccination<\/strong><\/h2>\n\n\n\n<p>La <a href=\"https:\/\/avoloi.eu\/blog\/tag\/responsabilite\/\">responsabilit\u00e9<\/a> du pharmacien peut \u00eatre civile, p\u00e9nale et disciplinaire. Les trois s\u2019articulent de mani\u00e8re autonome ou cumulative.<\/p>\n\n\n\n<h3 class=\"wp-block-heading\"><strong>Responsabilit\u00e9 civile<\/strong><\/h3>\n\n\n\n<p>La responsabilit\u00e9 civile du pharmacien peut \u00eatre engag\u00e9e s\u2019il commet une <a href=\"https:\/\/www.legifrance.gouv.fr\/codes\/article_lc\/LEGIARTI000032041571\" rel=\"nofollow noopener\" target=\"_blank\">faute<\/a>&nbsp;causant un pr\u00e9judice. C\u2019est le cas du professionnel qui se trompe dans la d\u00e9livrance d\u2019un produit mentionn\u00e9 sur ordonnance ou qui d\u00e9livre un produit p\u00e9rim\u00e9. De m\u00eame, sa responsabilit\u00e9 peut \u00eatre engag\u00e9e sans faute, du fait des produits d\u00e9fectueux. Dans le cas du vaccin et dans l\u2019hypoth\u00e8se d\u2019un dommage d\u00fb \u00e0 un d\u00e9faut de s\u00e9curit\u00e9 du produit, la personne vaccin\u00e9e pourrait ainsi se retourner contre le fabricant ou contre le vendeur, soit le pharmacien.<\/p>\n\n\n\n<h3 class=\"wp-block-heading\"><strong>Responsabilit\u00e9 disciplinaire<\/strong><\/h3>\n\n\n\n<p>Le pharmacien est membre d&rsquo;un ordre professionnel. \u00c0 ce titre, il est soumis aux r\u00e8gles de d\u00e9ontologie propre \u00e0 sa profession. La responsabilit\u00e9 disciplinaire vient sanctionner un manquement \u00e0 ses obligations professionnelles et d\u00e9ontologiques. En l\u2019esp\u00e8ce, le fait par exemple de proc\u00e9der \u00e0 des actes de complaisance aupr\u00e8s d\u2019un public non prioritaire selon les crit\u00e8res d\u00e9finis par le gouvernement pourrait constituer un manquement aux obligations d\u00e9ontologiques et exposer le pharmacien \u00e0 des poursuites disciplinaires. \u00c0 ce jour, la vaccination concerne principalement les personnes \u00e2g\u00e9es de plus de 75 ans, celles \u00e0 partir de 50 ans souffrant de certaines affections et celles exer\u00e7ant certaines professions. En dehors de ces cas, la vaccination ne doit pas \u00eatre recevable, notamment pour assurer le fonctionnement optimal de la strat\u00e9gie vaccinale.<\/p>\n\n\n\n<h3 class=\"wp-block-heading\"><strong>Responsabilit\u00e9 p\u00e9nale<\/strong><\/h3>\n\n\n\n<p>En cas de faute dans son exercice et lorsque cette faute est constitutive d\u2019une infraction, le pharmacien s\u2019expose \u00e0 une sanction p\u00e9nale allant de l\u2019amende \u00e0 la peine de prison. Les infractions peuvent par exemple concerner la vente d\u2019un produit sans autorisation de mise sur le march\u00e9 ou le d\u00e9faut d\u2019indication d\u2019un effet ind\u00e9sirable grave. Au cas particulier de la campagne de vaccination, un pharmacien ne respectant pas les consignes de conservation d\u2019un vaccin anti-Covid-19 pourrait ainsi engager sa responsabilit\u00e9 p\u00e9nale. Pour \u00e9viter tout manquement et aider la profession dans cette d\u00e9marche de d\u00e9ploiement du vaccin, les autorit\u00e9s ont mis au point un guide sp\u00e9cifique \u00e0 l\u2019attention de tous les <a href=\"https:\/\/uspo.fr\/vaccination-anti-covid-19-porfolio-du-ministere-de-la-sante-a-destination-des-professionnels-de-sante\/\" rel=\"nofollow noopener\" target=\"_blank\">professionnels vaccinateurs<\/a>.<\/p>\n\n\n\n<p><em>Image: <a href=\"https:\/\/unsplash.com\/@cdc?utm_source=unsplash&amp;utm_medium=referral&amp;utm_content=creditCopyText\" rel=\"nofollow noopener\" target=\"_blank\">CDC<\/a>&nbsp;sur&nbsp;<a href=\"https:\/\/unsplash.com\/s\/photos\/vaccination?utm_source=unsplash&amp;utm_medium=referral&amp;utm_content=creditCopyText\">Unsplash<\/a><\/em><\/p>\n<\/div><\/div>\n<\/div>\n<\/div>\n","protected":false},"excerpt":{"rendered":"<p>Depuis 2019, les pharmaciens sont habilit\u00e9s \u00e0 r\u00e9aliser l\u2019injection de vaccins contre la grippe dans leurs officines&#8230;<\/p>\n","protected":false},"author":2,"featured_media":22631,"comment_status":"open","ping_status":"closed","sticky":false,"template":"","format":"standard","meta":{"footnotes":""},"categories":[277],"tags":[272,738,361,412,739,178,532,220,49,672],"class_list":["post-21646","post","type-post","status-publish","format-standard","has-post-thumbnail","hentry","category-droit-de-la-sante-droit-medical","tag-consentement","tag-coronavirus","tag-covid-19","tag-crise-sanitaire","tag-obligations","tag-patient","tag-pharmacie","tag-responsabilite","tag-sante","tag-vaccination"],"yoast_head":"<!-- This site is optimized with the Yoast SEO plugin v27.4 - https:\/\/yoast.com\/product\/yoast-seo-wordpress\/ -->\n<title>Vaccination en pharmacie : obligations et responsabilit\u00e9s - Le blog Avoloi<\/title>\n<meta name=\"description\" content=\"La vaccination dans les officines de pharmacie est d\u00e9sormais \u00e9largie aux vaccins contre la covid-19. Dans quelles conditions ? D\u00e9couvrons !\" \/>\n<meta name=\"robots\" content=\"index, follow, max-snippet:-1, max-image-preview:large, max-video-preview:-1\" \/>\n<link rel=\"canonical\" href=\"https:\/\/avoloi.fr\/blog\/vaccination-pharmacie\/\" \/>\n<meta property=\"og:locale\" content=\"fr_FR\" \/>\n<meta property=\"og:type\" content=\"article\" \/>\n<meta property=\"og:title\" content=\"Vaccination en pharmacie : obligations et responsabilit\u00e9s - Le blog Avoloi\" \/>\n<meta property=\"og:description\" content=\"La vaccination dans les officines de pharmacie est d\u00e9sormais \u00e9largie aux vaccins contre la covid-19. Dans quelles conditions ? D\u00e9couvrons !\" \/>\n<meta property=\"og:url\" content=\"https:\/\/avoloi.fr\/blog\/vaccination-pharmacie\/\" \/>\n<meta property=\"og:site_name\" content=\"Le blog Avoloi\" \/>\n<meta property=\"article:publisher\" content=\"https:\/\/fr-fr.facebook.com\/avoloi\/\" \/>\n<meta property=\"article:published_time\" content=\"2021-05-21T12:47:00+00:00\" \/>\n<meta property=\"og:image\" content=\"https:\/\/avoloi.fr\/blog\/wp-content\/uploads\/2021\/05\/vaccination-pharmacie-1.jpg\" \/>\n\t<meta property=\"og:image:width\" content=\"500\" \/>\n\t<meta property=\"og:image:height\" content=\"333\" \/>\n\t<meta property=\"og:image:type\" content=\"image\/jpeg\" \/>\n<meta name=\"author\" content=\"Avoloi\" \/>\n<meta name=\"twitter:card\" content=\"summary_large_image\" \/>\n<meta name=\"twitter:creator\" content=\"@avoloi\" \/>\n<meta name=\"twitter:site\" content=\"@avoloi\" \/>\n<meta name=\"twitter:label1\" content=\"\u00c9crit par\" \/>\n\t<meta name=\"twitter:data1\" content=\"Avoloi\" \/>\n\t<meta name=\"twitter:label2\" content=\"Dur\u00e9e de lecture estim\u00e9e\" \/>\n\t<meta name=\"twitter:data2\" content=\"4 minutes\" \/>\n<script type=\"application\/ld+json\" class=\"yoast-schema-graph\">{\"@context\":\"https:\\\/\\\/schema.org\",\"@graph\":[{\"@type\":\"Article\",\"@id\":\"https:\\\/\\\/avoloi.fr\\\/blog\\\/vaccination-pharmacie\\\/#article\",\"isPartOf\":{\"@id\":\"https:\\\/\\\/avoloi.fr\\\/blog\\\/vaccination-pharmacie\\\/\"},\"author\":{\"name\":\"Avoloi\",\"@id\":\"https:\\\/\\\/avoloi.fr\\\/blog\\\/#\\\/schema\\\/person\\\/23b73188a8a805006f016e2a3cb617b1\"},\"headline\":\"Vaccination en pharmacie : obligations et responsabilit\u00e9s\",\"datePublished\":\"2021-05-21T12:47:00+00:00\",\"mainEntityOfPage\":{\"@id\":\"https:\\\/\\\/avoloi.fr\\\/blog\\\/vaccination-pharmacie\\\/\"},\"wordCount\":822,\"commentCount\":0,\"publisher\":{\"@id\":\"https:\\\/\\\/avoloi.fr\\\/blog\\\/#organization\"},\"image\":{\"@id\":\"https:\\\/\\\/avoloi.fr\\\/blog\\\/vaccination-pharmacie\\\/#primaryimage\"},\"thumbnailUrl\":\"https:\\\/\\\/avoloi.fr\\\/blog\\\/wp-content\\\/uploads\\\/2021\\\/05\\\/vaccination-pharmacie-1.jpg\",\"keywords\":[\"consentement\",\"coronavirus\",\"covid-19\",\"crise sanitaire\",\"obligations\",\"patient\",\"pharmacie\",\"responsabilit\u00e9\",\"sant\u00e9\",\"vaccination\"],\"articleSection\":[\"Droit de la sant\u00e9\\\/droit m\u00e9dical\"],\"inLanguage\":\"fr-FR\",\"potentialAction\":[{\"@type\":\"CommentAction\",\"name\":\"Comment\",\"target\":[\"https:\\\/\\\/avoloi.fr\\\/blog\\\/vaccination-pharmacie\\\/#respond\"]}]},{\"@type\":\"WebPage\",\"@id\":\"https:\\\/\\\/avoloi.fr\\\/blog\\\/vaccination-pharmacie\\\/\",\"url\":\"https:\\\/\\\/avoloi.fr\\\/blog\\\/vaccination-pharmacie\\\/\",\"name\":\"Vaccination en pharmacie : obligations et responsabilit\u00e9s - Le blog Avoloi\",\"isPartOf\":{\"@id\":\"https:\\\/\\\/avoloi.fr\\\/blog\\\/#website\"},\"primaryImageOfPage\":{\"@id\":\"https:\\\/\\\/avoloi.fr\\\/blog\\\/vaccination-pharmacie\\\/#primaryimage\"},\"image\":{\"@id\":\"https:\\\/\\\/avoloi.fr\\\/blog\\\/vaccination-pharmacie\\\/#primaryimage\"},\"thumbnailUrl\":\"https:\\\/\\\/avoloi.fr\\\/blog\\\/wp-content\\\/uploads\\\/2021\\\/05\\\/vaccination-pharmacie-1.jpg\",\"datePublished\":\"2021-05-21T12:47:00+00:00\",\"description\":\"La vaccination dans les officines de pharmacie est d\u00e9sormais \u00e9largie aux vaccins contre la covid-19. Dans quelles conditions ? D\u00e9couvrons !\",\"breadcrumb\":{\"@id\":\"https:\\\/\\\/avoloi.fr\\\/blog\\\/vaccination-pharmacie\\\/#breadcrumb\"},\"inLanguage\":\"fr-FR\",\"potentialAction\":[{\"@type\":\"ReadAction\",\"target\":[\"https:\\\/\\\/avoloi.fr\\\/blog\\\/vaccination-pharmacie\\\/\"]}]},{\"@type\":\"ImageObject\",\"inLanguage\":\"fr-FR\",\"@id\":\"https:\\\/\\\/avoloi.fr\\\/blog\\\/vaccination-pharmacie\\\/#primaryimage\",\"url\":\"https:\\\/\\\/avoloi.fr\\\/blog\\\/wp-content\\\/uploads\\\/2021\\\/05\\\/vaccination-pharmacie-1.jpg\",\"contentUrl\":\"https:\\\/\\\/avoloi.fr\\\/blog\\\/wp-content\\\/uploads\\\/2021\\\/05\\\/vaccination-pharmacie-1.jpg\",\"width\":500,\"height\":333},{\"@type\":\"BreadcrumbList\",\"@id\":\"https:\\\/\\\/avoloi.fr\\\/blog\\\/vaccination-pharmacie\\\/#breadcrumb\",\"itemListElement\":[{\"@type\":\"ListItem\",\"position\":1,\"name\":\"Accueil\",\"item\":\"https:\\\/\\\/avoloi.fr\\\/blog\\\/\"},{\"@type\":\"ListItem\",\"position\":2,\"name\":\"Vaccination en pharmacie : obligations et responsabilit\u00e9s\"}]},{\"@type\":\"WebSite\",\"@id\":\"https:\\\/\\\/avoloi.fr\\\/blog\\\/#website\",\"url\":\"https:\\\/\\\/avoloi.fr\\\/blog\\\/\",\"name\":\"Le blog Avoloi\",\"description\":\"\",\"publisher\":{\"@id\":\"https:\\\/\\\/avoloi.fr\\\/blog\\\/#organization\"},\"potentialAction\":[{\"@type\":\"SearchAction\",\"target\":{\"@type\":\"EntryPoint\",\"urlTemplate\":\"https:\\\/\\\/avoloi.fr\\\/blog\\\/?s={search_term_string}\"},\"query-input\":{\"@type\":\"PropertyValueSpecification\",\"valueRequired\":true,\"valueName\":\"search_term_string\"}}],\"inLanguage\":\"fr-FR\"},{\"@type\":\"Organization\",\"@id\":\"https:\\\/\\\/avoloi.fr\\\/blog\\\/#organization\",\"name\":\"Avoloi\",\"url\":\"https:\\\/\\\/avoloi.fr\\\/blog\\\/\",\"logo\":{\"@type\":\"ImageObject\",\"inLanguage\":\"fr-FR\",\"@id\":\"https:\\\/\\\/avoloi.fr\\\/blog\\\/#\\\/schema\\\/logo\\\/image\\\/\",\"url\":\"https:\\\/\\\/avoloi.fr\\\/blog\\\/wp-content\\\/uploads\\\/2022\\\/06\\\/avoloi_726x172.png\",\"contentUrl\":\"https:\\\/\\\/avoloi.fr\\\/blog\\\/wp-content\\\/uploads\\\/2022\\\/06\\\/avoloi_726x172.png\",\"width\":726,\"height\":172,\"caption\":\"Avoloi\"},\"image\":{\"@id\":\"https:\\\/\\\/avoloi.fr\\\/blog\\\/#\\\/schema\\\/logo\\\/image\\\/\"},\"sameAs\":[\"https:\\\/\\\/fr-fr.facebook.com\\\/avoloi\\\/\",\"https:\\\/\\\/x.com\\\/avoloi\",\"https:\\\/\\\/www.linkedin.com\\\/company\\\/11097274\\\/\",\"https:\\\/\\\/www.instagram.com\\\/avoloi\\\/\"]},{\"@type\":\"Person\",\"@id\":\"https:\\\/\\\/avoloi.fr\\\/blog\\\/#\\\/schema\\\/person\\\/23b73188a8a805006f016e2a3cb617b1\",\"name\":\"Avoloi\",\"image\":{\"@type\":\"ImageObject\",\"inLanguage\":\"fr-FR\",\"@id\":\"https:\\\/\\\/secure.gravatar.com\\\/avatar\\\/2ec2e99d2d37d9499d05c0d8442d636f63a751b8a8c16870416ac671c571f81d?s=96&d=mm&r=g\",\"url\":\"https:\\\/\\\/secure.gravatar.com\\\/avatar\\\/2ec2e99d2d37d9499d05c0d8442d636f63a751b8a8c16870416ac671c571f81d?s=96&d=mm&r=g\",\"contentUrl\":\"https:\\\/\\\/secure.gravatar.com\\\/avatar\\\/2ec2e99d2d37d9499d05c0d8442d636f63a751b8a8c16870416ac671c571f81d?s=96&d=mm&r=g\",\"caption\":\"Avoloi\"}}]}<\/script>\n<!-- \/ Yoast SEO plugin. -->","yoast_head_json":{"title":"Vaccination en pharmacie : obligations et responsabilit\u00e9s - Le blog Avoloi","description":"La vaccination dans les officines de pharmacie est d\u00e9sormais \u00e9largie aux vaccins contre la covid-19. Dans quelles conditions ? D\u00e9couvrons !","robots":{"index":"index","follow":"follow","max-snippet":"max-snippet:-1","max-image-preview":"max-image-preview:large","max-video-preview":"max-video-preview:-1"},"canonical":"https:\/\/avoloi.fr\/blog\/vaccination-pharmacie\/","og_locale":"fr_FR","og_type":"article","og_title":"Vaccination en pharmacie : obligations et responsabilit\u00e9s - Le blog Avoloi","og_description":"La vaccination dans les officines de pharmacie est d\u00e9sormais \u00e9largie aux vaccins contre la covid-19. Dans quelles conditions ? D\u00e9couvrons !","og_url":"https:\/\/avoloi.fr\/blog\/vaccination-pharmacie\/","og_site_name":"Le blog Avoloi","article_publisher":"https:\/\/fr-fr.facebook.com\/avoloi\/","article_published_time":"2021-05-21T12:47:00+00:00","og_image":[{"width":500,"height":333,"url":"https:\/\/avoloi.fr\/blog\/wp-content\/uploads\/2021\/05\/vaccination-pharmacie-1.jpg","type":"image\/jpeg"}],"author":"Avoloi","twitter_card":"summary_large_image","twitter_creator":"@avoloi","twitter_site":"@avoloi","twitter_misc":{"\u00c9crit par":"Avoloi","Dur\u00e9e de lecture estim\u00e9e":"4 minutes"},"schema":{"@context":"https:\/\/schema.org","@graph":[{"@type":"Article","@id":"https:\/\/avoloi.fr\/blog\/vaccination-pharmacie\/#article","isPartOf":{"@id":"https:\/\/avoloi.fr\/blog\/vaccination-pharmacie\/"},"author":{"name":"Avoloi","@id":"https:\/\/avoloi.fr\/blog\/#\/schema\/person\/23b73188a8a805006f016e2a3cb617b1"},"headline":"Vaccination en pharmacie : obligations et responsabilit\u00e9s","datePublished":"2021-05-21T12:47:00+00:00","mainEntityOfPage":{"@id":"https:\/\/avoloi.fr\/blog\/vaccination-pharmacie\/"},"wordCount":822,"commentCount":0,"publisher":{"@id":"https:\/\/avoloi.fr\/blog\/#organization"},"image":{"@id":"https:\/\/avoloi.fr\/blog\/vaccination-pharmacie\/#primaryimage"},"thumbnailUrl":"https:\/\/avoloi.fr\/blog\/wp-content\/uploads\/2021\/05\/vaccination-pharmacie-1.jpg","keywords":["consentement","coronavirus","covid-19","crise sanitaire","obligations","patient","pharmacie","responsabilit\u00e9","sant\u00e9","vaccination"],"articleSection":["Droit de la sant\u00e9\/droit m\u00e9dical"],"inLanguage":"fr-FR","potentialAction":[{"@type":"CommentAction","name":"Comment","target":["https:\/\/avoloi.fr\/blog\/vaccination-pharmacie\/#respond"]}]},{"@type":"WebPage","@id":"https:\/\/avoloi.fr\/blog\/vaccination-pharmacie\/","url":"https:\/\/avoloi.fr\/blog\/vaccination-pharmacie\/","name":"Vaccination en pharmacie : obligations et responsabilit\u00e9s - Le blog Avoloi","isPartOf":{"@id":"https:\/\/avoloi.fr\/blog\/#website"},"primaryImageOfPage":{"@id":"https:\/\/avoloi.fr\/blog\/vaccination-pharmacie\/#primaryimage"},"image":{"@id":"https:\/\/avoloi.fr\/blog\/vaccination-pharmacie\/#primaryimage"},"thumbnailUrl":"https:\/\/avoloi.fr\/blog\/wp-content\/uploads\/2021\/05\/vaccination-pharmacie-1.jpg","datePublished":"2021-05-21T12:47:00+00:00","description":"La vaccination dans les officines de pharmacie est d\u00e9sormais \u00e9largie aux vaccins contre la covid-19. Dans quelles conditions ? D\u00e9couvrons !","breadcrumb":{"@id":"https:\/\/avoloi.fr\/blog\/vaccination-pharmacie\/#breadcrumb"},"inLanguage":"fr-FR","potentialAction":[{"@type":"ReadAction","target":["https:\/\/avoloi.fr\/blog\/vaccination-pharmacie\/"]}]},{"@type":"ImageObject","inLanguage":"fr-FR","@id":"https:\/\/avoloi.fr\/blog\/vaccination-pharmacie\/#primaryimage","url":"https:\/\/avoloi.fr\/blog\/wp-content\/uploads\/2021\/05\/vaccination-pharmacie-1.jpg","contentUrl":"https:\/\/avoloi.fr\/blog\/wp-content\/uploads\/2021\/05\/vaccination-pharmacie-1.jpg","width":500,"height":333},{"@type":"BreadcrumbList","@id":"https:\/\/avoloi.fr\/blog\/vaccination-pharmacie\/#breadcrumb","itemListElement":[{"@type":"ListItem","position":1,"name":"Accueil","item":"https:\/\/avoloi.fr\/blog\/"},{"@type":"ListItem","position":2,"name":"Vaccination en pharmacie : obligations et responsabilit\u00e9s"}]},{"@type":"WebSite","@id":"https:\/\/avoloi.fr\/blog\/#website","url":"https:\/\/avoloi.fr\/blog\/","name":"Le blog Avoloi","description":"","publisher":{"@id":"https:\/\/avoloi.fr\/blog\/#organization"},"potentialAction":[{"@type":"SearchAction","target":{"@type":"EntryPoint","urlTemplate":"https:\/\/avoloi.fr\/blog\/?s={search_term_string}"},"query-input":{"@type":"PropertyValueSpecification","valueRequired":true,"valueName":"search_term_string"}}],"inLanguage":"fr-FR"},{"@type":"Organization","@id":"https:\/\/avoloi.fr\/blog\/#organization","name":"Avoloi","url":"https:\/\/avoloi.fr\/blog\/","logo":{"@type":"ImageObject","inLanguage":"fr-FR","@id":"https:\/\/avoloi.fr\/blog\/#\/schema\/logo\/image\/","url":"https:\/\/avoloi.fr\/blog\/wp-content\/uploads\/2022\/06\/avoloi_726x172.png","contentUrl":"https:\/\/avoloi.fr\/blog\/wp-content\/uploads\/2022\/06\/avoloi_726x172.png","width":726,"height":172,"caption":"Avoloi"},"image":{"@id":"https:\/\/avoloi.fr\/blog\/#\/schema\/logo\/image\/"},"sameAs":["https:\/\/fr-fr.facebook.com\/avoloi\/","https:\/\/x.com\/avoloi","https:\/\/www.linkedin.com\/company\/11097274\/","https:\/\/www.instagram.com\/avoloi\/"]},{"@type":"Person","@id":"https:\/\/avoloi.fr\/blog\/#\/schema\/person\/23b73188a8a805006f016e2a3cb617b1","name":"Avoloi","image":{"@type":"ImageObject","inLanguage":"fr-FR","@id":"https:\/\/secure.gravatar.com\/avatar\/2ec2e99d2d37d9499d05c0d8442d636f63a751b8a8c16870416ac671c571f81d?s=96&d=mm&r=g","url":"https:\/\/secure.gravatar.com\/avatar\/2ec2e99d2d37d9499d05c0d8442d636f63a751b8a8c16870416ac671c571f81d?s=96&d=mm&r=g","contentUrl":"https:\/\/secure.gravatar.com\/avatar\/2ec2e99d2d37d9499d05c0d8442d636f63a751b8a8c16870416ac671c571f81d?s=96&d=mm&r=g","caption":"Avoloi"}}]}},"_links":{"self":[{"href":"https:\/\/avoloi.fr\/blog\/wp-json\/wp\/v2\/posts\/21646","targetHints":{"allow":["GET"]}}],"collection":[{"href":"https:\/\/avoloi.fr\/blog\/wp-json\/wp\/v2\/posts"}],"about":[{"href":"https:\/\/avoloi.fr\/blog\/wp-json\/wp\/v2\/types\/post"}],"author":[{"embeddable":true,"href":"https:\/\/avoloi.fr\/blog\/wp-json\/wp\/v2\/users\/2"}],"replies":[{"embeddable":true,"href":"https:\/\/avoloi.fr\/blog\/wp-json\/wp\/v2\/comments?post=21646"}],"version-history":[{"count":0,"href":"https:\/\/avoloi.fr\/blog\/wp-json\/wp\/v2\/posts\/21646\/revisions"}],"wp:featuredmedia":[{"embeddable":true,"href":"https:\/\/avoloi.fr\/blog\/wp-json\/wp\/v2\/media\/22631"}],"wp:attachment":[{"href":"https:\/\/avoloi.fr\/blog\/wp-json\/wp\/v2\/media?parent=21646"}],"wp:term":[{"taxonomy":"category","embeddable":true,"href":"https:\/\/avoloi.fr\/blog\/wp-json\/wp\/v2\/categories?post=21646"},{"taxonomy":"post_tag","embeddable":true,"href":"https:\/\/avoloi.fr\/blog\/wp-json\/wp\/v2\/tags?post=21646"}],"curies":[{"name":"wp","href":"https:\/\/api.w.org\/{rel}","templated":true}]}}