{"id":20692,"date":"2021-02-04T22:45:06","date_gmt":"2021-02-04T21:45:06","guid":{"rendered":"https:\/\/avoloi.eu\/?p=20692"},"modified":"2021-02-04T22:45:06","modified_gmt":"2021-02-04T21:45:06","slug":"larret-du-jour-237-le-plu-et-les-chenes","status":"publish","type":"post","link":"https:\/\/avoloi.fr\/blog\/larret-du-jour-237-le-plu-et-les-chenes\/","title":{"rendered":"L&rsquo;arr\u00eat du jour #237 Le PLU et les ch\u00eanes"},"content":{"rendered":"\n<hr class=\"wp-block-separator\" \/>\n\n\n\n<hr class=\"wp-block-separator\" \/>\n\n\n\n<h3 class=\"wp-block-heading\">C\u2019est l\u2019histoire d\u2019un propri\u00e9taire qui veut lib\u00e9rer son voisin de ses \u00ab ch\u00eanes \u00bb\u2026<\/h3>\n\n\n\n<p>Le propri\u00e9taire d\u2019une maison demande \u00e0 son voisin d\u2019arracher ses ch\u00eanes. Le motif ? Ces arbres de grande hauteur sont implant\u00e9s \u00e0 moins de 2 m\u00e8tres de la limite s\u00e9parative de leurs terrains, ce qui est interdit par la Loi,&nbsp;rappelle-t-il\u2026<\/p>\n\n\n\n<h3 class=\"wp-block-heading\">L\u2019objet du litige<\/h3>\n\n\n\n<p>\u00ab Peu importe \u00bb, r\u00e9torque le voisin, pour la simple et bonne raison que leurs terrains sont situ\u00e9s dans une zone bois\u00e9e prot\u00e9g\u00e9e par le plan local d\u2019urbanisme (PLU) de la commune. Or, les dispositions \u00ab sp\u00e9ciales \u00bb du PLU&nbsp;s\u2019appliquent ici en lieu et&nbsp;place des dispositions l\u00e9gales. \u00ab Lisez mieux ! \u00bb, persiste le propri\u00e9taire, pour qui, le PLU autorise, tout comme la Loi, l\u2019abattage d\u2019arbres hauts dans la zone concern\u00e9e\u2026<\/p>\n\n\n\n<h3 class=\"wp-block-heading\">Le verdict<\/h3>\n\n\n\n<p>\u00ab \u00c0 des conditions toutefois bien diff\u00e9rentes \u00bb, constate le juge, qui souligne qu\u2019\u00e0 la lecture attentive des conditions d\u2019abattage d\u2019arbres hauts pr\u00e9vues dans le PLU, il appara\u00eet que la demande d\u2019abattage des ch\u00eanes formul\u00e9e par le propri\u00e9taire n\u2019en&nbsp;remplit\u2026 aucune ! Sa demande est donc rejet\u00e9e et son voisin peut conserver ses ch\u00eanes.<\/p>\n\n\n\n<blockquote class=\"wp-block-quote is-layout-flow wp-block-quote-is-layout-flow\"><p>Arr\u00eat de la Cour de cassation, Arr\u00eat de la Cour de cassation, 3<sup>\u00e8me<\/sup> chambre civile, du 7 janvier 2021, n\u00b0 19-23694<\/p><\/blockquote>\n\n\n\n<p><em>En partenariat avec Weblex<\/em><\/p>\n","protected":false},"excerpt":{"rendered":"<p>C\u2019est l\u2019histoire d\u2019un propri\u00e9taire qui n\u2019appr\u00e9cie pas avoir pour voisin des \u00e9oliennes\u2026<\/p>\n","protected":false},"author":2,"featured_media":20694,"comment_status":"open","ping_status":"closed","sticky":false,"template":"","format":"standard","meta":{"footnotes":""},"categories":[2],"tags":[670,630,167,11],"class_list":["post-20692","post","type-post","status-publish","format-standard","has-post-thumbnail","hentry","category-larret-du-jour","tag-arbre","tag-plu","tag-voisin","tag-voisinage"],"yoast_head":"<!-- This site is optimized with the Yoast SEO plugin v27.4 - https:\/\/yoast.com\/product\/yoast-seo-wordpress\/ -->\n<title>L&#039;arr\u00eat du jour #237 Le PLU et les ch\u00eanes - Le blog Avoloi<\/title>\n<meta name=\"description\" content=\"Le propri\u00e9taire d\u2019une maison demande \u00e0 son voisin d\u2019arracher ses ch\u00eanes. Le motif ? Ces arbres de grande hauteur sont implant\u00e9s...\" \/>\n<meta name=\"robots\" content=\"index, follow, max-snippet:-1, max-image-preview:large, max-video-preview:-1\" \/>\n<link rel=\"canonical\" href=\"https:\/\/avoloi.fr\/blog\/larret-du-jour-237-le-plu-et-les-chenes\/\" \/>\n<meta property=\"og:locale\" content=\"fr_FR\" \/>\n<meta property=\"og:type\" content=\"article\" \/>\n<meta property=\"og:title\" content=\"L&#039;arr\u00eat du jour #237 Le PLU et les ch\u00eanes\" \/>\n<meta property=\"og:description\" content=\"C\u2019est l\u2019histoire d\u2019un propri\u00e9taire qui veut lib\u00e9rer son voisin de ses \u00ab ch\u00eanes \u00bb\u2026\" \/>\n<meta property=\"og:url\" content=\"https:\/\/avoloi.fr\/blog\/larret-du-jour-237-le-plu-et-les-chenes\/\" \/>\n<meta property=\"og:site_name\" content=\"Le blog Avoloi\" \/>\n<meta property=\"article:publisher\" content=\"https:\/\/fr-fr.facebook.com\/avoloi\/\" \/>\n<meta property=\"article:published_time\" content=\"2021-02-04T21:45:06+00:00\" \/>\n<meta property=\"og:image\" content=\"https:\/\/avoloi.fr\/blog\/wp-content\/uploads\/2021\/02\/arret-du-jour-237-arbre.jpg\" \/>\n\t<meta property=\"og:image:width\" content=\"800\" \/>\n\t<meta property=\"og:image:height\" content=\"600\" \/>\n\t<meta property=\"og:image:type\" content=\"image\/jpeg\" \/>\n<meta name=\"author\" content=\"Avoloi\" \/>\n<meta name=\"twitter:card\" content=\"summary_large_image\" \/>\n<meta name=\"twitter:title\" content=\"L&#039;arr\u00eat du jour #237 Le PLU et les ch\u00eanes\" \/>\n<meta name=\"twitter:description\" content=\"C\u2019est l\u2019histoire d\u2019un propri\u00e9taire qui veut lib\u00e9rer son voisin de ses \u00ab ch\u00eanes \u00bb\u2026\" \/>\n<meta name=\"twitter:image\" content=\"https:\/\/avoloi.fr\/blog\/wp-content\/uploads\/2021\/02\/arret-du-jour-237-arbre.jpg\" \/>\n<meta name=\"twitter:creator\" content=\"@avoloi\" \/>\n<meta name=\"twitter:site\" content=\"@avoloi\" \/>\n<meta name=\"twitter:label1\" content=\"\u00c9crit par\" \/>\n\t<meta name=\"twitter:data1\" content=\"Avoloi\" \/>\n\t<meta name=\"twitter:label2\" content=\"Dur\u00e9e de lecture estim\u00e9e\" \/>\n\t<meta name=\"twitter:data2\" content=\"1 minute\" \/>\n<script type=\"application\/ld+json\" class=\"yoast-schema-graph\">{\"@context\":\"https:\\\/\\\/schema.org\",\"@graph\":[{\"@type\":\"Article\",\"@id\":\"https:\\\/\\\/avoloi.fr\\\/blog\\\/larret-du-jour-237-le-plu-et-les-chenes\\\/#article\",\"isPartOf\":{\"@id\":\"https:\\\/\\\/avoloi.fr\\\/blog\\\/larret-du-jour-237-le-plu-et-les-chenes\\\/\"},\"author\":{\"name\":\"Avoloi\",\"@id\":\"https:\\\/\\\/avoloi.fr\\\/blog\\\/#\\\/schema\\\/person\\\/23b73188a8a805006f016e2a3cb617b1\"},\"headline\":\"L&rsquo;arr\u00eat du jour #237 Le PLU et les ch\u00eanes\",\"datePublished\":\"2021-02-04T21:45:06+00:00\",\"mainEntityOfPage\":{\"@id\":\"https:\\\/\\\/avoloi.fr\\\/blog\\\/larret-du-jour-237-le-plu-et-les-chenes\\\/\"},\"wordCount\":249,\"commentCount\":1,\"publisher\":{\"@id\":\"https:\\\/\\\/avoloi.fr\\\/blog\\\/#organization\"},\"image\":{\"@id\":\"https:\\\/\\\/avoloi.fr\\\/blog\\\/larret-du-jour-237-le-plu-et-les-chenes\\\/#primaryimage\"},\"thumbnailUrl\":\"https:\\\/\\\/avoloi.fr\\\/blog\\\/wp-content\\\/uploads\\\/2021\\\/02\\\/arret-du-jour-237-arbre.jpg\",\"keywords\":[\"arbre\",\"PLU\",\"voisin\",\"voisinage\"],\"articleSection\":[\"L\u2019arr\u00eat du jour\"],\"inLanguage\":\"fr-FR\",\"potentialAction\":[{\"@type\":\"CommentAction\",\"name\":\"Comment\",\"target\":[\"https:\\\/\\\/avoloi.fr\\\/blog\\\/larret-du-jour-237-le-plu-et-les-chenes\\\/#respond\"]}]},{\"@type\":\"WebPage\",\"@id\":\"https:\\\/\\\/avoloi.fr\\\/blog\\\/larret-du-jour-237-le-plu-et-les-chenes\\\/\",\"url\":\"https:\\\/\\\/avoloi.fr\\\/blog\\\/larret-du-jour-237-le-plu-et-les-chenes\\\/\",\"name\":\"L'arr\u00eat du jour #237 Le PLU et les ch\u00eanes - Le blog Avoloi\",\"isPartOf\":{\"@id\":\"https:\\\/\\\/avoloi.fr\\\/blog\\\/#website\"},\"primaryImageOfPage\":{\"@id\":\"https:\\\/\\\/avoloi.fr\\\/blog\\\/larret-du-jour-237-le-plu-et-les-chenes\\\/#primaryimage\"},\"image\":{\"@id\":\"https:\\\/\\\/avoloi.fr\\\/blog\\\/larret-du-jour-237-le-plu-et-les-chenes\\\/#primaryimage\"},\"thumbnailUrl\":\"https:\\\/\\\/avoloi.fr\\\/blog\\\/wp-content\\\/uploads\\\/2021\\\/02\\\/arret-du-jour-237-arbre.jpg\",\"datePublished\":\"2021-02-04T21:45:06+00:00\",\"description\":\"Le propri\u00e9taire d\u2019une maison demande \u00e0 son voisin d\u2019arracher ses ch\u00eanes. Le motif ? Ces arbres de grande hauteur sont implant\u00e9s...\",\"breadcrumb\":{\"@id\":\"https:\\\/\\\/avoloi.fr\\\/blog\\\/larret-du-jour-237-le-plu-et-les-chenes\\\/#breadcrumb\"},\"inLanguage\":\"fr-FR\",\"potentialAction\":[{\"@type\":\"ReadAction\",\"target\":[\"https:\\\/\\\/avoloi.fr\\\/blog\\\/larret-du-jour-237-le-plu-et-les-chenes\\\/\"]}]},{\"@type\":\"ImageObject\",\"inLanguage\":\"fr-FR\",\"@id\":\"https:\\\/\\\/avoloi.fr\\\/blog\\\/larret-du-jour-237-le-plu-et-les-chenes\\\/#primaryimage\",\"url\":\"https:\\\/\\\/avoloi.fr\\\/blog\\\/wp-content\\\/uploads\\\/2021\\\/02\\\/arret-du-jour-237-arbre.jpg\",\"contentUrl\":\"https:\\\/\\\/avoloi.fr\\\/blog\\\/wp-content\\\/uploads\\\/2021\\\/02\\\/arret-du-jour-237-arbre.jpg\",\"width\":800,\"height\":600},{\"@type\":\"BreadcrumbList\",\"@id\":\"https:\\\/\\\/avoloi.fr\\\/blog\\\/larret-du-jour-237-le-plu-et-les-chenes\\\/#breadcrumb\",\"itemListElement\":[{\"@type\":\"ListItem\",\"position\":1,\"name\":\"Accueil\",\"item\":\"https:\\\/\\\/avoloi.fr\\\/blog\\\/\"},{\"@type\":\"ListItem\",\"position\":2,\"name\":\"L&rsquo;arr\u00eat du jour #237 Le PLU et les ch\u00eanes\"}]},{\"@type\":\"WebSite\",\"@id\":\"https:\\\/\\\/avoloi.fr\\\/blog\\\/#website\",\"url\":\"https:\\\/\\\/avoloi.fr\\\/blog\\\/\",\"name\":\"Le blog Avoloi\",\"description\":\"\",\"publisher\":{\"@id\":\"https:\\\/\\\/avoloi.fr\\\/blog\\\/#organization\"},\"potentialAction\":[{\"@type\":\"SearchAction\",\"target\":{\"@type\":\"EntryPoint\",\"urlTemplate\":\"https:\\\/\\\/avoloi.fr\\\/blog\\\/?s={search_term_string}\"},\"query-input\":{\"@type\":\"PropertyValueSpecification\",\"valueRequired\":true,\"valueName\":\"search_term_string\"}}],\"inLanguage\":\"fr-FR\"},{\"@type\":\"Organization\",\"@id\":\"https:\\\/\\\/avoloi.fr\\\/blog\\\/#organization\",\"name\":\"Avoloi\",\"url\":\"https:\\\/\\\/avoloi.fr\\\/blog\\\/\",\"logo\":{\"@type\":\"ImageObject\",\"inLanguage\":\"fr-FR\",\"@id\":\"https:\\\/\\\/avoloi.fr\\\/blog\\\/#\\\/schema\\\/logo\\\/image\\\/\",\"url\":\"https:\\\/\\\/avoloi.fr\\\/blog\\\/wp-content\\\/uploads\\\/2022\\\/06\\\/avoloi_726x172.png\",\"contentUrl\":\"https:\\\/\\\/avoloi.fr\\\/blog\\\/wp-content\\\/uploads\\\/2022\\\/06\\\/avoloi_726x172.png\",\"width\":726,\"height\":172,\"caption\":\"Avoloi\"},\"image\":{\"@id\":\"https:\\\/\\\/avoloi.fr\\\/blog\\\/#\\\/schema\\\/logo\\\/image\\\/\"},\"sameAs\":[\"https:\\\/\\\/fr-fr.facebook.com\\\/avoloi\\\/\",\"https:\\\/\\\/x.com\\\/avoloi\",\"https:\\\/\\\/www.linkedin.com\\\/company\\\/11097274\\\/\",\"https:\\\/\\\/www.instagram.com\\\/avoloi\\\/\"]},{\"@type\":\"Person\",\"@id\":\"https:\\\/\\\/avoloi.fr\\\/blog\\\/#\\\/schema\\\/person\\\/23b73188a8a805006f016e2a3cb617b1\",\"name\":\"Avoloi\",\"image\":{\"@type\":\"ImageObject\",\"inLanguage\":\"fr-FR\",\"@id\":\"https:\\\/\\\/secure.gravatar.com\\\/avatar\\\/2ec2e99d2d37d9499d05c0d8442d636f63a751b8a8c16870416ac671c571f81d?s=96&d=mm&r=g\",\"url\":\"https:\\\/\\\/secure.gravatar.com\\\/avatar\\\/2ec2e99d2d37d9499d05c0d8442d636f63a751b8a8c16870416ac671c571f81d?s=96&d=mm&r=g\",\"contentUrl\":\"https:\\\/\\\/secure.gravatar.com\\\/avatar\\\/2ec2e99d2d37d9499d05c0d8442d636f63a751b8a8c16870416ac671c571f81d?s=96&d=mm&r=g\",\"caption\":\"Avoloi\"}}]}<\/script>\n<!-- \/ Yoast SEO plugin. -->","yoast_head_json":{"title":"L'arr\u00eat du jour #237 Le PLU et les ch\u00eanes - Le blog Avoloi","description":"Le propri\u00e9taire d\u2019une maison demande \u00e0 son voisin d\u2019arracher ses ch\u00eanes. Le motif ? Ces arbres de grande hauteur sont implant\u00e9s...","robots":{"index":"index","follow":"follow","max-snippet":"max-snippet:-1","max-image-preview":"max-image-preview:large","max-video-preview":"max-video-preview:-1"},"canonical":"https:\/\/avoloi.fr\/blog\/larret-du-jour-237-le-plu-et-les-chenes\/","og_locale":"fr_FR","og_type":"article","og_title":"L'arr\u00eat du jour #237 Le PLU et les ch\u00eanes","og_description":"C\u2019est l\u2019histoire d\u2019un propri\u00e9taire qui veut lib\u00e9rer son voisin de ses \u00ab ch\u00eanes \u00bb\u2026","og_url":"https:\/\/avoloi.fr\/blog\/larret-du-jour-237-le-plu-et-les-chenes\/","og_site_name":"Le blog Avoloi","article_publisher":"https:\/\/fr-fr.facebook.com\/avoloi\/","article_published_time":"2021-02-04T21:45:06+00:00","og_image":[{"width":800,"height":600,"url":"https:\/\/avoloi.fr\/blog\/wp-content\/uploads\/2021\/02\/arret-du-jour-237-arbre.jpg","type":"image\/jpeg"}],"author":"Avoloi","twitter_card":"summary_large_image","twitter_title":"L'arr\u00eat du jour #237 Le PLU et les ch\u00eanes","twitter_description":"C\u2019est l\u2019histoire d\u2019un propri\u00e9taire qui veut lib\u00e9rer son voisin de ses \u00ab ch\u00eanes \u00bb\u2026","twitter_image":"https:\/\/avoloi.fr\/blog\/wp-content\/uploads\/2021\/02\/arret-du-jour-237-arbre.jpg","twitter_creator":"@avoloi","twitter_site":"@avoloi","twitter_misc":{"\u00c9crit par":"Avoloi","Dur\u00e9e de lecture estim\u00e9e":"1 minute"},"schema":{"@context":"https:\/\/schema.org","@graph":[{"@type":"Article","@id":"https:\/\/avoloi.fr\/blog\/larret-du-jour-237-le-plu-et-les-chenes\/#article","isPartOf":{"@id":"https:\/\/avoloi.fr\/blog\/larret-du-jour-237-le-plu-et-les-chenes\/"},"author":{"name":"Avoloi","@id":"https:\/\/avoloi.fr\/blog\/#\/schema\/person\/23b73188a8a805006f016e2a3cb617b1"},"headline":"L&rsquo;arr\u00eat du jour #237 Le PLU et les ch\u00eanes","datePublished":"2021-02-04T21:45:06+00:00","mainEntityOfPage":{"@id":"https:\/\/avoloi.fr\/blog\/larret-du-jour-237-le-plu-et-les-chenes\/"},"wordCount":249,"commentCount":1,"publisher":{"@id":"https:\/\/avoloi.fr\/blog\/#organization"},"image":{"@id":"https:\/\/avoloi.fr\/blog\/larret-du-jour-237-le-plu-et-les-chenes\/#primaryimage"},"thumbnailUrl":"https:\/\/avoloi.fr\/blog\/wp-content\/uploads\/2021\/02\/arret-du-jour-237-arbre.jpg","keywords":["arbre","PLU","voisin","voisinage"],"articleSection":["L\u2019arr\u00eat du jour"],"inLanguage":"fr-FR","potentialAction":[{"@type":"CommentAction","name":"Comment","target":["https:\/\/avoloi.fr\/blog\/larret-du-jour-237-le-plu-et-les-chenes\/#respond"]}]},{"@type":"WebPage","@id":"https:\/\/avoloi.fr\/blog\/larret-du-jour-237-le-plu-et-les-chenes\/","url":"https:\/\/avoloi.fr\/blog\/larret-du-jour-237-le-plu-et-les-chenes\/","name":"L'arr\u00eat du jour #237 Le PLU et les ch\u00eanes - Le blog Avoloi","isPartOf":{"@id":"https:\/\/avoloi.fr\/blog\/#website"},"primaryImageOfPage":{"@id":"https:\/\/avoloi.fr\/blog\/larret-du-jour-237-le-plu-et-les-chenes\/#primaryimage"},"image":{"@id":"https:\/\/avoloi.fr\/blog\/larret-du-jour-237-le-plu-et-les-chenes\/#primaryimage"},"thumbnailUrl":"https:\/\/avoloi.fr\/blog\/wp-content\/uploads\/2021\/02\/arret-du-jour-237-arbre.jpg","datePublished":"2021-02-04T21:45:06+00:00","description":"Le propri\u00e9taire d\u2019une maison demande \u00e0 son voisin d\u2019arracher ses ch\u00eanes. Le motif ? Ces arbres de grande hauteur sont implant\u00e9s...","breadcrumb":{"@id":"https:\/\/avoloi.fr\/blog\/larret-du-jour-237-le-plu-et-les-chenes\/#breadcrumb"},"inLanguage":"fr-FR","potentialAction":[{"@type":"ReadAction","target":["https:\/\/avoloi.fr\/blog\/larret-du-jour-237-le-plu-et-les-chenes\/"]}]},{"@type":"ImageObject","inLanguage":"fr-FR","@id":"https:\/\/avoloi.fr\/blog\/larret-du-jour-237-le-plu-et-les-chenes\/#primaryimage","url":"https:\/\/avoloi.fr\/blog\/wp-content\/uploads\/2021\/02\/arret-du-jour-237-arbre.jpg","contentUrl":"https:\/\/avoloi.fr\/blog\/wp-content\/uploads\/2021\/02\/arret-du-jour-237-arbre.jpg","width":800,"height":600},{"@type":"BreadcrumbList","@id":"https:\/\/avoloi.fr\/blog\/larret-du-jour-237-le-plu-et-les-chenes\/#breadcrumb","itemListElement":[{"@type":"ListItem","position":1,"name":"Accueil","item":"https:\/\/avoloi.fr\/blog\/"},{"@type":"ListItem","position":2,"name":"L&rsquo;arr\u00eat du jour #237 Le PLU et les ch\u00eanes"}]},{"@type":"WebSite","@id":"https:\/\/avoloi.fr\/blog\/#website","url":"https:\/\/avoloi.fr\/blog\/","name":"Le blog Avoloi","description":"","publisher":{"@id":"https:\/\/avoloi.fr\/blog\/#organization"},"potentialAction":[{"@type":"SearchAction","target":{"@type":"EntryPoint","urlTemplate":"https:\/\/avoloi.fr\/blog\/?s={search_term_string}"},"query-input":{"@type":"PropertyValueSpecification","valueRequired":true,"valueName":"search_term_string"}}],"inLanguage":"fr-FR"},{"@type":"Organization","@id":"https:\/\/avoloi.fr\/blog\/#organization","name":"Avoloi","url":"https:\/\/avoloi.fr\/blog\/","logo":{"@type":"ImageObject","inLanguage":"fr-FR","@id":"https:\/\/avoloi.fr\/blog\/#\/schema\/logo\/image\/","url":"https:\/\/avoloi.fr\/blog\/wp-content\/uploads\/2022\/06\/avoloi_726x172.png","contentUrl":"https:\/\/avoloi.fr\/blog\/wp-content\/uploads\/2022\/06\/avoloi_726x172.png","width":726,"height":172,"caption":"Avoloi"},"image":{"@id":"https:\/\/avoloi.fr\/blog\/#\/schema\/logo\/image\/"},"sameAs":["https:\/\/fr-fr.facebook.com\/avoloi\/","https:\/\/x.com\/avoloi","https:\/\/www.linkedin.com\/company\/11097274\/","https:\/\/www.instagram.com\/avoloi\/"]},{"@type":"Person","@id":"https:\/\/avoloi.fr\/blog\/#\/schema\/person\/23b73188a8a805006f016e2a3cb617b1","name":"Avoloi","image":{"@type":"ImageObject","inLanguage":"fr-FR","@id":"https:\/\/secure.gravatar.com\/avatar\/2ec2e99d2d37d9499d05c0d8442d636f63a751b8a8c16870416ac671c571f81d?s=96&d=mm&r=g","url":"https:\/\/secure.gravatar.com\/avatar\/2ec2e99d2d37d9499d05c0d8442d636f63a751b8a8c16870416ac671c571f81d?s=96&d=mm&r=g","contentUrl":"https:\/\/secure.gravatar.com\/avatar\/2ec2e99d2d37d9499d05c0d8442d636f63a751b8a8c16870416ac671c571f81d?s=96&d=mm&r=g","caption":"Avoloi"}}]}},"_links":{"self":[{"href":"https:\/\/avoloi.fr\/blog\/wp-json\/wp\/v2\/posts\/20692","targetHints":{"allow":["GET"]}}],"collection":[{"href":"https:\/\/avoloi.fr\/blog\/wp-json\/wp\/v2\/posts"}],"about":[{"href":"https:\/\/avoloi.fr\/blog\/wp-json\/wp\/v2\/types\/post"}],"author":[{"embeddable":true,"href":"https:\/\/avoloi.fr\/blog\/wp-json\/wp\/v2\/users\/2"}],"replies":[{"embeddable":true,"href":"https:\/\/avoloi.fr\/blog\/wp-json\/wp\/v2\/comments?post=20692"}],"version-history":[{"count":0,"href":"https:\/\/avoloi.fr\/blog\/wp-json\/wp\/v2\/posts\/20692\/revisions"}],"wp:featuredmedia":[{"embeddable":true,"href":"https:\/\/avoloi.fr\/blog\/wp-json\/wp\/v2\/media\/20694"}],"wp:attachment":[{"href":"https:\/\/avoloi.fr\/blog\/wp-json\/wp\/v2\/media?parent=20692"}],"wp:term":[{"taxonomy":"category","embeddable":true,"href":"https:\/\/avoloi.fr\/blog\/wp-json\/wp\/v2\/categories?post=20692"},{"taxonomy":"post_tag","embeddable":true,"href":"https:\/\/avoloi.fr\/blog\/wp-json\/wp\/v2\/tags?post=20692"}],"curies":[{"name":"wp","href":"https:\/\/api.w.org\/{rel}","templated":true}]}}