{"id":20397,"date":"2020-11-30T10:57:00","date_gmt":"2020-11-30T09:57:00","guid":{"rendered":"https:\/\/avoloi.eu\/?p=20397"},"modified":"2020-11-30T10:57:00","modified_gmt":"2020-11-30T09:57:00","slug":"extradition-procedure","status":"publish","type":"post","link":"https:\/\/avoloi.fr\/blog\/extradition-procedure\/","title":{"rendered":"Extradition d\u2019une personne r\u00e9sidant en France | Conditions et proc\u00e9dure"},"content":{"rendered":"<p style=\"text-align: justify;\">L\u2019extradition est une proc\u00e9dure r\u00e9gie par les <a href=\"https:\/\/www.legifrance.gouv.fr\/codes\/id\/LEGIARTI000006577394\/2004-03-10\/\" target=\"_blank\" rel=\"nofollow noopener noreferrer\">articles 696 et suivants du Code de proc\u00e9dure p\u00e9nale<\/a>. Il s\u2019agit pour un \u00c9tat d\u2019accepter de transf\u00e9rer une personne qui se trouve sur son territoire. Cela est fait \u00e0 la demande d\u2019un autre \u00c9tat. L\u2019objectif est de juger l\u2019individu pour un crime ou un d\u00e9lit ou d&rsquo;ex\u00e9cuter une peine. L&rsquo;extradition est facilit\u00e9e lorsque les deux pays concern\u00e9s ont sign\u00e9 une Convention internationale. C\u2019est ce que permet le mandat d\u2019arr\u00eat europ\u00e9en, proc\u00e9dure acc\u00e9l\u00e9r\u00e9e d\u2019extradition mise en place pour les \u00c9tats de l\u2019Union. Pour toutes les autres hypoth\u00e8ses, c\u2019est le droit commun fran\u00e7ais qui s\u2019applique. Voici un focus sur la mise en \u0153uvre de la proc\u00e9dure d\u2019extradition. Quelles sont ses conditions ?<\/p>\n<h2 style=\"text-align: justify;\"><strong>Motif d\u2019extradition<\/strong><\/h2>\n<p style=\"text-align: justify;\">L\u2019extradition peut viser l\u2019auteur, coauteur ou complice d\u2019une infraction. Cela concerne les crimes ou les faits punis de peines correctionnelles par la loi de l\u2019\u00c9tat requ\u00e9rant. Il faut que la peine d\u2019emprisonnement encourue soit <strong>\u00e9gale ou sup\u00e9rieure \u00e0 deux ans<\/strong>.<\/p>\n<p style=\"text-align: justify;\">L\u2019extradition peut \u00e9galement concerner un individu condamn\u00e9 par une peine prononc\u00e9e par la juridiction de l\u2019\u00c9tat requ\u00e9rant, lorsqu\u2019elle est <strong>\u00e9gale ou sup\u00e9rieure \u00e0 deux mois <\/strong>d\u2019emprisonnement.<\/p>\n<p style=\"text-align: justify;\">Toutefois, selon le principe de double incrimination des faits, l\u2019extradition ne saurait \u00eatre accord\u00e9e par le gouvernement fran\u00e7ais qu\u2019\u00e0 la condition que la loi fran\u00e7aise punisse \u00e9galement les faits qui fondent la demande. L\u2019extradition ne peut \u00eatre accord\u00e9e que si l\u2019<a href=\"https:\/\/avoloi.eu\/tag\/infraction\/\">infraction<\/a> a \u00e9t\u00e9 commise&nbsp;:<\/p>\n<ul style=\"text-align: justify;\">\n<li>sur le territoire de l\u2019\u00c9tat requ\u00e9rant,<\/li>\n<li>en dehors du territoire de l\u2019\u00c9tat requ\u00e9rant par un ressortissant de cet \u00e9tat,<\/li>\n<li>en dehors du territoire de l\u2019\u00c9tat requ\u00e9rant et par une personne \u00e9trang\u00e8re \u00e0 cet \u00c9tat, lorsque la loi fran\u00e7aise l\u2019autorise sur le fondement de l\u2019infraction.<\/li>\n<\/ul>\n<h2 style=\"text-align: justify;\"><strong>Demande d\u2019extradition<\/strong><\/h2>\n<p style=\"text-align: justify;\">Toute demande d\u2019extradition est formul\u00e9e au gouvernement fran\u00e7ais selon une proc\u00e9dure diplomatique. L\u2019\u00c9tat requ\u00e9rant doit justifier des \u00e9l\u00e9ments n\u00e9cessaires : le jugement ou l\u2019arr\u00eat de condamnation.<\/p>\n<p style=\"text-align: justify;\">La demande est adress\u00e9e au ministre de la Justice puis au Procureur g\u00e9n\u00e9ral. Lorsque les circonstances l\u2019exigent, le Procureur g\u00e9n\u00e9ral peut ordonner l\u2019arrestation provisoire de la personne r\u00e9clam\u00e9e aux fins d\u2019extradition afin d\u2019\u00e9viter qu\u2019elle ne prenne la fuite avant que la proc\u00e9dure aboutisse.<\/p>\n<h2 style=\"text-align: justify;\"><strong>Proc\u00e9dure d\u2019extradition<\/strong><\/h2>\n<p style=\"text-align: justify;\">La personne appr\u00e9hend\u00e9e pour une extradition est conduite en comparution devant le Procureur g\u00e9n\u00e9ral dans un d\u00e9lai de 48 heures. Elle peut \u00eatre assist\u00e9e par un avocat et peut consentir ou s\u2019opposer \u00e0 son extradition. Selon les garanties pr\u00e9sent\u00e9es lors des actes de proc\u00e9dure, elle peut \u00eatre plac\u00e9e sous \u00e9crous extraditionnels, \u00eatre assign\u00e9e \u00e0 r\u00e9sidence ou sous contr\u00f4le judiciaire. L&rsquo;individu doit ensuite compara\u00eetre dans une audience publique devant la Chambre de l\u2019Instruction. L\u2019audience a lieu dans les cinq jours ouvrables \u00e0 compter de la pr\u00e9sentation au Procureur g\u00e9n\u00e9ral de la personne qui consent \u00e0 son extradition. Le d\u00e9lai est port\u00e9 \u00e0 dix jours ouvrables lorsqu\u2019elle s\u2019oppose \u00e0 la proc\u00e9dure.<\/p>\n<h2 style=\"text-align: justify;\"><strong>Ex\u00e9cution de la demande d\u2019extradition<\/strong><\/h2>\n<p style=\"text-align: justify;\">Lorsque l\u2019individu consent \u00e0 \u00eatre extrad\u00e9 et que les conditions l\u00e9gales sont effectives, la Chambre de l\u2019Instruction prononce l\u2019extradition, sans recours possible. En revanche, lorsque la personne s\u2019oppose \u00e0 l\u2019extradition, la Chambre de l\u2019Instruction doit rendre un avis sur la demande d\u2019extradition. Elle peut notamment rendre un avis d\u00e9favorable en raison d\u2019un vice de forme. Une fois les voies de recours \u00e9puis\u00e9es, l\u2019extradition est refus\u00e9e et la personne mise en libert\u00e9. Lorsque la Chambre rend un avis favorable \u00e0 l\u2019instruction, c\u2019est au gouvernement de d\u00e9cider d\u2019y donner suite. L\u2019extradition est accord\u00e9e par d\u00e9cret du Premier ministre, d&rsquo;apr\u00e8s un rapport produit par le minist\u00e8re de la Justice. L\u2019\u00c9tat demandeur dispose d\u2019un mois \u00e0 compter de la notification du d\u00e9cret pour saisir la personne. Pass\u00e9 ce d\u00e9lai, hors cas de <a href=\"https:\/\/avoloi.eu\/tag\/force-majeure\/\">force majeure<\/a>, la personne est mise en libert\u00e9 et ne peut plus \u00eatre r\u00e9clam\u00e9e sur le m\u00eame fondement.<\/p>\n<h2 style=\"text-align: left;\"><strong>Demandes d\u2019extradition concurrentes<\/strong><\/h2>\n<p style=\"text-align: justify;\">Si plusieurs \u00c9tats font une demande d\u2019extradition en m\u00eame temps pour la m\u00eame infraction, la proc\u00e9dure b\u00e9n\u00e9fice \u00e0 l\u2019\u00c9tat sur le territoire duquel l\u2019infraction a \u00e9t\u00e9 commise ou celui contre les int\u00e9r\u00eats duquel l\u2019infraction \u00e9tait dirig\u00e9e. Lorsque les demandes concurrentes sont fond\u00e9es sur des infractions diff\u00e9rentes, l\u2019extradition est accord\u00e9e par priorit\u00e9 en fonction de la gravit\u00e9 et de la date des demandes. Si une proc\u00e9dure est d\u00e9j\u00e0 en cours en France pour une autre infraction, l&rsquo;extradition ne sera effective qu\u2019apr\u00e8s la fin des poursuites et apr\u00e8s ex\u00e9cution de la peine le cas \u00e9ch\u00e9ant.<\/p>\n","protected":false},"excerpt":{"rendered":"<p>L\u2019extradition est une proc\u00e9dure r\u00e9gie par les articles 696 et suivants du Code de proc\u00e9dure p\u00e9nale&#8230;<\/p>\n","protected":false},"author":2,"featured_media":20398,"comment_status":"open","ping_status":"closed","sticky":false,"template":"","format":"standard","meta":{"footnotes":""},"categories":[35],"tags":[578,579,580,581,37,309],"class_list":["post-20397","post","type-post","status-publish","format-standard","has-post-thumbnail","hentry","category-droit-penal","tag-crime","tag-delit","tag-extradition","tag-france","tag-penal","tag-procedure"],"yoast_head":"<!-- This site is optimized with the Yoast SEO plugin v27.4 - https:\/\/yoast.com\/product\/yoast-seo-wordpress\/ -->\n<title>Extradition d\u2019une personne r\u00e9sidant en France | Conditions et proc\u00e9dure<\/title>\n<meta name=\"description\" content=\"L\u2019extradition est une proc\u00e9dure r\u00e9gie par les articles 696 et suivants du Code de proc\u00e9dure p\u00e9nale. D\u00e9couvrez tout ce qu&#039;il faut savoir ...\" \/>\n<meta name=\"robots\" content=\"index, follow, max-snippet:-1, max-image-preview:large, max-video-preview:-1\" \/>\n<link rel=\"canonical\" href=\"https:\/\/avoloi.fr\/blog\/extradition-procedure\/\" \/>\n<meta property=\"og:locale\" content=\"fr_FR\" \/>\n<meta property=\"og:type\" content=\"article\" \/>\n<meta property=\"og:title\" content=\"Extradition d\u2019une personne r\u00e9sidant en France | Conditions et proc\u00e9dure\" \/>\n<meta property=\"og:description\" content=\"L\u2019extradition est une proc\u00e9dure r\u00e9gie par les articles 696 et suivants du Code de proc\u00e9dure p\u00e9nale. D\u00e9couvrez tout ce qu&#039;il faut savoir ...\" \/>\n<meta property=\"og:url\" content=\"https:\/\/avoloi.fr\/blog\/extradition-procedure\/\" \/>\n<meta property=\"og:site_name\" content=\"Le blog Avoloi\" \/>\n<meta property=\"article:publisher\" content=\"https:\/\/fr-fr.facebook.com\/avoloi\/\" \/>\n<meta property=\"article:published_time\" content=\"2020-11-30T09:57:00+00:00\" \/>\n<meta property=\"og:image\" content=\"https:\/\/avoloi.fr\/blog\/wp-content\/uploads\/2020\/11\/extradition_procedure.jpg\" \/>\n\t<meta property=\"og:image:width\" content=\"500\" \/>\n\t<meta property=\"og:image:height\" content=\"333\" \/>\n\t<meta property=\"og:image:type\" content=\"image\/jpeg\" \/>\n<meta name=\"author\" content=\"Avoloi\" \/>\n<meta name=\"twitter:card\" content=\"summary_large_image\" \/>\n<meta name=\"twitter:creator\" content=\"@avoloi\" \/>\n<meta name=\"twitter:site\" content=\"@avoloi\" \/>\n<meta name=\"twitter:label1\" content=\"\u00c9crit par\" \/>\n\t<meta name=\"twitter:data1\" content=\"Avoloi\" \/>\n\t<meta name=\"twitter:label2\" content=\"Dur\u00e9e de lecture estim\u00e9e\" \/>\n\t<meta name=\"twitter:data2\" content=\"4 minutes\" \/>\n<script type=\"application\/ld+json\" class=\"yoast-schema-graph\">{\"@context\":\"https:\\\/\\\/schema.org\",\"@graph\":[{\"@type\":\"Article\",\"@id\":\"https:\\\/\\\/avoloi.fr\\\/blog\\\/extradition-procedure\\\/#article\",\"isPartOf\":{\"@id\":\"https:\\\/\\\/avoloi.fr\\\/blog\\\/extradition-procedure\\\/\"},\"author\":{\"name\":\"Avoloi\",\"@id\":\"https:\\\/\\\/avoloi.fr\\\/blog\\\/#\\\/schema\\\/person\\\/23b73188a8a805006f016e2a3cb617b1\"},\"headline\":\"Extradition d\u2019une personne r\u00e9sidant en France | Conditions et proc\u00e9dure\",\"datePublished\":\"2020-11-30T09:57:00+00:00\",\"mainEntityOfPage\":{\"@id\":\"https:\\\/\\\/avoloi.fr\\\/blog\\\/extradition-procedure\\\/\"},\"wordCount\":869,\"commentCount\":0,\"publisher\":{\"@id\":\"https:\\\/\\\/avoloi.fr\\\/blog\\\/#organization\"},\"image\":{\"@id\":\"https:\\\/\\\/avoloi.fr\\\/blog\\\/extradition-procedure\\\/#primaryimage\"},\"thumbnailUrl\":\"https:\\\/\\\/avoloi.fr\\\/blog\\\/wp-content\\\/uploads\\\/2020\\\/11\\\/extradition_procedure.jpg\",\"keywords\":[\"crime\",\"d\u00e9lit\",\"extradition\",\"france\",\"p\u00e9nal\",\"proc\u00e9dure\"],\"articleSection\":[\"Droit p\u00e9nal\"],\"inLanguage\":\"fr-FR\",\"potentialAction\":[{\"@type\":\"CommentAction\",\"name\":\"Comment\",\"target\":[\"https:\\\/\\\/avoloi.fr\\\/blog\\\/extradition-procedure\\\/#respond\"]}]},{\"@type\":\"WebPage\",\"@id\":\"https:\\\/\\\/avoloi.fr\\\/blog\\\/extradition-procedure\\\/\",\"url\":\"https:\\\/\\\/avoloi.fr\\\/blog\\\/extradition-procedure\\\/\",\"name\":\"Extradition d\u2019une personne r\u00e9sidant en France | Conditions et proc\u00e9dure\",\"isPartOf\":{\"@id\":\"https:\\\/\\\/avoloi.fr\\\/blog\\\/#website\"},\"primaryImageOfPage\":{\"@id\":\"https:\\\/\\\/avoloi.fr\\\/blog\\\/extradition-procedure\\\/#primaryimage\"},\"image\":{\"@id\":\"https:\\\/\\\/avoloi.fr\\\/blog\\\/extradition-procedure\\\/#primaryimage\"},\"thumbnailUrl\":\"https:\\\/\\\/avoloi.fr\\\/blog\\\/wp-content\\\/uploads\\\/2020\\\/11\\\/extradition_procedure.jpg\",\"datePublished\":\"2020-11-30T09:57:00+00:00\",\"description\":\"L\u2019extradition est une proc\u00e9dure r\u00e9gie par les articles 696 et suivants du Code de proc\u00e9dure p\u00e9nale. D\u00e9couvrez tout ce qu'il faut savoir ...\",\"breadcrumb\":{\"@id\":\"https:\\\/\\\/avoloi.fr\\\/blog\\\/extradition-procedure\\\/#breadcrumb\"},\"inLanguage\":\"fr-FR\",\"potentialAction\":[{\"@type\":\"ReadAction\",\"target\":[\"https:\\\/\\\/avoloi.fr\\\/blog\\\/extradition-procedure\\\/\"]}]},{\"@type\":\"ImageObject\",\"inLanguage\":\"fr-FR\",\"@id\":\"https:\\\/\\\/avoloi.fr\\\/blog\\\/extradition-procedure\\\/#primaryimage\",\"url\":\"https:\\\/\\\/avoloi.fr\\\/blog\\\/wp-content\\\/uploads\\\/2020\\\/11\\\/extradition_procedure.jpg\",\"contentUrl\":\"https:\\\/\\\/avoloi.fr\\\/blog\\\/wp-content\\\/uploads\\\/2020\\\/11\\\/extradition_procedure.jpg\",\"width\":500,\"height\":333,\"caption\":\"extradition proc\u00e9dure\"},{\"@type\":\"BreadcrumbList\",\"@id\":\"https:\\\/\\\/avoloi.fr\\\/blog\\\/extradition-procedure\\\/#breadcrumb\",\"itemListElement\":[{\"@type\":\"ListItem\",\"position\":1,\"name\":\"Accueil\",\"item\":\"https:\\\/\\\/avoloi.fr\\\/blog\\\/\"},{\"@type\":\"ListItem\",\"position\":2,\"name\":\"Extradition d\u2019une personne r\u00e9sidant en France | Conditions et proc\u00e9dure\"}]},{\"@type\":\"WebSite\",\"@id\":\"https:\\\/\\\/avoloi.fr\\\/blog\\\/#website\",\"url\":\"https:\\\/\\\/avoloi.fr\\\/blog\\\/\",\"name\":\"Le blog Avoloi\",\"description\":\"\",\"publisher\":{\"@id\":\"https:\\\/\\\/avoloi.fr\\\/blog\\\/#organization\"},\"potentialAction\":[{\"@type\":\"SearchAction\",\"target\":{\"@type\":\"EntryPoint\",\"urlTemplate\":\"https:\\\/\\\/avoloi.fr\\\/blog\\\/?s={search_term_string}\"},\"query-input\":{\"@type\":\"PropertyValueSpecification\",\"valueRequired\":true,\"valueName\":\"search_term_string\"}}],\"inLanguage\":\"fr-FR\"},{\"@type\":\"Organization\",\"@id\":\"https:\\\/\\\/avoloi.fr\\\/blog\\\/#organization\",\"name\":\"Avoloi\",\"url\":\"https:\\\/\\\/avoloi.fr\\\/blog\\\/\",\"logo\":{\"@type\":\"ImageObject\",\"inLanguage\":\"fr-FR\",\"@id\":\"https:\\\/\\\/avoloi.fr\\\/blog\\\/#\\\/schema\\\/logo\\\/image\\\/\",\"url\":\"https:\\\/\\\/avoloi.fr\\\/blog\\\/wp-content\\\/uploads\\\/2022\\\/06\\\/avoloi_726x172.png\",\"contentUrl\":\"https:\\\/\\\/avoloi.fr\\\/blog\\\/wp-content\\\/uploads\\\/2022\\\/06\\\/avoloi_726x172.png\",\"width\":726,\"height\":172,\"caption\":\"Avoloi\"},\"image\":{\"@id\":\"https:\\\/\\\/avoloi.fr\\\/blog\\\/#\\\/schema\\\/logo\\\/image\\\/\"},\"sameAs\":[\"https:\\\/\\\/fr-fr.facebook.com\\\/avoloi\\\/\",\"https:\\\/\\\/x.com\\\/avoloi\",\"https:\\\/\\\/www.linkedin.com\\\/company\\\/11097274\\\/\",\"https:\\\/\\\/www.instagram.com\\\/avoloi\\\/\"]},{\"@type\":\"Person\",\"@id\":\"https:\\\/\\\/avoloi.fr\\\/blog\\\/#\\\/schema\\\/person\\\/23b73188a8a805006f016e2a3cb617b1\",\"name\":\"Avoloi\",\"image\":{\"@type\":\"ImageObject\",\"inLanguage\":\"fr-FR\",\"@id\":\"https:\\\/\\\/secure.gravatar.com\\\/avatar\\\/2ec2e99d2d37d9499d05c0d8442d636f63a751b8a8c16870416ac671c571f81d?s=96&d=mm&r=g\",\"url\":\"https:\\\/\\\/secure.gravatar.com\\\/avatar\\\/2ec2e99d2d37d9499d05c0d8442d636f63a751b8a8c16870416ac671c571f81d?s=96&d=mm&r=g\",\"contentUrl\":\"https:\\\/\\\/secure.gravatar.com\\\/avatar\\\/2ec2e99d2d37d9499d05c0d8442d636f63a751b8a8c16870416ac671c571f81d?s=96&d=mm&r=g\",\"caption\":\"Avoloi\"}}]}<\/script>\n<!-- \/ Yoast SEO plugin. -->","yoast_head_json":{"title":"Extradition d\u2019une personne r\u00e9sidant en France | Conditions et proc\u00e9dure","description":"L\u2019extradition est une proc\u00e9dure r\u00e9gie par les articles 696 et suivants du Code de proc\u00e9dure p\u00e9nale. D\u00e9couvrez tout ce qu'il faut savoir ...","robots":{"index":"index","follow":"follow","max-snippet":"max-snippet:-1","max-image-preview":"max-image-preview:large","max-video-preview":"max-video-preview:-1"},"canonical":"https:\/\/avoloi.fr\/blog\/extradition-procedure\/","og_locale":"fr_FR","og_type":"article","og_title":"Extradition d\u2019une personne r\u00e9sidant en France | Conditions et proc\u00e9dure","og_description":"L\u2019extradition est une proc\u00e9dure r\u00e9gie par les articles 696 et suivants du Code de proc\u00e9dure p\u00e9nale. D\u00e9couvrez tout ce qu'il faut savoir ...","og_url":"https:\/\/avoloi.fr\/blog\/extradition-procedure\/","og_site_name":"Le blog Avoloi","article_publisher":"https:\/\/fr-fr.facebook.com\/avoloi\/","article_published_time":"2020-11-30T09:57:00+00:00","og_image":[{"width":500,"height":333,"url":"https:\/\/avoloi.fr\/blog\/wp-content\/uploads\/2020\/11\/extradition_procedure.jpg","type":"image\/jpeg"}],"author":"Avoloi","twitter_card":"summary_large_image","twitter_creator":"@avoloi","twitter_site":"@avoloi","twitter_misc":{"\u00c9crit par":"Avoloi","Dur\u00e9e de lecture estim\u00e9e":"4 minutes"},"schema":{"@context":"https:\/\/schema.org","@graph":[{"@type":"Article","@id":"https:\/\/avoloi.fr\/blog\/extradition-procedure\/#article","isPartOf":{"@id":"https:\/\/avoloi.fr\/blog\/extradition-procedure\/"},"author":{"name":"Avoloi","@id":"https:\/\/avoloi.fr\/blog\/#\/schema\/person\/23b73188a8a805006f016e2a3cb617b1"},"headline":"Extradition d\u2019une personne r\u00e9sidant en France | Conditions et proc\u00e9dure","datePublished":"2020-11-30T09:57:00+00:00","mainEntityOfPage":{"@id":"https:\/\/avoloi.fr\/blog\/extradition-procedure\/"},"wordCount":869,"commentCount":0,"publisher":{"@id":"https:\/\/avoloi.fr\/blog\/#organization"},"image":{"@id":"https:\/\/avoloi.fr\/blog\/extradition-procedure\/#primaryimage"},"thumbnailUrl":"https:\/\/avoloi.fr\/blog\/wp-content\/uploads\/2020\/11\/extradition_procedure.jpg","keywords":["crime","d\u00e9lit","extradition","france","p\u00e9nal","proc\u00e9dure"],"articleSection":["Droit p\u00e9nal"],"inLanguage":"fr-FR","potentialAction":[{"@type":"CommentAction","name":"Comment","target":["https:\/\/avoloi.fr\/blog\/extradition-procedure\/#respond"]}]},{"@type":"WebPage","@id":"https:\/\/avoloi.fr\/blog\/extradition-procedure\/","url":"https:\/\/avoloi.fr\/blog\/extradition-procedure\/","name":"Extradition d\u2019une personne r\u00e9sidant en France | Conditions et proc\u00e9dure","isPartOf":{"@id":"https:\/\/avoloi.fr\/blog\/#website"},"primaryImageOfPage":{"@id":"https:\/\/avoloi.fr\/blog\/extradition-procedure\/#primaryimage"},"image":{"@id":"https:\/\/avoloi.fr\/blog\/extradition-procedure\/#primaryimage"},"thumbnailUrl":"https:\/\/avoloi.fr\/blog\/wp-content\/uploads\/2020\/11\/extradition_procedure.jpg","datePublished":"2020-11-30T09:57:00+00:00","description":"L\u2019extradition est une proc\u00e9dure r\u00e9gie par les articles 696 et suivants du Code de proc\u00e9dure p\u00e9nale. D\u00e9couvrez tout ce qu'il faut savoir ...","breadcrumb":{"@id":"https:\/\/avoloi.fr\/blog\/extradition-procedure\/#breadcrumb"},"inLanguage":"fr-FR","potentialAction":[{"@type":"ReadAction","target":["https:\/\/avoloi.fr\/blog\/extradition-procedure\/"]}]},{"@type":"ImageObject","inLanguage":"fr-FR","@id":"https:\/\/avoloi.fr\/blog\/extradition-procedure\/#primaryimage","url":"https:\/\/avoloi.fr\/blog\/wp-content\/uploads\/2020\/11\/extradition_procedure.jpg","contentUrl":"https:\/\/avoloi.fr\/blog\/wp-content\/uploads\/2020\/11\/extradition_procedure.jpg","width":500,"height":333,"caption":"extradition proc\u00e9dure"},{"@type":"BreadcrumbList","@id":"https:\/\/avoloi.fr\/blog\/extradition-procedure\/#breadcrumb","itemListElement":[{"@type":"ListItem","position":1,"name":"Accueil","item":"https:\/\/avoloi.fr\/blog\/"},{"@type":"ListItem","position":2,"name":"Extradition d\u2019une personne r\u00e9sidant en France | Conditions et proc\u00e9dure"}]},{"@type":"WebSite","@id":"https:\/\/avoloi.fr\/blog\/#website","url":"https:\/\/avoloi.fr\/blog\/","name":"Le blog Avoloi","description":"","publisher":{"@id":"https:\/\/avoloi.fr\/blog\/#organization"},"potentialAction":[{"@type":"SearchAction","target":{"@type":"EntryPoint","urlTemplate":"https:\/\/avoloi.fr\/blog\/?s={search_term_string}"},"query-input":{"@type":"PropertyValueSpecification","valueRequired":true,"valueName":"search_term_string"}}],"inLanguage":"fr-FR"},{"@type":"Organization","@id":"https:\/\/avoloi.fr\/blog\/#organization","name":"Avoloi","url":"https:\/\/avoloi.fr\/blog\/","logo":{"@type":"ImageObject","inLanguage":"fr-FR","@id":"https:\/\/avoloi.fr\/blog\/#\/schema\/logo\/image\/","url":"https:\/\/avoloi.fr\/blog\/wp-content\/uploads\/2022\/06\/avoloi_726x172.png","contentUrl":"https:\/\/avoloi.fr\/blog\/wp-content\/uploads\/2022\/06\/avoloi_726x172.png","width":726,"height":172,"caption":"Avoloi"},"image":{"@id":"https:\/\/avoloi.fr\/blog\/#\/schema\/logo\/image\/"},"sameAs":["https:\/\/fr-fr.facebook.com\/avoloi\/","https:\/\/x.com\/avoloi","https:\/\/www.linkedin.com\/company\/11097274\/","https:\/\/www.instagram.com\/avoloi\/"]},{"@type":"Person","@id":"https:\/\/avoloi.fr\/blog\/#\/schema\/person\/23b73188a8a805006f016e2a3cb617b1","name":"Avoloi","image":{"@type":"ImageObject","inLanguage":"fr-FR","@id":"https:\/\/secure.gravatar.com\/avatar\/2ec2e99d2d37d9499d05c0d8442d636f63a751b8a8c16870416ac671c571f81d?s=96&d=mm&r=g","url":"https:\/\/secure.gravatar.com\/avatar\/2ec2e99d2d37d9499d05c0d8442d636f63a751b8a8c16870416ac671c571f81d?s=96&d=mm&r=g","contentUrl":"https:\/\/secure.gravatar.com\/avatar\/2ec2e99d2d37d9499d05c0d8442d636f63a751b8a8c16870416ac671c571f81d?s=96&d=mm&r=g","caption":"Avoloi"}}]}},"_links":{"self":[{"href":"https:\/\/avoloi.fr\/blog\/wp-json\/wp\/v2\/posts\/20397","targetHints":{"allow":["GET"]}}],"collection":[{"href":"https:\/\/avoloi.fr\/blog\/wp-json\/wp\/v2\/posts"}],"about":[{"href":"https:\/\/avoloi.fr\/blog\/wp-json\/wp\/v2\/types\/post"}],"author":[{"embeddable":true,"href":"https:\/\/avoloi.fr\/blog\/wp-json\/wp\/v2\/users\/2"}],"replies":[{"embeddable":true,"href":"https:\/\/avoloi.fr\/blog\/wp-json\/wp\/v2\/comments?post=20397"}],"version-history":[{"count":0,"href":"https:\/\/avoloi.fr\/blog\/wp-json\/wp\/v2\/posts\/20397\/revisions"}],"wp:featuredmedia":[{"embeddable":true,"href":"https:\/\/avoloi.fr\/blog\/wp-json\/wp\/v2\/media\/20398"}],"wp:attachment":[{"href":"https:\/\/avoloi.fr\/blog\/wp-json\/wp\/v2\/media?parent=20397"}],"wp:term":[{"taxonomy":"category","embeddable":true,"href":"https:\/\/avoloi.fr\/blog\/wp-json\/wp\/v2\/categories?post=20397"},{"taxonomy":"post_tag","embeddable":true,"href":"https:\/\/avoloi.fr\/blog\/wp-json\/wp\/v2\/tags?post=20397"}],"curies":[{"name":"wp","href":"https:\/\/api.w.org\/{rel}","templated":true}]}}