{"id":20235,"date":"2020-10-31T15:05:00","date_gmt":"2020-10-31T14:05:00","guid":{"rendered":"https:\/\/avoloi.eu\/?p=20235"},"modified":"2020-10-31T15:05:00","modified_gmt":"2020-10-31T14:05:00","slug":"violences-conjugales-reforme","status":"publish","type":"post","link":"https:\/\/avoloi.fr\/blog\/violences-conjugales-reforme\/","title":{"rendered":"Violences conjugales | La r\u00e9forme"},"content":{"rendered":"<p style=\"text-align: justify\">En France, plus de 220.000 femmes par an sont victimes de violences et pr\u00e8s de 170.000 enfants assistent \u00e0 celles-ci. Il \u00e9tait urgent de prendre des mesures de protection efficaces pour lutter contre ces actes de violence. C\u2019est d\u00e9sormais le cas avec <a href=\"https:\/\/www.legifrance.gouv.fr\/jorf\/id\/JORFTEXT000042176652\/\" target=\"_blank\" rel=\"nofollow noopener noreferrer\">la loi n\u00b02020-936 du 30 juillet 2020<\/a>. Zoom sur les mesures fortes de ce texte.<\/p>\n<h2 style=\"text-align: justify\"><strong>Protection des victimes de violences conjugales<\/strong><\/h2>\n<p style=\"text-align: justify\">La loi n\u00b02019-1480 du 28 d\u00e9cembre 2019 est relative \u00e0 la lutte contre les violences faites aux femmes. Elle pr\u00e9voyait d\u00e9j\u00e0 la mise en place de nombreuses dispositions pour en assurer la s\u00e9curit\u00e9. Mais, en pratique, certaines mesures \u00e9taient difficiles \u00e0 mettre en \u0153uvre. C&rsquo;est notamment le cas pour les modification des modalit\u00e9s d\u2019exercice de l\u2019autorit\u00e9 parentale ou les ordonnances de protection. Les situations de violence ont consid\u00e9rablement accru durant le confinement mis en \u0153uvre en mars 2020. Cette situation a mis en \u00e9vidence l\u2019insuffisance de ce dispositif. Le l\u00e9gislateur a donc adopt\u00e9 la loi du 30 juillet afin d\u2019apporter une meilleure protection aux victimes de violences conjugales.<\/p>\n<h2 style=\"text-align: justify\"><strong>Attribution du logement conjugal \u00e0 la victime de violence<\/strong><\/h2>\n<p style=\"text-align: justify\">Le Code civil a \u00e9t\u00e9 modifi\u00e9 en son <a href=\"https:\/\/www.legifrance.gouv.fr\/codes\/article_lc\/LEGIARTI000042193441\/2020-08-01\" target=\"_blank\" rel=\"nofollow noopener noreferrer\">article 515-11.<\/a> La victime de violences peut d\u00e9sormais obtenir la jouissance prioritaire du logement conjugal. Elle peut en faire la demande alors m\u00eame qu\u2019elle b\u00e9n\u00e9ficie d\u2019une solution d&rsquo;h\u00e9bergement d\u2019urgence. Toute les situations maritales sont concern\u00e9es : concubinage, PACS ou mariage.<\/p>\n<h2 style=\"text-align: justify\"><strong>Suspension du droit de visite et d\u2019h\u00e9bergement<\/strong><\/h2>\n<p style=\"text-align: justify\">Lorsque le parent, titulaire d&rsquo;un droit de visite et d&rsquo;h\u00e9bergement de l&rsquo;enfant mineur, est mis en examen, le juge d\u2019instruction ou le juge des libert\u00e9s se prononce sur la suspension de son droit. Il peut ainsi prononcer la suspension automatique provisoire de l\u2019exercice de l\u2019autorit\u00e9 parentale. C&rsquo;est \u00e9galement le cas pour le <a href=\"https:\/\/avoloi.eu\/tag\/droit-de-visite\/\">droit de visite<\/a> et d\u2019h\u00e9bergement. Cette suspension est r\u00e9alis\u00e9e \u00e0 l&rsquo;\u00e9gard du parent qui encourt une peine d&#8217;emprisonnement correctionnel ou une peine plus grave.<\/p>\n<h2 style=\"text-align: justify\"><strong>R\u00e9forme de la m\u00e9diation<\/strong><\/h2>\n<p style=\"text-align: justify\">Les articles 255 et 373-2-10 du Code civil sont \u00e9galement modifi\u00e9s concernant la <a href=\"https:\/\/avoloi.eu\/tag\/mediation\/\">m\u00e9diation<\/a>. Elle ne peut d\u00e9sormais avoir lieu dans les affaires faisant \u00e9tat de violences exerc\u00e9es envers l\u2019un des \u00e9poux ou l\u2019enfant. Il en est de m\u00eame lorsque la situation laisse apparaitre l\u2019emprise psychologique av\u00e9r\u00e9e de l\u2019un des parents. La loi modifie \u00e9galement l\u2019article 41-1 du Code de proc\u00e9dure p\u00e9nale pour exclure toute mission de m\u00e9diation dans ces situations. Ainsi, la m\u00e9diation p\u00e9nale est \u00e9cart\u00e9e de plein droit lorsque la situation pr\u00e9sente des faits de violence au sein du couple.<\/p>\n<h2 style=\"text-align: justify\"><strong>Interdiction renforc\u00e9e de s\u2019approcher de la victime : bracelet \u00e9lectronique<\/strong><\/h2>\n<p style=\"text-align: justify\">La loi du 30 juillet 2020 renforce la protection physique de la victime de violences conjugales en modifiant le texte de l\u2019article 515-11-1 du Code civil. Le juge aux affaires familiales peut ainsi prononcer une interdiction d\u2019approcher la victime dans un rayon d\u00e9termin\u00e9 et ordonner le port d\u2019un bracelet anti-rapprochement. La mise en place de ce dispositif \u00e9lectronique mobile n\u00e9cessite de recueillir le consentement des deux parties et d&rsquo;\u00e9quiper chacune d&rsquo;elles. En cas de refus du d\u00e9fendant faisant obstacle au prononc\u00e9 de cette mesure, le procureur de la R\u00e9publique en est imm\u00e9diatement inform\u00e9.<\/p>\n<h2 style=\"text-align: justify\">V<strong>iolation du secret m\u00e9dical pour la protection des victimes de violence conjugales&nbsp;<\/strong><\/h2>\n<p style=\"text-align: justify\">La loi nouvelle autorise le m\u00e9decin ou tout autre professionnel de sant\u00e9 \u00e0 violer le secret professionnel pour signaler au procureur de la R\u00e9publique une situation faisant \u00e9tat de violences exerc\u00e9es au sein du couple, s\u2019il estime que celles-ci mettent en danger imm\u00e9diat la vie de la victime majeure. Le m\u00e9decin doit n\u00e9anmoins tenter d&rsquo;obtenir l&rsquo;accord de la victime et l&rsquo;informer du signalement ainsi r\u00e9alis\u00e9.<\/p>\n<h2 style=\"text-align: justify\"><strong>Renforcement des sanctions p\u00e9nales<\/strong><\/h2>\n<p style=\"text-align: justify\">Certaines sanctions p\u00e9nales ont \u00e9t\u00e9 alourdies afin d&rsquo;assurer une meilleure protection aux victimes. Ainsi, le d\u00e9lit de <a href=\"https:\/\/avoloi.eu\/tag\/harcelement\/\">harc\u00e8lement<\/a> moral au sein du couple pr\u00e9vu aux articles 222-33-2-1 et suivants du Code p\u00e9nal est d\u00e9sormais puni de dix ans de prison et 150.000 \u20ac d\u2019amende lorsque le harc\u00e8lement conduit la victime au suicide ou \u00e0 la tentative de suicide. Concernant la protection des mineurs, dans le cas de violences sexuelles, la peine et l\u2019amende pr\u00e9vues \u00e0 l\u2019article 227-23 du Code p\u00e9nal ont ainsi \u00e9t\u00e9 port\u00e9es \u00e0 cinq ans de prison et 75.000 \u20ac d\u2019amende.<\/p>\n","protected":false},"excerpt":{"rendered":"<p>En France, plus de 220.000 femmes par an sont victimes de violences et pr\u00e8s de 170.000 enfants assistent \u00e0 celles-ci&#8230;<\/p>\n","protected":false},"author":2,"featured_media":20422,"comment_status":"open","ping_status":"closed","sticky":false,"template":"","format":"standard","meta":{"footnotes":""},"categories":[35],"tags":[174,462,325,417,37,203,291,230],"class_list":["post-20235","post","type-post","status-publish","format-standard","has-post-thumbnail","hentry","category-droit-penal","tag-droit-de-visite","tag-garde","tag-hebergement","tag-mediation","tag-penal","tag-sanction","tag-violence","tag-violence-conjugale"],"yoast_head":"<!-- This site is optimized with the Yoast SEO plugin v27.4 - https:\/\/yoast.com\/product\/yoast-seo-wordpress\/ -->\n<title>Violences conjugales | La r\u00e9forme - Le blog Avoloi<\/title>\n<meta name=\"description\" content=\"La loi de juillet 2020 r\u00e9forme le cadre l\u00e9gislatif des violences conjugales. Quelles sont les modifications ? D\u00e9couvrez les grandes lignes ...\" \/>\n<meta name=\"robots\" content=\"index, follow, max-snippet:-1, max-image-preview:large, max-video-preview:-1\" \/>\n<link rel=\"canonical\" href=\"https:\/\/avoloi.fr\/blog\/violences-conjugales-reforme\/\" \/>\n<meta property=\"og:locale\" content=\"fr_FR\" \/>\n<meta property=\"og:type\" content=\"article\" \/>\n<meta property=\"og:title\" content=\"Violences conjugales | La r\u00e9forme - Le blog Avoloi\" \/>\n<meta property=\"og:description\" content=\"La loi de juillet 2020 r\u00e9forme le cadre l\u00e9gislatif des violences conjugales. Quelles sont les modifications ? D\u00e9couvrez les grandes lignes ...\" \/>\n<meta property=\"og:url\" content=\"https:\/\/avoloi.fr\/blog\/violences-conjugales-reforme\/\" \/>\n<meta property=\"og:site_name\" content=\"Le blog Avoloi\" \/>\n<meta property=\"article:publisher\" content=\"https:\/\/fr-fr.facebook.com\/avoloi\/\" \/>\n<meta property=\"article:published_time\" content=\"2020-10-31T14:05:00+00:00\" \/>\n<meta property=\"og:image\" content=\"https:\/\/avoloi.fr\/blog\/wp-content\/uploads\/2020\/10\/violence-conjugale.jpg\" \/>\n\t<meta property=\"og:image:width\" content=\"500\" \/>\n\t<meta property=\"og:image:height\" content=\"333\" \/>\n\t<meta property=\"og:image:type\" content=\"image\/jpeg\" \/>\n<meta name=\"author\" content=\"Avoloi\" \/>\n<meta name=\"twitter:card\" content=\"summary_large_image\" \/>\n<meta name=\"twitter:creator\" content=\"@avoloi\" \/>\n<meta name=\"twitter:site\" content=\"@avoloi\" \/>\n<meta name=\"twitter:label1\" content=\"\u00c9crit par\" \/>\n\t<meta name=\"twitter:data1\" content=\"Avoloi\" \/>\n\t<meta name=\"twitter:label2\" content=\"Dur\u00e9e de lecture estim\u00e9e\" \/>\n\t<meta name=\"twitter:data2\" content=\"4 minutes\" \/>\n<script type=\"application\/ld+json\" class=\"yoast-schema-graph\">{\"@context\":\"https:\\\/\\\/schema.org\",\"@graph\":[{\"@type\":\"Article\",\"@id\":\"https:\\\/\\\/avoloi.fr\\\/blog\\\/violences-conjugales-reforme\\\/#article\",\"isPartOf\":{\"@id\":\"https:\\\/\\\/avoloi.fr\\\/blog\\\/violences-conjugales-reforme\\\/\"},\"author\":{\"name\":\"Avoloi\",\"@id\":\"https:\\\/\\\/avoloi.fr\\\/blog\\\/#\\\/schema\\\/person\\\/23b73188a8a805006f016e2a3cb617b1\"},\"headline\":\"Violences conjugales | La r\u00e9forme\",\"datePublished\":\"2020-10-31T14:05:00+00:00\",\"mainEntityOfPage\":{\"@id\":\"https:\\\/\\\/avoloi.fr\\\/blog\\\/violences-conjugales-reforme\\\/\"},\"wordCount\":773,\"commentCount\":0,\"publisher\":{\"@id\":\"https:\\\/\\\/avoloi.fr\\\/blog\\\/#organization\"},\"image\":{\"@id\":\"https:\\\/\\\/avoloi.fr\\\/blog\\\/violences-conjugales-reforme\\\/#primaryimage\"},\"thumbnailUrl\":\"https:\\\/\\\/avoloi.fr\\\/blog\\\/wp-content\\\/uploads\\\/2020\\\/10\\\/violence-conjugale.jpg\",\"keywords\":[\"droit de visite\",\"garde\",\"h\u00e9bergement\",\"m\u00e9diation\",\"p\u00e9nal\",\"sanction\",\"violence\",\"violence conjugale\"],\"articleSection\":[\"Droit p\u00e9nal\"],\"inLanguage\":\"fr-FR\",\"potentialAction\":[{\"@type\":\"CommentAction\",\"name\":\"Comment\",\"target\":[\"https:\\\/\\\/avoloi.fr\\\/blog\\\/violences-conjugales-reforme\\\/#respond\"]}]},{\"@type\":\"WebPage\",\"@id\":\"https:\\\/\\\/avoloi.fr\\\/blog\\\/violences-conjugales-reforme\\\/\",\"url\":\"https:\\\/\\\/avoloi.fr\\\/blog\\\/violences-conjugales-reforme\\\/\",\"name\":\"Violences conjugales | La r\u00e9forme - Le blog Avoloi\",\"isPartOf\":{\"@id\":\"https:\\\/\\\/avoloi.fr\\\/blog\\\/#website\"},\"primaryImageOfPage\":{\"@id\":\"https:\\\/\\\/avoloi.fr\\\/blog\\\/violences-conjugales-reforme\\\/#primaryimage\"},\"image\":{\"@id\":\"https:\\\/\\\/avoloi.fr\\\/blog\\\/violences-conjugales-reforme\\\/#primaryimage\"},\"thumbnailUrl\":\"https:\\\/\\\/avoloi.fr\\\/blog\\\/wp-content\\\/uploads\\\/2020\\\/10\\\/violence-conjugale.jpg\",\"datePublished\":\"2020-10-31T14:05:00+00:00\",\"description\":\"La loi de juillet 2020 r\u00e9forme le cadre l\u00e9gislatif des violences conjugales. Quelles sont les modifications ? D\u00e9couvrez les grandes lignes ...\",\"breadcrumb\":{\"@id\":\"https:\\\/\\\/avoloi.fr\\\/blog\\\/violences-conjugales-reforme\\\/#breadcrumb\"},\"inLanguage\":\"fr-FR\",\"potentialAction\":[{\"@type\":\"ReadAction\",\"target\":[\"https:\\\/\\\/avoloi.fr\\\/blog\\\/violences-conjugales-reforme\\\/\"]}]},{\"@type\":\"ImageObject\",\"inLanguage\":\"fr-FR\",\"@id\":\"https:\\\/\\\/avoloi.fr\\\/blog\\\/violences-conjugales-reforme\\\/#primaryimage\",\"url\":\"https:\\\/\\\/avoloi.fr\\\/blog\\\/wp-content\\\/uploads\\\/2020\\\/10\\\/violence-conjugale.jpg\",\"contentUrl\":\"https:\\\/\\\/avoloi.fr\\\/blog\\\/wp-content\\\/uploads\\\/2020\\\/10\\\/violence-conjugale.jpg\",\"width\":500,\"height\":333,\"caption\":\"violence conjugale\"},{\"@type\":\"BreadcrumbList\",\"@id\":\"https:\\\/\\\/avoloi.fr\\\/blog\\\/violences-conjugales-reforme\\\/#breadcrumb\",\"itemListElement\":[{\"@type\":\"ListItem\",\"position\":1,\"name\":\"Accueil\",\"item\":\"https:\\\/\\\/avoloi.fr\\\/blog\\\/\"},{\"@type\":\"ListItem\",\"position\":2,\"name\":\"Violences conjugales | La r\u00e9forme\"}]},{\"@type\":\"WebSite\",\"@id\":\"https:\\\/\\\/avoloi.fr\\\/blog\\\/#website\",\"url\":\"https:\\\/\\\/avoloi.fr\\\/blog\\\/\",\"name\":\"Le blog Avoloi\",\"description\":\"\",\"publisher\":{\"@id\":\"https:\\\/\\\/avoloi.fr\\\/blog\\\/#organization\"},\"potentialAction\":[{\"@type\":\"SearchAction\",\"target\":{\"@type\":\"EntryPoint\",\"urlTemplate\":\"https:\\\/\\\/avoloi.fr\\\/blog\\\/?s={search_term_string}\"},\"query-input\":{\"@type\":\"PropertyValueSpecification\",\"valueRequired\":true,\"valueName\":\"search_term_string\"}}],\"inLanguage\":\"fr-FR\"},{\"@type\":\"Organization\",\"@id\":\"https:\\\/\\\/avoloi.fr\\\/blog\\\/#organization\",\"name\":\"Avoloi\",\"url\":\"https:\\\/\\\/avoloi.fr\\\/blog\\\/\",\"logo\":{\"@type\":\"ImageObject\",\"inLanguage\":\"fr-FR\",\"@id\":\"https:\\\/\\\/avoloi.fr\\\/blog\\\/#\\\/schema\\\/logo\\\/image\\\/\",\"url\":\"https:\\\/\\\/avoloi.fr\\\/blog\\\/wp-content\\\/uploads\\\/2022\\\/06\\\/avoloi_726x172.png\",\"contentUrl\":\"https:\\\/\\\/avoloi.fr\\\/blog\\\/wp-content\\\/uploads\\\/2022\\\/06\\\/avoloi_726x172.png\",\"width\":726,\"height\":172,\"caption\":\"Avoloi\"},\"image\":{\"@id\":\"https:\\\/\\\/avoloi.fr\\\/blog\\\/#\\\/schema\\\/logo\\\/image\\\/\"},\"sameAs\":[\"https:\\\/\\\/fr-fr.facebook.com\\\/avoloi\\\/\",\"https:\\\/\\\/x.com\\\/avoloi\",\"https:\\\/\\\/www.linkedin.com\\\/company\\\/11097274\\\/\",\"https:\\\/\\\/www.instagram.com\\\/avoloi\\\/\"]},{\"@type\":\"Person\",\"@id\":\"https:\\\/\\\/avoloi.fr\\\/blog\\\/#\\\/schema\\\/person\\\/23b73188a8a805006f016e2a3cb617b1\",\"name\":\"Avoloi\",\"image\":{\"@type\":\"ImageObject\",\"inLanguage\":\"fr-FR\",\"@id\":\"https:\\\/\\\/secure.gravatar.com\\\/avatar\\\/2ec2e99d2d37d9499d05c0d8442d636f63a751b8a8c16870416ac671c571f81d?s=96&d=mm&r=g\",\"url\":\"https:\\\/\\\/secure.gravatar.com\\\/avatar\\\/2ec2e99d2d37d9499d05c0d8442d636f63a751b8a8c16870416ac671c571f81d?s=96&d=mm&r=g\",\"contentUrl\":\"https:\\\/\\\/secure.gravatar.com\\\/avatar\\\/2ec2e99d2d37d9499d05c0d8442d636f63a751b8a8c16870416ac671c571f81d?s=96&d=mm&r=g\",\"caption\":\"Avoloi\"}}]}<\/script>\n<!-- \/ Yoast SEO plugin. -->","yoast_head_json":{"title":"Violences conjugales | La r\u00e9forme - Le blog Avoloi","description":"La loi de juillet 2020 r\u00e9forme le cadre l\u00e9gislatif des violences conjugales. Quelles sont les modifications ? D\u00e9couvrez les grandes lignes ...","robots":{"index":"index","follow":"follow","max-snippet":"max-snippet:-1","max-image-preview":"max-image-preview:large","max-video-preview":"max-video-preview:-1"},"canonical":"https:\/\/avoloi.fr\/blog\/violences-conjugales-reforme\/","og_locale":"fr_FR","og_type":"article","og_title":"Violences conjugales | La r\u00e9forme - Le blog Avoloi","og_description":"La loi de juillet 2020 r\u00e9forme le cadre l\u00e9gislatif des violences conjugales. Quelles sont les modifications ? D\u00e9couvrez les grandes lignes ...","og_url":"https:\/\/avoloi.fr\/blog\/violences-conjugales-reforme\/","og_site_name":"Le blog Avoloi","article_publisher":"https:\/\/fr-fr.facebook.com\/avoloi\/","article_published_time":"2020-10-31T14:05:00+00:00","og_image":[{"width":500,"height":333,"url":"https:\/\/avoloi.fr\/blog\/wp-content\/uploads\/2020\/10\/violence-conjugale.jpg","type":"image\/jpeg"}],"author":"Avoloi","twitter_card":"summary_large_image","twitter_creator":"@avoloi","twitter_site":"@avoloi","twitter_misc":{"\u00c9crit par":"Avoloi","Dur\u00e9e de lecture estim\u00e9e":"4 minutes"},"schema":{"@context":"https:\/\/schema.org","@graph":[{"@type":"Article","@id":"https:\/\/avoloi.fr\/blog\/violences-conjugales-reforme\/#article","isPartOf":{"@id":"https:\/\/avoloi.fr\/blog\/violences-conjugales-reforme\/"},"author":{"name":"Avoloi","@id":"https:\/\/avoloi.fr\/blog\/#\/schema\/person\/23b73188a8a805006f016e2a3cb617b1"},"headline":"Violences conjugales | La r\u00e9forme","datePublished":"2020-10-31T14:05:00+00:00","mainEntityOfPage":{"@id":"https:\/\/avoloi.fr\/blog\/violences-conjugales-reforme\/"},"wordCount":773,"commentCount":0,"publisher":{"@id":"https:\/\/avoloi.fr\/blog\/#organization"},"image":{"@id":"https:\/\/avoloi.fr\/blog\/violences-conjugales-reforme\/#primaryimage"},"thumbnailUrl":"https:\/\/avoloi.fr\/blog\/wp-content\/uploads\/2020\/10\/violence-conjugale.jpg","keywords":["droit de visite","garde","h\u00e9bergement","m\u00e9diation","p\u00e9nal","sanction","violence","violence conjugale"],"articleSection":["Droit p\u00e9nal"],"inLanguage":"fr-FR","potentialAction":[{"@type":"CommentAction","name":"Comment","target":["https:\/\/avoloi.fr\/blog\/violences-conjugales-reforme\/#respond"]}]},{"@type":"WebPage","@id":"https:\/\/avoloi.fr\/blog\/violences-conjugales-reforme\/","url":"https:\/\/avoloi.fr\/blog\/violences-conjugales-reforme\/","name":"Violences conjugales | La r\u00e9forme - Le blog Avoloi","isPartOf":{"@id":"https:\/\/avoloi.fr\/blog\/#website"},"primaryImageOfPage":{"@id":"https:\/\/avoloi.fr\/blog\/violences-conjugales-reforme\/#primaryimage"},"image":{"@id":"https:\/\/avoloi.fr\/blog\/violences-conjugales-reforme\/#primaryimage"},"thumbnailUrl":"https:\/\/avoloi.fr\/blog\/wp-content\/uploads\/2020\/10\/violence-conjugale.jpg","datePublished":"2020-10-31T14:05:00+00:00","description":"La loi de juillet 2020 r\u00e9forme le cadre l\u00e9gislatif des violences conjugales. Quelles sont les modifications ? D\u00e9couvrez les grandes lignes ...","breadcrumb":{"@id":"https:\/\/avoloi.fr\/blog\/violences-conjugales-reforme\/#breadcrumb"},"inLanguage":"fr-FR","potentialAction":[{"@type":"ReadAction","target":["https:\/\/avoloi.fr\/blog\/violences-conjugales-reforme\/"]}]},{"@type":"ImageObject","inLanguage":"fr-FR","@id":"https:\/\/avoloi.fr\/blog\/violences-conjugales-reforme\/#primaryimage","url":"https:\/\/avoloi.fr\/blog\/wp-content\/uploads\/2020\/10\/violence-conjugale.jpg","contentUrl":"https:\/\/avoloi.fr\/blog\/wp-content\/uploads\/2020\/10\/violence-conjugale.jpg","width":500,"height":333,"caption":"violence conjugale"},{"@type":"BreadcrumbList","@id":"https:\/\/avoloi.fr\/blog\/violences-conjugales-reforme\/#breadcrumb","itemListElement":[{"@type":"ListItem","position":1,"name":"Accueil","item":"https:\/\/avoloi.fr\/blog\/"},{"@type":"ListItem","position":2,"name":"Violences conjugales | La r\u00e9forme"}]},{"@type":"WebSite","@id":"https:\/\/avoloi.fr\/blog\/#website","url":"https:\/\/avoloi.fr\/blog\/","name":"Le blog Avoloi","description":"","publisher":{"@id":"https:\/\/avoloi.fr\/blog\/#organization"},"potentialAction":[{"@type":"SearchAction","target":{"@type":"EntryPoint","urlTemplate":"https:\/\/avoloi.fr\/blog\/?s={search_term_string}"},"query-input":{"@type":"PropertyValueSpecification","valueRequired":true,"valueName":"search_term_string"}}],"inLanguage":"fr-FR"},{"@type":"Organization","@id":"https:\/\/avoloi.fr\/blog\/#organization","name":"Avoloi","url":"https:\/\/avoloi.fr\/blog\/","logo":{"@type":"ImageObject","inLanguage":"fr-FR","@id":"https:\/\/avoloi.fr\/blog\/#\/schema\/logo\/image\/","url":"https:\/\/avoloi.fr\/blog\/wp-content\/uploads\/2022\/06\/avoloi_726x172.png","contentUrl":"https:\/\/avoloi.fr\/blog\/wp-content\/uploads\/2022\/06\/avoloi_726x172.png","width":726,"height":172,"caption":"Avoloi"},"image":{"@id":"https:\/\/avoloi.fr\/blog\/#\/schema\/logo\/image\/"},"sameAs":["https:\/\/fr-fr.facebook.com\/avoloi\/","https:\/\/x.com\/avoloi","https:\/\/www.linkedin.com\/company\/11097274\/","https:\/\/www.instagram.com\/avoloi\/"]},{"@type":"Person","@id":"https:\/\/avoloi.fr\/blog\/#\/schema\/person\/23b73188a8a805006f016e2a3cb617b1","name":"Avoloi","image":{"@type":"ImageObject","inLanguage":"fr-FR","@id":"https:\/\/secure.gravatar.com\/avatar\/2ec2e99d2d37d9499d05c0d8442d636f63a751b8a8c16870416ac671c571f81d?s=96&d=mm&r=g","url":"https:\/\/secure.gravatar.com\/avatar\/2ec2e99d2d37d9499d05c0d8442d636f63a751b8a8c16870416ac671c571f81d?s=96&d=mm&r=g","contentUrl":"https:\/\/secure.gravatar.com\/avatar\/2ec2e99d2d37d9499d05c0d8442d636f63a751b8a8c16870416ac671c571f81d?s=96&d=mm&r=g","caption":"Avoloi"}}]}},"_links":{"self":[{"href":"https:\/\/avoloi.fr\/blog\/wp-json\/wp\/v2\/posts\/20235","targetHints":{"allow":["GET"]}}],"collection":[{"href":"https:\/\/avoloi.fr\/blog\/wp-json\/wp\/v2\/posts"}],"about":[{"href":"https:\/\/avoloi.fr\/blog\/wp-json\/wp\/v2\/types\/post"}],"author":[{"embeddable":true,"href":"https:\/\/avoloi.fr\/blog\/wp-json\/wp\/v2\/users\/2"}],"replies":[{"embeddable":true,"href":"https:\/\/avoloi.fr\/blog\/wp-json\/wp\/v2\/comments?post=20235"}],"version-history":[{"count":0,"href":"https:\/\/avoloi.fr\/blog\/wp-json\/wp\/v2\/posts\/20235\/revisions"}],"wp:featuredmedia":[{"embeddable":true,"href":"https:\/\/avoloi.fr\/blog\/wp-json\/wp\/v2\/media\/20422"}],"wp:attachment":[{"href":"https:\/\/avoloi.fr\/blog\/wp-json\/wp\/v2\/media?parent=20235"}],"wp:term":[{"taxonomy":"category","embeddable":true,"href":"https:\/\/avoloi.fr\/blog\/wp-json\/wp\/v2\/categories?post=20235"},{"taxonomy":"post_tag","embeddable":true,"href":"https:\/\/avoloi.fr\/blog\/wp-json\/wp\/v2\/tags?post=20235"}],"curies":[{"name":"wp","href":"https:\/\/api.w.org\/{rel}","templated":true}]}}