{"id":19386,"date":"2020-09-11T13:18:00","date_gmt":"2020-09-11T13:18:00","guid":{"rendered":"https:\/\/avoloi.eu\/?p=19386"},"modified":"2020-09-11T13:18:00","modified_gmt":"2020-09-11T13:18:00","slug":"dictionnaire-droits-enfant","status":"publish","type":"post","link":"https:\/\/avoloi.fr\/blog\/dictionnaire-droits-enfant\/","title":{"rendered":"Le dictionnaire des droits de l&rsquo;enfant : une cons\u00e9cration de A \u00e0 Z"},"content":{"rendered":"<p style=\"text-align: justify;\">La Convention internationale des droits de l&rsquo;enfant (<a href=\"https:\/\/avoloi.eu\/tag\/cide\/\">CIDE<\/a>) a marqu\u00e9 un tournant dans la reconnaissance juridique des mineurs. Apr\u00e8s plus de 30 ans, le combat continue avec la cr\u00e9ation en 2019 du <em>Dictionnaire des droits de l&rsquo;enfant<\/em>.<\/p>\n<p style=\"text-align: justify;\">Cr\u00e9\u00e9 par la juriste suisse Marie-Fran\u00e7oise L\u00fccker-Babel, ce dictionnaire consacre un r\u00e9pertoire entier aux droits de l&rsquo;enfant \u00e0 l&rsquo;usage des mineurs. Pour l&rsquo;autrice, la conception d&rsquo;un dictionnaire attribue \u00e0 l&rsquo;enfant un statut essentiel \u00e0 son \u00e9volution dans la soci\u00e9t\u00e9. Celui de \u00ab\u00a0<em>murs porteurs<\/em>\u00a0\u00bb d&rsquo;une soci\u00e9t\u00e9 future fond\u00e9e sur le respect de chaque \u00eatre humain.<\/p>\n<p style=\"text-align: justify;\">Ce dictionnaire est donc \u00e9minemment \u00e9ducatif. Il a pour ambition de former des g\u00e9n\u00e9rations futures qui ont pleinement conscience de leur potentiel et de leur valeur intrins\u00e8que. Portrait d&rsquo;une femme exceptionnelle qui a toujours plac\u00e9 l&rsquo;enfant au c\u0153ur de ses pr\u00e9occupations.<\/p>\n<h2 style=\"text-align: justify;\"><strong>Le dictionnaire des enfants : un ouvrage p\u00e9dagogique<\/strong><\/h2>\n<p style=\"text-align: justify;\">Illustr\u00e9 de mani\u00e8re ludique par <a href=\"https:\/\/www.paulinekerleroux.net\/\" target=\"_blank\" rel=\"nofollow noopener noreferrer\">Pauline Kerleroux<\/a>, le <em>Dictionnaire des droits de l&rsquo;enfant<\/em> explique 580 d\u00e9finitions touchant diff\u00e9rents domaines.<\/p>\n<p style=\"text-align: justify;\">Ainsi, diff\u00e9rents th\u00e8mes sont abord\u00e9s :<\/p>\n<ul>\n<li style=\"text-align: justify;\">l&rsquo;\u00e9galit\u00e9, la famille,<\/li>\n<li style=\"text-align: justify;\">le d\u00e9veloppement durable,<\/li>\n<li style=\"text-align: justify;\">ou encore la protection des donn\u00e9es personnelles &#8230;<\/li>\n<\/ul>\n<p style=\"text-align: justify;\">Cet ouvrage a \u00e9t\u00e9 intitul\u00e9 \u00ab\u00a0dictionnaire\u00a0\u00bb en raison du classement alphab\u00e9tique des notions abord\u00e9es. Il vise cependant une conception plus large. Il invite les jeunes lecteurs \u00e0 la r\u00e9flexion afin de permettre \u00e0 l&rsquo;esprit une v\u00e9ritable (re)mise en question de l&rsquo;environnement juridique de l&rsquo;enfant.<\/p>\n<p style=\"text-align: justify;\">Ce dictionnaire a pour objectif d&rsquo;amorcer une m\u00e9ditation sur :<\/p>\n<ul>\n<li style=\"text-align: justify;\">les conditions de vie de l&rsquo;enfant,<\/li>\n<li style=\"text-align: justify;\">l&rsquo;histoire et l&rsquo;\u00e9volution de ses droits,<\/li>\n<li style=\"text-align: justify;\">ainsi que son impact sur la soci\u00e9t\u00e9 lorsqu&rsquo;il sera adulte.<\/li>\n<\/ul>\n<p style=\"text-align: justify;\">L&rsquo;auteure met \u00e9galement en exergue les diff\u00e9rentes formes d&rsquo;abus sexuels sur mineurs, en expliquant pr\u00e9cis\u00e9ment quelles en sont les diff\u00e9rentes formes. Elle pr\u00e9cise notamment que chaque <a href=\"https:\/\/avoloi.eu\/tag\/enfant\/\">enfant<\/a> a le droit \u00e0 une protection de son int\u00e9grit\u00e9 physique garantie par le syst\u00e8me juridique \u00e9tatique. Plus que de l&rsquo;information, cet ouvrage participe \u00e0 l&rsquo;\u00e9ducation juridique des enfants.<\/p>\n<h2 style=\"text-align: justify;\"><strong>La conception de Marie-Fran\u00e7oise L\u00fccker-Babel sur les droits de l&rsquo;enfant<\/strong><\/h2>\n<p style=\"text-align: justify;\">Marie-Fran\u00e7oise L\u00fccker-Babel est particuli\u00e8rement active dans la d\u00e9fense des int\u00e9r\u00eats de l&rsquo;enfant depuis les ann\u00e9es 80. Elle est partisane d&rsquo;une certaine forme de d\u00e9mocratie infantile, sans toutefois tomber dans les exc\u00e8s d&rsquo;une libert\u00e9 totale accord\u00e9e aux enfants.<\/p>\n<p style=\"text-align: justify;\">Elle milite pour la participation des jeunes \u00e0 la vie civique. Elle les forme ainsi \u00e0 devenir des citoyens actifs au sein de la soci\u00e9t\u00e9. L&rsquo;avis donn\u00e9 par un enfant est selon elle d&rsquo;une extr\u00eame importance.<\/p>\n<p style=\"text-align: justify;\">Il n&rsquo;y a pas de \u00ab\u00a0cassure psychologique\u00a0\u00bb entre l&rsquo;enfant et le futur adulte. Il forme un tout continu qui doit \u00eatre \u00e9duqu\u00e9 \u00e0 la vie juridique le plus t\u00f4t possible. Marie-Fran\u00e7oise L\u00fccker-Babel s&rsquo;appuie sur la <a href=\"http:\/\/www.textes.justice.gouv.fr\/textes-fondamentaux-10086\/droits-de-lhomme-et-libertes-fondamentales-10087\/declaration-universelle-des-droits-de-lhomme-de-1948-11038.html\" target=\"_blank\" rel=\"nofollow noopener noreferrer\">D\u00e9claration universelle des droits de l&rsquo;Homme<\/a> pour conf\u00e9rer \u00e0 l&rsquo;enfant une dignit\u00e9 intrins\u00e8que \u00e0 sa personne. Et ce, m\u00eame s&rsquo;il n&rsquo;a pas encore atteint la majorit\u00e9.<\/p>\n<p style=\"text-align: justify;\">De plus, elle d\u00e9fend le droit pour les enfants adopt\u00e9s d&rsquo;acc\u00e9der aux informations concernant leur famille d&rsquo;origine. En effet, son intervention au sein de l&rsquo;ONG D\u00e9fense des Enfants International a permis de poser un cadre juridique plus strict lors de la proc\u00e9dure d&rsquo;adoption.<\/p>\n<p style=\"text-align: justify;\">Pour la docteure en droit, les droits de l&rsquo;enfant sont assortis de devoirs. Cela met un frein \u00e0 ses d\u00e9tracteurs, qui l&rsquo;accusent de favoriser le sacre de l&rsquo;enfant-roi. Il n&rsquo;en est pourtant rien. Si l&rsquo;\u00e9ducation aux droits s&rsquo;accompagne d&rsquo;une \u00e9ducation aux devoirs, l&rsquo;enfant deviendra un citoyen responsable. Il sera soutenu par une estime de lui-m\u00eame qui ne laissera personne abuser de sa personne.<\/p>\n<h2 style=\"text-align: justify;\"><strong>L&rsquo;\u00e9ducation des adultes aux droits des enfants : un d\u00e9fi quotidien<\/strong><\/h2>\n<p style=\"text-align: justify;\">Pour Marie-Fran\u00e7oise L\u00fccker-Babel, les droits des enfants font autant l&rsquo;objet de violations diverses que les droits des adultes. Ainsi, il s&rsquo;agirait d&rsquo;un id\u00e9al vers lequel tendre car personne n&rsquo;est parfait. La loi sur l&rsquo;interdiction des violences \u00e9ducatives ordinaires, aussi appel\u00e9e \u00ab\u00a0loi anti-fess\u00e9e\u00a0\u00bb (vot\u00e9e le 11 juillet 2019), reconnait officiellement le droit des enfants \u00e0 b\u00e9n\u00e9ficier d&rsquo;une autorit\u00e9 parentale \u00ab\u00a0<em>sans violences physiques ou psychologiques<\/em>\u00ab\u00a0.<\/p>\n<p style=\"text-align: justify;\">Pourtant, cette loi a une port\u00e9e limit\u00e9e, car faire respecter ces droits dans l&rsquo;intimit\u00e9 d&rsquo;une famille reste difficile dans une soci\u00e9t\u00e9 o\u00f9 les violences corporelles sur les enfants sont encore tr\u00e8s pr\u00e9sentes et accept\u00e9es de tous.<\/p>\n<p style=\"text-align: justify;\">Pour autant, le droit marque un tournant social dans le sens o\u00f9 l&rsquo;action en justice reste possible th\u00e9oriquement. Le travail sur le terrain des associations de protection de l&rsquo;enfance t\u00e9moigne de cette insuffisance de moyens mis en place pour assurer la protection des droits des enfants. N\u00e9anmoins, le combat ne doit pas laisser place au d\u00e9couragement face \u00e0 l&rsquo;ampleur de la t\u00e2che.<\/p>\n<p style=\"text-align: justify;\">Pour le psychologue et psychanalyste St\u00e9phane Weiler, l&rsquo;existence d&rsquo;une loi participe \u00e0 la construction psychique de l&rsquo;enfant. En tant qu&rsquo;\u00e9l\u00e9ment tiers, le droit ne peut remplacer la qualit\u00e9 des relations sociales, seuls \u00e0 m\u00eame d&rsquo;\u00e9tablir un \u00e9quilibre psychologique durable. Ce sont l\u00e0 les limites du droit dans notre soci\u00e9t\u00e9.<\/p>\n\n\n<p><\/p>\n","protected":false},"excerpt":{"rendered":"<p>La Convention internationale des droits de l&rsquo;enfant (CIDE) a marqu\u00e9 un tournant dans la reconnaissance juridique des mineurs. <\/p>\n","protected":false},"author":2,"featured_media":19387,"comment_status":"open","ping_status":"closed","sticky":false,"template":"","format":"standard","meta":{"footnotes":""},"categories":[21],"tags":[437,45,151,22],"class_list":["post-19386","post","type-post","status-publish","format-standard","has-post-thumbnail","hentry","category-droit-des-mineurs","tag-cide","tag-droit","tag-enfants","tag-mineurs"],"yoast_head":"<!-- This site is optimized with the Yoast SEO plugin v27.4 - https:\/\/yoast.com\/product\/yoast-seo-wordpress\/ -->\n<title>Le dictionnaire des droits de l&#039;enfant : une cons\u00e9cration de A \u00e0 Z - Le blog Avoloi<\/title>\n<meta name=\"description\" content=\"Le dictionnaire des droits de l&#039;enfant traite de A \u00e0 Z des grandes notions juridiques relatives aux mineurs. D\u00e9couvrez l&#039;objectif de ce livre!\" \/>\n<meta name=\"robots\" content=\"index, follow, max-snippet:-1, max-image-preview:large, max-video-preview:-1\" \/>\n<link rel=\"canonical\" href=\"https:\/\/avoloi.fr\/blog\/dictionnaire-droits-enfant\/\" \/>\n<meta property=\"og:locale\" content=\"fr_FR\" \/>\n<meta property=\"og:type\" content=\"article\" \/>\n<meta property=\"og:title\" content=\"Le dictionnaire des droits de l&#039;enfant : une cons\u00e9cration de A \u00e0 Z - Le blog Avoloi\" \/>\n<meta property=\"og:description\" content=\"Le dictionnaire des droits de l&#039;enfant traite de A \u00e0 Z des grandes notions juridiques relatives aux mineurs. D\u00e9couvrez l&#039;objectif de ce livre!\" \/>\n<meta property=\"og:url\" content=\"https:\/\/avoloi.fr\/blog\/dictionnaire-droits-enfant\/\" \/>\n<meta property=\"og:site_name\" content=\"Le blog Avoloi\" \/>\n<meta property=\"article:publisher\" content=\"https:\/\/fr-fr.facebook.com\/avoloi\/\" \/>\n<meta property=\"article:published_time\" content=\"2020-09-11T13:18:00+00:00\" \/>\n<meta property=\"og:image\" content=\"https:\/\/avoloi.fr\/blog\/wp-content\/uploads\/2020\/09\/O68Z3N0.jpg\" \/>\n\t<meta property=\"og:image:width\" content=\"500\" \/>\n\t<meta property=\"og:image:height\" content=\"333\" \/>\n\t<meta property=\"og:image:type\" content=\"image\/jpeg\" \/>\n<meta name=\"author\" content=\"Avoloi\" \/>\n<meta name=\"twitter:card\" content=\"summary_large_image\" \/>\n<meta name=\"twitter:creator\" content=\"@avoloi\" \/>\n<meta name=\"twitter:site\" content=\"@avoloi\" \/>\n<meta name=\"twitter:label1\" content=\"\u00c9crit par\" \/>\n\t<meta name=\"twitter:data1\" content=\"Avoloi\" \/>\n\t<meta name=\"twitter:label2\" content=\"Dur\u00e9e de lecture estim\u00e9e\" \/>\n\t<meta name=\"twitter:data2\" content=\"4 minutes\" \/>\n<script type=\"application\/ld+json\" class=\"yoast-schema-graph\">{\"@context\":\"https:\\\/\\\/schema.org\",\"@graph\":[{\"@type\":\"Article\",\"@id\":\"https:\\\/\\\/avoloi.fr\\\/blog\\\/dictionnaire-droits-enfant\\\/#article\",\"isPartOf\":{\"@id\":\"https:\\\/\\\/avoloi.fr\\\/blog\\\/dictionnaire-droits-enfant\\\/\"},\"author\":{\"name\":\"Avoloi\",\"@id\":\"https:\\\/\\\/avoloi.fr\\\/blog\\\/#\\\/schema\\\/person\\\/23b73188a8a805006f016e2a3cb617b1\"},\"headline\":\"Le dictionnaire des droits de l&rsquo;enfant : une cons\u00e9cration de A \u00e0 Z\",\"datePublished\":\"2020-09-11T13:18:00+00:00\",\"mainEntityOfPage\":{\"@id\":\"https:\\\/\\\/avoloi.fr\\\/blog\\\/dictionnaire-droits-enfant\\\/\"},\"wordCount\":920,\"commentCount\":0,\"publisher\":{\"@id\":\"https:\\\/\\\/avoloi.fr\\\/blog\\\/#organization\"},\"image\":{\"@id\":\"https:\\\/\\\/avoloi.fr\\\/blog\\\/dictionnaire-droits-enfant\\\/#primaryimage\"},\"thumbnailUrl\":\"https:\\\/\\\/avoloi.fr\\\/blog\\\/wp-content\\\/uploads\\\/2020\\\/09\\\/O68Z3N0.jpg\",\"keywords\":[\"CIDE\",\"droit\",\"enfants\",\"mineurs\"],\"articleSection\":[\"Droit des mineurs\"],\"inLanguage\":\"fr-FR\",\"potentialAction\":[{\"@type\":\"CommentAction\",\"name\":\"Comment\",\"target\":[\"https:\\\/\\\/avoloi.fr\\\/blog\\\/dictionnaire-droits-enfant\\\/#respond\"]}]},{\"@type\":\"WebPage\",\"@id\":\"https:\\\/\\\/avoloi.fr\\\/blog\\\/dictionnaire-droits-enfant\\\/\",\"url\":\"https:\\\/\\\/avoloi.fr\\\/blog\\\/dictionnaire-droits-enfant\\\/\",\"name\":\"Le dictionnaire des droits de l'enfant : une cons\u00e9cration de A \u00e0 Z - Le blog Avoloi\",\"isPartOf\":{\"@id\":\"https:\\\/\\\/avoloi.fr\\\/blog\\\/#website\"},\"primaryImageOfPage\":{\"@id\":\"https:\\\/\\\/avoloi.fr\\\/blog\\\/dictionnaire-droits-enfant\\\/#primaryimage\"},\"image\":{\"@id\":\"https:\\\/\\\/avoloi.fr\\\/blog\\\/dictionnaire-droits-enfant\\\/#primaryimage\"},\"thumbnailUrl\":\"https:\\\/\\\/avoloi.fr\\\/blog\\\/wp-content\\\/uploads\\\/2020\\\/09\\\/O68Z3N0.jpg\",\"datePublished\":\"2020-09-11T13:18:00+00:00\",\"description\":\"Le dictionnaire des droits de l'enfant traite de A \u00e0 Z des grandes notions juridiques relatives aux mineurs. D\u00e9couvrez l'objectif de ce livre!\",\"breadcrumb\":{\"@id\":\"https:\\\/\\\/avoloi.fr\\\/blog\\\/dictionnaire-droits-enfant\\\/#breadcrumb\"},\"inLanguage\":\"fr-FR\",\"potentialAction\":[{\"@type\":\"ReadAction\",\"target\":[\"https:\\\/\\\/avoloi.fr\\\/blog\\\/dictionnaire-droits-enfant\\\/\"]}]},{\"@type\":\"ImageObject\",\"inLanguage\":\"fr-FR\",\"@id\":\"https:\\\/\\\/avoloi.fr\\\/blog\\\/dictionnaire-droits-enfant\\\/#primaryimage\",\"url\":\"https:\\\/\\\/avoloi.fr\\\/blog\\\/wp-content\\\/uploads\\\/2020\\\/09\\\/O68Z3N0.jpg\",\"contentUrl\":\"https:\\\/\\\/avoloi.fr\\\/blog\\\/wp-content\\\/uploads\\\/2020\\\/09\\\/O68Z3N0.jpg\",\"width\":500,\"height\":333,\"caption\":\"dictionnaire-droits-enfant\"},{\"@type\":\"BreadcrumbList\",\"@id\":\"https:\\\/\\\/avoloi.fr\\\/blog\\\/dictionnaire-droits-enfant\\\/#breadcrumb\",\"itemListElement\":[{\"@type\":\"ListItem\",\"position\":1,\"name\":\"Accueil\",\"item\":\"https:\\\/\\\/avoloi.fr\\\/blog\\\/\"},{\"@type\":\"ListItem\",\"position\":2,\"name\":\"Le dictionnaire des droits de l&rsquo;enfant : une cons\u00e9cration de A \u00e0 Z\"}]},{\"@type\":\"WebSite\",\"@id\":\"https:\\\/\\\/avoloi.fr\\\/blog\\\/#website\",\"url\":\"https:\\\/\\\/avoloi.fr\\\/blog\\\/\",\"name\":\"Le blog Avoloi\",\"description\":\"\",\"publisher\":{\"@id\":\"https:\\\/\\\/avoloi.fr\\\/blog\\\/#organization\"},\"potentialAction\":[{\"@type\":\"SearchAction\",\"target\":{\"@type\":\"EntryPoint\",\"urlTemplate\":\"https:\\\/\\\/avoloi.fr\\\/blog\\\/?s={search_term_string}\"},\"query-input\":{\"@type\":\"PropertyValueSpecification\",\"valueRequired\":true,\"valueName\":\"search_term_string\"}}],\"inLanguage\":\"fr-FR\"},{\"@type\":\"Organization\",\"@id\":\"https:\\\/\\\/avoloi.fr\\\/blog\\\/#organization\",\"name\":\"Avoloi\",\"url\":\"https:\\\/\\\/avoloi.fr\\\/blog\\\/\",\"logo\":{\"@type\":\"ImageObject\",\"inLanguage\":\"fr-FR\",\"@id\":\"https:\\\/\\\/avoloi.fr\\\/blog\\\/#\\\/schema\\\/logo\\\/image\\\/\",\"url\":\"https:\\\/\\\/avoloi.fr\\\/blog\\\/wp-content\\\/uploads\\\/2022\\\/06\\\/avoloi_726x172.png\",\"contentUrl\":\"https:\\\/\\\/avoloi.fr\\\/blog\\\/wp-content\\\/uploads\\\/2022\\\/06\\\/avoloi_726x172.png\",\"width\":726,\"height\":172,\"caption\":\"Avoloi\"},\"image\":{\"@id\":\"https:\\\/\\\/avoloi.fr\\\/blog\\\/#\\\/schema\\\/logo\\\/image\\\/\"},\"sameAs\":[\"https:\\\/\\\/fr-fr.facebook.com\\\/avoloi\\\/\",\"https:\\\/\\\/x.com\\\/avoloi\",\"https:\\\/\\\/www.linkedin.com\\\/company\\\/11097274\\\/\",\"https:\\\/\\\/www.instagram.com\\\/avoloi\\\/\"]},{\"@type\":\"Person\",\"@id\":\"https:\\\/\\\/avoloi.fr\\\/blog\\\/#\\\/schema\\\/person\\\/23b73188a8a805006f016e2a3cb617b1\",\"name\":\"Avoloi\",\"image\":{\"@type\":\"ImageObject\",\"inLanguage\":\"fr-FR\",\"@id\":\"https:\\\/\\\/secure.gravatar.com\\\/avatar\\\/2ec2e99d2d37d9499d05c0d8442d636f63a751b8a8c16870416ac671c571f81d?s=96&d=mm&r=g\",\"url\":\"https:\\\/\\\/secure.gravatar.com\\\/avatar\\\/2ec2e99d2d37d9499d05c0d8442d636f63a751b8a8c16870416ac671c571f81d?s=96&d=mm&r=g\",\"contentUrl\":\"https:\\\/\\\/secure.gravatar.com\\\/avatar\\\/2ec2e99d2d37d9499d05c0d8442d636f63a751b8a8c16870416ac671c571f81d?s=96&d=mm&r=g\",\"caption\":\"Avoloi\"}}]}<\/script>\n<!-- \/ Yoast SEO plugin. -->","yoast_head_json":{"title":"Le dictionnaire des droits de l'enfant : une cons\u00e9cration de A \u00e0 Z - Le blog Avoloi","description":"Le dictionnaire des droits de l'enfant traite de A \u00e0 Z des grandes notions juridiques relatives aux mineurs. D\u00e9couvrez l'objectif de ce livre!","robots":{"index":"index","follow":"follow","max-snippet":"max-snippet:-1","max-image-preview":"max-image-preview:large","max-video-preview":"max-video-preview:-1"},"canonical":"https:\/\/avoloi.fr\/blog\/dictionnaire-droits-enfant\/","og_locale":"fr_FR","og_type":"article","og_title":"Le dictionnaire des droits de l'enfant : une cons\u00e9cration de A \u00e0 Z - Le blog Avoloi","og_description":"Le dictionnaire des droits de l'enfant traite de A \u00e0 Z des grandes notions juridiques relatives aux mineurs. D\u00e9couvrez l'objectif de ce livre!","og_url":"https:\/\/avoloi.fr\/blog\/dictionnaire-droits-enfant\/","og_site_name":"Le blog Avoloi","article_publisher":"https:\/\/fr-fr.facebook.com\/avoloi\/","article_published_time":"2020-09-11T13:18:00+00:00","og_image":[{"width":500,"height":333,"url":"https:\/\/avoloi.fr\/blog\/wp-content\/uploads\/2020\/09\/O68Z3N0.jpg","type":"image\/jpeg"}],"author":"Avoloi","twitter_card":"summary_large_image","twitter_creator":"@avoloi","twitter_site":"@avoloi","twitter_misc":{"\u00c9crit par":"Avoloi","Dur\u00e9e de lecture estim\u00e9e":"4 minutes"},"schema":{"@context":"https:\/\/schema.org","@graph":[{"@type":"Article","@id":"https:\/\/avoloi.fr\/blog\/dictionnaire-droits-enfant\/#article","isPartOf":{"@id":"https:\/\/avoloi.fr\/blog\/dictionnaire-droits-enfant\/"},"author":{"name":"Avoloi","@id":"https:\/\/avoloi.fr\/blog\/#\/schema\/person\/23b73188a8a805006f016e2a3cb617b1"},"headline":"Le dictionnaire des droits de l&rsquo;enfant : une cons\u00e9cration de A \u00e0 Z","datePublished":"2020-09-11T13:18:00+00:00","mainEntityOfPage":{"@id":"https:\/\/avoloi.fr\/blog\/dictionnaire-droits-enfant\/"},"wordCount":920,"commentCount":0,"publisher":{"@id":"https:\/\/avoloi.fr\/blog\/#organization"},"image":{"@id":"https:\/\/avoloi.fr\/blog\/dictionnaire-droits-enfant\/#primaryimage"},"thumbnailUrl":"https:\/\/avoloi.fr\/blog\/wp-content\/uploads\/2020\/09\/O68Z3N0.jpg","keywords":["CIDE","droit","enfants","mineurs"],"articleSection":["Droit des mineurs"],"inLanguage":"fr-FR","potentialAction":[{"@type":"CommentAction","name":"Comment","target":["https:\/\/avoloi.fr\/blog\/dictionnaire-droits-enfant\/#respond"]}]},{"@type":"WebPage","@id":"https:\/\/avoloi.fr\/blog\/dictionnaire-droits-enfant\/","url":"https:\/\/avoloi.fr\/blog\/dictionnaire-droits-enfant\/","name":"Le dictionnaire des droits de l'enfant : une cons\u00e9cration de A \u00e0 Z - Le blog Avoloi","isPartOf":{"@id":"https:\/\/avoloi.fr\/blog\/#website"},"primaryImageOfPage":{"@id":"https:\/\/avoloi.fr\/blog\/dictionnaire-droits-enfant\/#primaryimage"},"image":{"@id":"https:\/\/avoloi.fr\/blog\/dictionnaire-droits-enfant\/#primaryimage"},"thumbnailUrl":"https:\/\/avoloi.fr\/blog\/wp-content\/uploads\/2020\/09\/O68Z3N0.jpg","datePublished":"2020-09-11T13:18:00+00:00","description":"Le dictionnaire des droits de l'enfant traite de A \u00e0 Z des grandes notions juridiques relatives aux mineurs. D\u00e9couvrez l'objectif de ce livre!","breadcrumb":{"@id":"https:\/\/avoloi.fr\/blog\/dictionnaire-droits-enfant\/#breadcrumb"},"inLanguage":"fr-FR","potentialAction":[{"@type":"ReadAction","target":["https:\/\/avoloi.fr\/blog\/dictionnaire-droits-enfant\/"]}]},{"@type":"ImageObject","inLanguage":"fr-FR","@id":"https:\/\/avoloi.fr\/blog\/dictionnaire-droits-enfant\/#primaryimage","url":"https:\/\/avoloi.fr\/blog\/wp-content\/uploads\/2020\/09\/O68Z3N0.jpg","contentUrl":"https:\/\/avoloi.fr\/blog\/wp-content\/uploads\/2020\/09\/O68Z3N0.jpg","width":500,"height":333,"caption":"dictionnaire-droits-enfant"},{"@type":"BreadcrumbList","@id":"https:\/\/avoloi.fr\/blog\/dictionnaire-droits-enfant\/#breadcrumb","itemListElement":[{"@type":"ListItem","position":1,"name":"Accueil","item":"https:\/\/avoloi.fr\/blog\/"},{"@type":"ListItem","position":2,"name":"Le dictionnaire des droits de l&rsquo;enfant : une cons\u00e9cration de A \u00e0 Z"}]},{"@type":"WebSite","@id":"https:\/\/avoloi.fr\/blog\/#website","url":"https:\/\/avoloi.fr\/blog\/","name":"Le blog Avoloi","description":"","publisher":{"@id":"https:\/\/avoloi.fr\/blog\/#organization"},"potentialAction":[{"@type":"SearchAction","target":{"@type":"EntryPoint","urlTemplate":"https:\/\/avoloi.fr\/blog\/?s={search_term_string}"},"query-input":{"@type":"PropertyValueSpecification","valueRequired":true,"valueName":"search_term_string"}}],"inLanguage":"fr-FR"},{"@type":"Organization","@id":"https:\/\/avoloi.fr\/blog\/#organization","name":"Avoloi","url":"https:\/\/avoloi.fr\/blog\/","logo":{"@type":"ImageObject","inLanguage":"fr-FR","@id":"https:\/\/avoloi.fr\/blog\/#\/schema\/logo\/image\/","url":"https:\/\/avoloi.fr\/blog\/wp-content\/uploads\/2022\/06\/avoloi_726x172.png","contentUrl":"https:\/\/avoloi.fr\/blog\/wp-content\/uploads\/2022\/06\/avoloi_726x172.png","width":726,"height":172,"caption":"Avoloi"},"image":{"@id":"https:\/\/avoloi.fr\/blog\/#\/schema\/logo\/image\/"},"sameAs":["https:\/\/fr-fr.facebook.com\/avoloi\/","https:\/\/x.com\/avoloi","https:\/\/www.linkedin.com\/company\/11097274\/","https:\/\/www.instagram.com\/avoloi\/"]},{"@type":"Person","@id":"https:\/\/avoloi.fr\/blog\/#\/schema\/person\/23b73188a8a805006f016e2a3cb617b1","name":"Avoloi","image":{"@type":"ImageObject","inLanguage":"fr-FR","@id":"https:\/\/secure.gravatar.com\/avatar\/2ec2e99d2d37d9499d05c0d8442d636f63a751b8a8c16870416ac671c571f81d?s=96&d=mm&r=g","url":"https:\/\/secure.gravatar.com\/avatar\/2ec2e99d2d37d9499d05c0d8442d636f63a751b8a8c16870416ac671c571f81d?s=96&d=mm&r=g","contentUrl":"https:\/\/secure.gravatar.com\/avatar\/2ec2e99d2d37d9499d05c0d8442d636f63a751b8a8c16870416ac671c571f81d?s=96&d=mm&r=g","caption":"Avoloi"}}]}},"_links":{"self":[{"href":"https:\/\/avoloi.fr\/blog\/wp-json\/wp\/v2\/posts\/19386","targetHints":{"allow":["GET"]}}],"collection":[{"href":"https:\/\/avoloi.fr\/blog\/wp-json\/wp\/v2\/posts"}],"about":[{"href":"https:\/\/avoloi.fr\/blog\/wp-json\/wp\/v2\/types\/post"}],"author":[{"embeddable":true,"href":"https:\/\/avoloi.fr\/blog\/wp-json\/wp\/v2\/users\/2"}],"replies":[{"embeddable":true,"href":"https:\/\/avoloi.fr\/blog\/wp-json\/wp\/v2\/comments?post=19386"}],"version-history":[{"count":0,"href":"https:\/\/avoloi.fr\/blog\/wp-json\/wp\/v2\/posts\/19386\/revisions"}],"wp:featuredmedia":[{"embeddable":true,"href":"https:\/\/avoloi.fr\/blog\/wp-json\/wp\/v2\/media\/19387"}],"wp:attachment":[{"href":"https:\/\/avoloi.fr\/blog\/wp-json\/wp\/v2\/media?parent=19386"}],"wp:term":[{"taxonomy":"category","embeddable":true,"href":"https:\/\/avoloi.fr\/blog\/wp-json\/wp\/v2\/categories?post=19386"},{"taxonomy":"post_tag","embeddable":true,"href":"https:\/\/avoloi.fr\/blog\/wp-json\/wp\/v2\/tags?post=19386"}],"curies":[{"name":"wp","href":"https:\/\/api.w.org\/{rel}","templated":true}]}}