{"id":19304,"date":"2020-08-30T08:06:00","date_gmt":"2020-08-30T08:06:00","guid":{"rendered":"https:\/\/avoloi.eu\/?p=19304"},"modified":"2020-08-30T08:06:00","modified_gmt":"2020-08-30T08:06:00","slug":"inscrire-son-enfant-a-lecole-en-france-quand-on-est-etranger","status":"publish","type":"post","link":"https:\/\/avoloi.fr\/blog\/inscrire-son-enfant-a-lecole-en-france-quand-on-est-etranger\/","title":{"rendered":"Inscrire son enfant \u00e0 l\u2019\u00e9cole en France quand on est \u00e9tranger"},"content":{"rendered":"<h2 style=\"text-align: justify\">L\u2019instruction obligatoire pour tous<\/h2>\n<p style=\"text-align: justify\">Auparavant, l\u2019obligation scolaire l\u00e9gale concernait tous les \u00e9coliers de six \u00e0 seize ans. \u00c0 partir de la rentr\u00e9e de septembre 2019 elle s\u2019applique \u00e0 tous les \u00e9l\u00e8ves \u00e2g\u00e9s de <strong>trois \u00e0 seize ans<\/strong>.<\/p>\n<p style=\"text-align: justify\">L\u2019instruction peut avoir lieu dans un <strong>\u00e9tablissement scolaire public, priv\u00e9 ou \u00e0 la maison. <\/strong><\/p>\n<p style=\"text-align: justify\">Entre trois et six ans, vous avez le choix entre l\u2019\u00e9cole \u00e0 domicile, l\u2019\u00e9cole maternelle ou le jardin d\u2019enfants.<\/p>\n<p style=\"text-align: justify\">Les jeunes <strong>de seize \u00e0 dix-huit ans<\/strong> ne sont pas oblig\u00e9s d\u2019aller au lyc\u00e9e mais ils doivent suivre un parcours de formation (stage, service civique, apprentissage\u2026).<\/p>\n<p style=\"text-align: justify\">Ce sont les parents ou le repr\u00e9sentant l\u00e9gal qui inscrivent les mineurs dont ils sont responsables. S\u2019ils ne respectent pas la loi, ils encourent <strong>six mois de prison et 7 500 euros<\/strong> d\u2019amende.<\/p>\n<h2 style=\"text-align: justify\">Comment s\u2019inscrire ?<\/h2>\n<p style=\"text-align: justify\">L\u2019inscription dans un \u00e9tablissement scolaire n\u2019est pas soumise \u00e0 un crit\u00e8re de r\u00e9sidence ou de nationalit\u00e9. Il est seulement demand\u00e9 aux futurs \u00e9l\u00e8ves d\u2019\u00eatre \u00e0 jour de leurs vaccinations obligatoires.<\/p>\n<h3 style=\"text-align: justify\">\u00c0 l\u2019\u00e9cole maternelle ou \u00e9l\u00e9mentaire<\/h3>\n<p style=\"text-align: justify\">L\u2019inscription de la petite section de maternelle au CM2 se fait aupr\u00e8s de la mairie puis de l\u2019\u00e9cole.<\/p>\n<p style=\"text-align: justify\">\u00c0 la mairie, vous devrez fournir :<\/p>\n<ul>\n<li style=\"text-align: justify\">un document justifiant de l\u2019identit\u00e9 des repr\u00e9sentants l\u00e9gaux et de l\u2019enfant (carte d\u2019identit\u00e9, passeport, extrait d\u2019acte de naissance, livret de famille\u2026) ;<\/li>\n<li style=\"text-align: justify\">un justificatif de domicile ;<\/li>\n<li style=\"text-align: justify\">un document attestant que l\u2019enfant est \u00e0 jour de ses vaccinations.<\/li>\n<\/ul>\n<p style=\"text-align: justify\">Les documents en langue \u00e9trang\u00e8re doivent \u00eatre traduits en fran\u00e7ais.<\/p>\n<p style=\"text-align: justify\">Le <a href=\"https:\/\/www.legifrance.gouv.fr\/affichTexte.do?cidTexte=JORFTEXT000042056558&amp;categorieLien=id\" target=\"_blank\" rel=\"nofollow noopener noreferrer\">d\u00e9cret du 19 juin 2020<\/a>, applicable d\u00e8s la rentr\u00e9e de septembre 2020, pr\u00e9cise que si la famille est dans l\u2019incapacit\u00e9 de produire une pi\u00e8ce d\u2019identit\u00e9 ou un justificatif de domicile, elle peut r\u00e9diger une <strong>attestation sur l\u2019honneur.<\/strong><\/p>\n<p style=\"text-align: justify\">Comme stipul\u00e9 dans le d\u00e9cret, la mairie n\u2019a pas le droit de demander d\u2019autres justificatifs.<\/p>\n<p style=\"text-align: justify\">Une fois l\u2019inscription faite, vous recevrez un <strong>certificat d\u2019inscription<\/strong>. Vous pouvez alors prendre contact avec l\u2019\u00e9cole de votre secteur d\u00e9sign\u00e9e pour proc\u00e9der aux formalit\u00e9s d\u2019admission.<\/p>\n<h3 style=\"text-align: justify\"><strong>S\u2019inscrire au coll\u00e8ge et au lyc\u00e9e<\/strong><\/h3>\n<p style=\"text-align: justify\">L\u2019inscription dans un coll\u00e8ge, un lyc\u00e9e g\u00e9n\u00e9ral ou professionnel se fait directement aupr\u00e8s de l\u2019\u00e9tablissement scolaire en fournissant les m\u00eames documents que pour une inscription \u00e0 l\u2019\u00e9cole primaire.<\/p>\n<p style=\"text-align: justify\">L\u2019\u00c9ducation nationale et les chefs d\u2019\u00e9tablissement ne contr\u00f4lent pas la nationalit\u00e9 et la situation administrative des \u00e9l\u00e8ves.<\/p>\n<p style=\"text-align: justify\">Si l\u2019\u00e9l\u00e8ve effectue un stage, l\u2019entreprise ne v\u00e9rifie pas la r\u00e9gularit\u00e9 du s\u00e9jour. En revanche, pour signer un contrat d\u2019apprentissage, les jeunes qui ne sont pas ressortissants de l\u2019Espace \u00e9conomique europ\u00e9en doivent demander une autorisation de travail \u00e0 la pr\u00e9fecture.<\/p>\n<h3 style=\"text-align: justify\">\u00catre scolaris\u00e9 dans une classe pour \u00e9coliers venant de l\u2019\u00e9tranger<\/h3>\n<p style=\"text-align: justify\">\u00c0 partir du CP et de l\u2019\u00e9cole primaire, il existe des classes sp\u00e9cialis\u00e9es dans l\u2019accueil des \u00e9l\u00e8ves qui ne parlent pas le fran\u00e7ais (\u00e9l\u00e8ves dits allophones).<\/p>\n<p style=\"text-align: justify\">Le centre acad\u00e9mique pour la scolarisation des enfants allophones nouvellement arriv\u00e9s et des enfants issus de familles itin\u00e9rantes et de voyageurs (CASNAV) \u00e9value pour chaque \u00e9l\u00e8ve :<\/p>\n<ul>\n<li style=\"text-align: justify\">la maitrise du fran\u00e7ais ;<\/li>\n<li style=\"text-align: justify\">la maitrise d\u2019une autre langue comme l\u2019anglais ;<\/li>\n<li style=\"text-align: justify\">les comp\u00e9tences \u00e0 l\u2019\u00e9crit ;<\/li>\n<li style=\"text-align: justify\">les connaissances scolaires dans des mati\u00e8res comme les sciences, l\u2019histoire ou la g\u00e9ographie.<\/li>\n<\/ul>\n<p style=\"text-align: justify\">Selon les r\u00e9sultats, l\u2019enfant int\u00e8gre une classe ordinaire ou une unit\u00e9 p\u00e9dagogique pour \u00e9l\u00e8ves allophones arrivants(UPE2A). Cette orientation est temporaire. Une fois que l\u2019\u00e9colier a acquis le savoir n\u00e9cessaire, il rejoint une classe traditionnelle.<\/p>\n<h2 style=\"text-align: justify\">Contester un refus<\/h2>\n<p style=\"text-align: justify\">En cas de refus d&rsquo;inscription de la part de la mairie ou de l\u2019\u00e9tablissement d\u2019enseignement secondaire, vous pouvez contester la d\u00e9cision.<\/p>\n<h3 style=\"text-align: justify\">Les recours administratifs<\/h3>\n<p style=\"text-align: justify\">En cas de refus d\u2019inscription, vous pouvez effectuer un recours gracieux par lettre recommand\u00e9e avec accus\u00e9 de r\u00e9ception en joignant les pi\u00e8ces justificatives demand\u00e9es :<\/p>\n<ul>\n<li style=\"text-align: justify\">aupr\u00e8s du maire pour les d\u00e9cisions concernant l\u2019\u00e9cole maternelle ou \u00e9l\u00e9mentaire ;<\/li>\n<li style=\"text-align: justify\">aupr\u00e8s du rectorat pour les d\u00e9cisions concernant le coll\u00e8ge et le lyc\u00e9e.<\/li>\n<\/ul>\n<p style=\"text-align: justify\">Si votre recours gracieux est sans effet, vous pouvez effectuer un recours hi\u00e9rarchique aupr\u00e8s :<\/p>\n<ul>\n<li>du pr\u00e9fet pour les d\u00e9cisions relatives \u00e0 l\u2019\u00e9cole maternelle ou \u00e9l\u00e9mentaire ;<\/li>\n<li>de l\u2019inspection acad\u00e9mique pour les d\u00e9cisions relatives au coll\u00e8ge et au lyc\u00e9e.<\/li>\n<\/ul>\n<p style=\"text-align: justify\">Vous pouvez \u00e9galement informer la direction acad\u00e9mique des services de l\u2019\u00c9ducation nationale de la situation.<\/p>\n<p style=\"text-align: justify\">Si le refus est li\u00e9 \u00e0 une discrimination comme la nationalit\u00e9, alors il est possible de saisir le D\u00e9fenseur des droits.<\/p>\n<h3 style=\"text-align: justify\">Les recours judiciaires<\/h3>\n<p style=\"text-align: justify\">Si ni le maire de la commune ni le pr\u00e9fet ne donnent une r\u00e9ponse favorable \u00e0 votre recours, vous pouvez saisir le tribunal administratif pour :<\/p>\n<ul>\n<li style=\"text-align: justify\">un recours en annulation ;<\/li>\n<li style=\"text-align: justify\">un r\u00e9f\u00e9r\u00e9-suspension.<\/li>\n<\/ul>\n<p style=\"text-align: justify\">Ces proc\u00e9dures sont plus longues et complexes. Elles n\u00e9cessitent le conseil et le soutien d\u2019un avocat.<\/p>\n","protected":false},"excerpt":{"rendered":"<p>Auparavant, l\u2019obligation scolaire l\u00e9gale concernait tous les \u00e9coliers de six \u00e0 seize ans. \u00c0 partir de la rentr\u00e9e de septembre 2019 elle s\u2019applique \u00e0 tous les \u00e9l\u00e8ves \u00e2g\u00e9s de trois \u00e0 seize ans.<\/p>\n","protected":false},"author":2,"featured_media":19370,"comment_status":"open","ping_status":"closed","sticky":false,"template":"","format":"standard","meta":{"footnotes":""},"categories":[287],"tags":[488,489,490,491],"class_list":["post-19304","post","type-post","status-publish","format-standard","has-post-thumbnail","hentry","category-droit-des-etrangers","tag-enfant-etranger","tag-inscription-scolaire","tag-instruction-obligatoire","tag-scolarite"],"yoast_head":"<!-- This site is optimized with the Yoast SEO plugin v27.4 - https:\/\/yoast.com\/product\/yoast-seo-wordpress\/ -->\n<title>Inscrire son enfant \u00e0 l\u2019\u00e9cole en France quand on est \u00e9tranger - Le blog Avoloi<\/title>\n<meta name=\"robots\" content=\"index, follow, max-snippet:-1, max-image-preview:large, max-video-preview:-1\" \/>\n<link rel=\"canonical\" href=\"https:\/\/avoloi.fr\/blog\/inscrire-son-enfant-a-lecole-en-france-quand-on-est-etranger\/\" \/>\n<meta property=\"og:locale\" content=\"fr_FR\" \/>\n<meta property=\"og:type\" content=\"article\" \/>\n<meta property=\"og:title\" content=\"Inscrire son enfant \u00e0 l\u2019\u00e9cole en France quand on est \u00e9tranger - Le blog Avoloi\" \/>\n<meta property=\"og:description\" content=\"Auparavant, l\u2019obligation scolaire l\u00e9gale concernait tous les \u00e9coliers de six \u00e0 seize ans. \u00c0 partir de la rentr\u00e9e de septembre 2019 elle s\u2019applique \u00e0 tous les \u00e9l\u00e8ves \u00e2g\u00e9s de trois \u00e0 seize ans.\" \/>\n<meta property=\"og:url\" content=\"https:\/\/avoloi.fr\/blog\/inscrire-son-enfant-a-lecole-en-france-quand-on-est-etranger\/\" \/>\n<meta property=\"og:site_name\" content=\"Le blog Avoloi\" \/>\n<meta property=\"article:publisher\" content=\"https:\/\/fr-fr.facebook.com\/avoloi\/\" \/>\n<meta property=\"article:published_time\" content=\"2020-08-30T08:06:00+00:00\" \/>\n<meta property=\"og:image\" content=\"https:\/\/avoloi.fr\/blog\/wp-content\/uploads\/2020\/08\/inscription-ecole-enfant-etranger.jpg\" \/>\n\t<meta property=\"og:image:width\" content=\"500\" \/>\n\t<meta property=\"og:image:height\" content=\"353\" \/>\n\t<meta property=\"og:image:type\" content=\"image\/jpeg\" \/>\n<meta name=\"author\" content=\"Avoloi\" \/>\n<meta name=\"twitter:card\" content=\"summary_large_image\" \/>\n<meta name=\"twitter:creator\" content=\"@avoloi\" \/>\n<meta name=\"twitter:site\" content=\"@avoloi\" \/>\n<meta name=\"twitter:label1\" content=\"\u00c9crit par\" \/>\n\t<meta name=\"twitter:data1\" content=\"Avoloi\" \/>\n\t<meta name=\"twitter:label2\" content=\"Dur\u00e9e de lecture estim\u00e9e\" \/>\n\t<meta name=\"twitter:data2\" content=\"4 minutes\" \/>\n<script type=\"application\/ld+json\" class=\"yoast-schema-graph\">{\"@context\":\"https:\\\/\\\/schema.org\",\"@graph\":[{\"@type\":\"Article\",\"@id\":\"https:\\\/\\\/avoloi.fr\\\/blog\\\/inscrire-son-enfant-a-lecole-en-france-quand-on-est-etranger\\\/#article\",\"isPartOf\":{\"@id\":\"https:\\\/\\\/avoloi.fr\\\/blog\\\/inscrire-son-enfant-a-lecole-en-france-quand-on-est-etranger\\\/\"},\"author\":{\"name\":\"Avoloi\",\"@id\":\"https:\\\/\\\/avoloi.fr\\\/blog\\\/#\\\/schema\\\/person\\\/23b73188a8a805006f016e2a3cb617b1\"},\"headline\":\"Inscrire son enfant \u00e0 l\u2019\u00e9cole en France quand on est \u00e9tranger\",\"datePublished\":\"2020-08-30T08:06:00+00:00\",\"mainEntityOfPage\":{\"@id\":\"https:\\\/\\\/avoloi.fr\\\/blog\\\/inscrire-son-enfant-a-lecole-en-france-quand-on-est-etranger\\\/\"},\"wordCount\":865,\"commentCount\":0,\"publisher\":{\"@id\":\"https:\\\/\\\/avoloi.fr\\\/blog\\\/#organization\"},\"image\":{\"@id\":\"https:\\\/\\\/avoloi.fr\\\/blog\\\/inscrire-son-enfant-a-lecole-en-france-quand-on-est-etranger\\\/#primaryimage\"},\"thumbnailUrl\":\"https:\\\/\\\/avoloi.fr\\\/blog\\\/wp-content\\\/uploads\\\/2020\\\/08\\\/inscription-ecole-enfant-etranger.jpg\",\"keywords\":[\"enfant \u00e9tranger\",\"inscription scolaire\",\"instruction obligatoire\",\"scolarit\u00e9\"],\"articleSection\":[\"Droit des \u00e9trangers\"],\"inLanguage\":\"fr-FR\",\"potentialAction\":[{\"@type\":\"CommentAction\",\"name\":\"Comment\",\"target\":[\"https:\\\/\\\/avoloi.fr\\\/blog\\\/inscrire-son-enfant-a-lecole-en-france-quand-on-est-etranger\\\/#respond\"]}]},{\"@type\":\"WebPage\",\"@id\":\"https:\\\/\\\/avoloi.fr\\\/blog\\\/inscrire-son-enfant-a-lecole-en-france-quand-on-est-etranger\\\/\",\"url\":\"https:\\\/\\\/avoloi.fr\\\/blog\\\/inscrire-son-enfant-a-lecole-en-france-quand-on-est-etranger\\\/\",\"name\":\"Inscrire son enfant \u00e0 l\u2019\u00e9cole en France quand on est \u00e9tranger - Le blog Avoloi\",\"isPartOf\":{\"@id\":\"https:\\\/\\\/avoloi.fr\\\/blog\\\/#website\"},\"primaryImageOfPage\":{\"@id\":\"https:\\\/\\\/avoloi.fr\\\/blog\\\/inscrire-son-enfant-a-lecole-en-france-quand-on-est-etranger\\\/#primaryimage\"},\"image\":{\"@id\":\"https:\\\/\\\/avoloi.fr\\\/blog\\\/inscrire-son-enfant-a-lecole-en-france-quand-on-est-etranger\\\/#primaryimage\"},\"thumbnailUrl\":\"https:\\\/\\\/avoloi.fr\\\/blog\\\/wp-content\\\/uploads\\\/2020\\\/08\\\/inscription-ecole-enfant-etranger.jpg\",\"datePublished\":\"2020-08-30T08:06:00+00:00\",\"breadcrumb\":{\"@id\":\"https:\\\/\\\/avoloi.fr\\\/blog\\\/inscrire-son-enfant-a-lecole-en-france-quand-on-est-etranger\\\/#breadcrumb\"},\"inLanguage\":\"fr-FR\",\"potentialAction\":[{\"@type\":\"ReadAction\",\"target\":[\"https:\\\/\\\/avoloi.fr\\\/blog\\\/inscrire-son-enfant-a-lecole-en-france-quand-on-est-etranger\\\/\"]}]},{\"@type\":\"ImageObject\",\"inLanguage\":\"fr-FR\",\"@id\":\"https:\\\/\\\/avoloi.fr\\\/blog\\\/inscrire-son-enfant-a-lecole-en-france-quand-on-est-etranger\\\/#primaryimage\",\"url\":\"https:\\\/\\\/avoloi.fr\\\/blog\\\/wp-content\\\/uploads\\\/2020\\\/08\\\/inscription-ecole-enfant-etranger.jpg\",\"contentUrl\":\"https:\\\/\\\/avoloi.fr\\\/blog\\\/wp-content\\\/uploads\\\/2020\\\/08\\\/inscription-ecole-enfant-etranger.jpg\",\"width\":500,\"height\":353},{\"@type\":\"BreadcrumbList\",\"@id\":\"https:\\\/\\\/avoloi.fr\\\/blog\\\/inscrire-son-enfant-a-lecole-en-france-quand-on-est-etranger\\\/#breadcrumb\",\"itemListElement\":[{\"@type\":\"ListItem\",\"position\":1,\"name\":\"Accueil\",\"item\":\"https:\\\/\\\/avoloi.fr\\\/blog\\\/\"},{\"@type\":\"ListItem\",\"position\":2,\"name\":\"Inscrire son enfant \u00e0 l\u2019\u00e9cole en France quand on est \u00e9tranger\"}]},{\"@type\":\"WebSite\",\"@id\":\"https:\\\/\\\/avoloi.fr\\\/blog\\\/#website\",\"url\":\"https:\\\/\\\/avoloi.fr\\\/blog\\\/\",\"name\":\"Le blog Avoloi\",\"description\":\"\",\"publisher\":{\"@id\":\"https:\\\/\\\/avoloi.fr\\\/blog\\\/#organization\"},\"potentialAction\":[{\"@type\":\"SearchAction\",\"target\":{\"@type\":\"EntryPoint\",\"urlTemplate\":\"https:\\\/\\\/avoloi.fr\\\/blog\\\/?s={search_term_string}\"},\"query-input\":{\"@type\":\"PropertyValueSpecification\",\"valueRequired\":true,\"valueName\":\"search_term_string\"}}],\"inLanguage\":\"fr-FR\"},{\"@type\":\"Organization\",\"@id\":\"https:\\\/\\\/avoloi.fr\\\/blog\\\/#organization\",\"name\":\"Avoloi\",\"url\":\"https:\\\/\\\/avoloi.fr\\\/blog\\\/\",\"logo\":{\"@type\":\"ImageObject\",\"inLanguage\":\"fr-FR\",\"@id\":\"https:\\\/\\\/avoloi.fr\\\/blog\\\/#\\\/schema\\\/logo\\\/image\\\/\",\"url\":\"https:\\\/\\\/avoloi.fr\\\/blog\\\/wp-content\\\/uploads\\\/2022\\\/06\\\/avoloi_726x172.png\",\"contentUrl\":\"https:\\\/\\\/avoloi.fr\\\/blog\\\/wp-content\\\/uploads\\\/2022\\\/06\\\/avoloi_726x172.png\",\"width\":726,\"height\":172,\"caption\":\"Avoloi\"},\"image\":{\"@id\":\"https:\\\/\\\/avoloi.fr\\\/blog\\\/#\\\/schema\\\/logo\\\/image\\\/\"},\"sameAs\":[\"https:\\\/\\\/fr-fr.facebook.com\\\/avoloi\\\/\",\"https:\\\/\\\/x.com\\\/avoloi\",\"https:\\\/\\\/www.linkedin.com\\\/company\\\/11097274\\\/\",\"https:\\\/\\\/www.instagram.com\\\/avoloi\\\/\"]},{\"@type\":\"Person\",\"@id\":\"https:\\\/\\\/avoloi.fr\\\/blog\\\/#\\\/schema\\\/person\\\/23b73188a8a805006f016e2a3cb617b1\",\"name\":\"Avoloi\",\"image\":{\"@type\":\"ImageObject\",\"inLanguage\":\"fr-FR\",\"@id\":\"https:\\\/\\\/secure.gravatar.com\\\/avatar\\\/2ec2e99d2d37d9499d05c0d8442d636f63a751b8a8c16870416ac671c571f81d?s=96&d=mm&r=g\",\"url\":\"https:\\\/\\\/secure.gravatar.com\\\/avatar\\\/2ec2e99d2d37d9499d05c0d8442d636f63a751b8a8c16870416ac671c571f81d?s=96&d=mm&r=g\",\"contentUrl\":\"https:\\\/\\\/secure.gravatar.com\\\/avatar\\\/2ec2e99d2d37d9499d05c0d8442d636f63a751b8a8c16870416ac671c571f81d?s=96&d=mm&r=g\",\"caption\":\"Avoloi\"}}]}<\/script>\n<!-- \/ Yoast SEO plugin. -->","yoast_head_json":{"title":"Inscrire son enfant \u00e0 l\u2019\u00e9cole en France quand on est \u00e9tranger - Le blog Avoloi","robots":{"index":"index","follow":"follow","max-snippet":"max-snippet:-1","max-image-preview":"max-image-preview:large","max-video-preview":"max-video-preview:-1"},"canonical":"https:\/\/avoloi.fr\/blog\/inscrire-son-enfant-a-lecole-en-france-quand-on-est-etranger\/","og_locale":"fr_FR","og_type":"article","og_title":"Inscrire son enfant \u00e0 l\u2019\u00e9cole en France quand on est \u00e9tranger - Le blog Avoloi","og_description":"Auparavant, l\u2019obligation scolaire l\u00e9gale concernait tous les \u00e9coliers de six \u00e0 seize ans. \u00c0 partir de la rentr\u00e9e de septembre 2019 elle s\u2019applique \u00e0 tous les \u00e9l\u00e8ves \u00e2g\u00e9s de trois \u00e0 seize ans.","og_url":"https:\/\/avoloi.fr\/blog\/inscrire-son-enfant-a-lecole-en-france-quand-on-est-etranger\/","og_site_name":"Le blog Avoloi","article_publisher":"https:\/\/fr-fr.facebook.com\/avoloi\/","article_published_time":"2020-08-30T08:06:00+00:00","og_image":[{"width":500,"height":353,"url":"https:\/\/avoloi.fr\/blog\/wp-content\/uploads\/2020\/08\/inscription-ecole-enfant-etranger.jpg","type":"image\/jpeg"}],"author":"Avoloi","twitter_card":"summary_large_image","twitter_creator":"@avoloi","twitter_site":"@avoloi","twitter_misc":{"\u00c9crit par":"Avoloi","Dur\u00e9e de lecture estim\u00e9e":"4 minutes"},"schema":{"@context":"https:\/\/schema.org","@graph":[{"@type":"Article","@id":"https:\/\/avoloi.fr\/blog\/inscrire-son-enfant-a-lecole-en-france-quand-on-est-etranger\/#article","isPartOf":{"@id":"https:\/\/avoloi.fr\/blog\/inscrire-son-enfant-a-lecole-en-france-quand-on-est-etranger\/"},"author":{"name":"Avoloi","@id":"https:\/\/avoloi.fr\/blog\/#\/schema\/person\/23b73188a8a805006f016e2a3cb617b1"},"headline":"Inscrire son enfant \u00e0 l\u2019\u00e9cole en France quand on est \u00e9tranger","datePublished":"2020-08-30T08:06:00+00:00","mainEntityOfPage":{"@id":"https:\/\/avoloi.fr\/blog\/inscrire-son-enfant-a-lecole-en-france-quand-on-est-etranger\/"},"wordCount":865,"commentCount":0,"publisher":{"@id":"https:\/\/avoloi.fr\/blog\/#organization"},"image":{"@id":"https:\/\/avoloi.fr\/blog\/inscrire-son-enfant-a-lecole-en-france-quand-on-est-etranger\/#primaryimage"},"thumbnailUrl":"https:\/\/avoloi.fr\/blog\/wp-content\/uploads\/2020\/08\/inscription-ecole-enfant-etranger.jpg","keywords":["enfant \u00e9tranger","inscription scolaire","instruction obligatoire","scolarit\u00e9"],"articleSection":["Droit des \u00e9trangers"],"inLanguage":"fr-FR","potentialAction":[{"@type":"CommentAction","name":"Comment","target":["https:\/\/avoloi.fr\/blog\/inscrire-son-enfant-a-lecole-en-france-quand-on-est-etranger\/#respond"]}]},{"@type":"WebPage","@id":"https:\/\/avoloi.fr\/blog\/inscrire-son-enfant-a-lecole-en-france-quand-on-est-etranger\/","url":"https:\/\/avoloi.fr\/blog\/inscrire-son-enfant-a-lecole-en-france-quand-on-est-etranger\/","name":"Inscrire son enfant \u00e0 l\u2019\u00e9cole en France quand on est \u00e9tranger - Le blog Avoloi","isPartOf":{"@id":"https:\/\/avoloi.fr\/blog\/#website"},"primaryImageOfPage":{"@id":"https:\/\/avoloi.fr\/blog\/inscrire-son-enfant-a-lecole-en-france-quand-on-est-etranger\/#primaryimage"},"image":{"@id":"https:\/\/avoloi.fr\/blog\/inscrire-son-enfant-a-lecole-en-france-quand-on-est-etranger\/#primaryimage"},"thumbnailUrl":"https:\/\/avoloi.fr\/blog\/wp-content\/uploads\/2020\/08\/inscription-ecole-enfant-etranger.jpg","datePublished":"2020-08-30T08:06:00+00:00","breadcrumb":{"@id":"https:\/\/avoloi.fr\/blog\/inscrire-son-enfant-a-lecole-en-france-quand-on-est-etranger\/#breadcrumb"},"inLanguage":"fr-FR","potentialAction":[{"@type":"ReadAction","target":["https:\/\/avoloi.fr\/blog\/inscrire-son-enfant-a-lecole-en-france-quand-on-est-etranger\/"]}]},{"@type":"ImageObject","inLanguage":"fr-FR","@id":"https:\/\/avoloi.fr\/blog\/inscrire-son-enfant-a-lecole-en-france-quand-on-est-etranger\/#primaryimage","url":"https:\/\/avoloi.fr\/blog\/wp-content\/uploads\/2020\/08\/inscription-ecole-enfant-etranger.jpg","contentUrl":"https:\/\/avoloi.fr\/blog\/wp-content\/uploads\/2020\/08\/inscription-ecole-enfant-etranger.jpg","width":500,"height":353},{"@type":"BreadcrumbList","@id":"https:\/\/avoloi.fr\/blog\/inscrire-son-enfant-a-lecole-en-france-quand-on-est-etranger\/#breadcrumb","itemListElement":[{"@type":"ListItem","position":1,"name":"Accueil","item":"https:\/\/avoloi.fr\/blog\/"},{"@type":"ListItem","position":2,"name":"Inscrire son enfant \u00e0 l\u2019\u00e9cole en France quand on est \u00e9tranger"}]},{"@type":"WebSite","@id":"https:\/\/avoloi.fr\/blog\/#website","url":"https:\/\/avoloi.fr\/blog\/","name":"Le blog Avoloi","description":"","publisher":{"@id":"https:\/\/avoloi.fr\/blog\/#organization"},"potentialAction":[{"@type":"SearchAction","target":{"@type":"EntryPoint","urlTemplate":"https:\/\/avoloi.fr\/blog\/?s={search_term_string}"},"query-input":{"@type":"PropertyValueSpecification","valueRequired":true,"valueName":"search_term_string"}}],"inLanguage":"fr-FR"},{"@type":"Organization","@id":"https:\/\/avoloi.fr\/blog\/#organization","name":"Avoloi","url":"https:\/\/avoloi.fr\/blog\/","logo":{"@type":"ImageObject","inLanguage":"fr-FR","@id":"https:\/\/avoloi.fr\/blog\/#\/schema\/logo\/image\/","url":"https:\/\/avoloi.fr\/blog\/wp-content\/uploads\/2022\/06\/avoloi_726x172.png","contentUrl":"https:\/\/avoloi.fr\/blog\/wp-content\/uploads\/2022\/06\/avoloi_726x172.png","width":726,"height":172,"caption":"Avoloi"},"image":{"@id":"https:\/\/avoloi.fr\/blog\/#\/schema\/logo\/image\/"},"sameAs":["https:\/\/fr-fr.facebook.com\/avoloi\/","https:\/\/x.com\/avoloi","https:\/\/www.linkedin.com\/company\/11097274\/","https:\/\/www.instagram.com\/avoloi\/"]},{"@type":"Person","@id":"https:\/\/avoloi.fr\/blog\/#\/schema\/person\/23b73188a8a805006f016e2a3cb617b1","name":"Avoloi","image":{"@type":"ImageObject","inLanguage":"fr-FR","@id":"https:\/\/secure.gravatar.com\/avatar\/2ec2e99d2d37d9499d05c0d8442d636f63a751b8a8c16870416ac671c571f81d?s=96&d=mm&r=g","url":"https:\/\/secure.gravatar.com\/avatar\/2ec2e99d2d37d9499d05c0d8442d636f63a751b8a8c16870416ac671c571f81d?s=96&d=mm&r=g","contentUrl":"https:\/\/secure.gravatar.com\/avatar\/2ec2e99d2d37d9499d05c0d8442d636f63a751b8a8c16870416ac671c571f81d?s=96&d=mm&r=g","caption":"Avoloi"}}]}},"_links":{"self":[{"href":"https:\/\/avoloi.fr\/blog\/wp-json\/wp\/v2\/posts\/19304","targetHints":{"allow":["GET"]}}],"collection":[{"href":"https:\/\/avoloi.fr\/blog\/wp-json\/wp\/v2\/posts"}],"about":[{"href":"https:\/\/avoloi.fr\/blog\/wp-json\/wp\/v2\/types\/post"}],"author":[{"embeddable":true,"href":"https:\/\/avoloi.fr\/blog\/wp-json\/wp\/v2\/users\/2"}],"replies":[{"embeddable":true,"href":"https:\/\/avoloi.fr\/blog\/wp-json\/wp\/v2\/comments?post=19304"}],"version-history":[{"count":0,"href":"https:\/\/avoloi.fr\/blog\/wp-json\/wp\/v2\/posts\/19304\/revisions"}],"wp:featuredmedia":[{"embeddable":true,"href":"https:\/\/avoloi.fr\/blog\/wp-json\/wp\/v2\/media\/19370"}],"wp:attachment":[{"href":"https:\/\/avoloi.fr\/blog\/wp-json\/wp\/v2\/media?parent=19304"}],"wp:term":[{"taxonomy":"category","embeddable":true,"href":"https:\/\/avoloi.fr\/blog\/wp-json\/wp\/v2\/categories?post=19304"},{"taxonomy":"post_tag","embeddable":true,"href":"https:\/\/avoloi.fr\/blog\/wp-json\/wp\/v2\/tags?post=19304"}],"curies":[{"name":"wp","href":"https:\/\/api.w.org\/{rel}","templated":true}]}}