{"id":18369,"date":"2020-05-25T07:19:06","date_gmt":"2020-05-25T07:19:06","guid":{"rendered":"https:\/\/avoloi.eu\/?p=18369"},"modified":"2020-05-25T07:19:06","modified_gmt":"2020-05-25T07:19:06","slug":"la-reforme-du-droit-de-la-famille-quels-changements-a-prevoir","status":"publish","type":"post","link":"https:\/\/avoloi.fr\/blog\/la-reforme-du-droit-de-la-famille-quels-changements-a-prevoir\/","title":{"rendered":"La r\u00e9forme du droit de la famille : quels changements \u00e0 pr\u00e9voir ?"},"content":{"rendered":"<p>Les \u00e9volutions du droit t\u00e9moignent du changement profond des m\u0153urs de la soci\u00e9t\u00e9 civile. Avec la loi du 23 mars 2019, le l\u00e9gislateur a souhait\u00e9 r\u00e9pondre aux pr\u00e9occupations des familles fran\u00e7aises en mati\u00e8re de droit de la famille. L&rsquo;objectif est de simplifier et d&rsquo;acc\u00e9l\u00e9rer les proc\u00e9dures en droit familial afin de d\u00e9sengorger les tribunaux et de s&rsquo;adapter \u00e0 la mutation du mod\u00e8le familial : all\u00e8gement de la proc\u00e9dure de divorce par consentement mutuel, changement de r\u00e9gime matrimonial sans d\u00e9lai, g\u00e9n\u00e9ralisation de la m\u00e9diation familiale, &#8230;<br \/>\nCette r\u00e9forme a commenc\u00e9 son entr\u00e9e en vigueur le 1er janvier 2020. Elle sera progressivement appliqu\u00e9e en fonction des d\u00e9crets d&rsquo;application de la loi n\u00b02019-222 du 23 mars 2019 portant sur la programmation de la r\u00e9forme de la justice 2018-2022. Voici les principaux changements en droit de la famille.<\/p>\n<h2><strong>Un changement de r\u00e9gime matrimonial sans homologation syst\u00e9matique par un juge<\/strong><\/h2>\n<p>Le r\u00e9gime matrimonial d&rsquo;un couple d\u00e9pend du r\u00e9gime d\u00e9cid\u00e9 lors de la signature de l&rsquo;acte de mariage. En l&rsquo;absence d&rsquo;un contrat de mariage, le r\u00e9gime applicable est celui de la communaut\u00e9 universelle. Avant la r\u00e9forme, si le couple avec des enfants d\u00e9cidait de changer leur r\u00e9gime matrimonial dans les deux ans suivant le mariage, une homologation judiciaire \u00e9tait obligatoire pour valider un contrat de mariage, par exemple. Aujourd&rsquo;hui, un simple acte notari\u00e9 permet de donner force ex\u00e9cutoire \u00e0 un changement de r\u00e9gime matrimonial, sauf si le notaire constate une atteinte aux int\u00e9r\u00eats patrimoniaux des enfants mineurs. Dans ce cas, le notaire peut saisir le juge. Notez qu&rsquo;en cas d&rsquo;opposition formul\u00e9e par un tiers, l&rsquo;homologation judiciaire devient obligatoire.<\/p>\n<h2><strong>Suppression de la phase de conciliation lors d&rsquo;un divorce<\/strong><\/h2>\n<p>Afin d&rsquo;acc\u00e9l\u00e9rer les divorces par consentement mutuel, notamment lorsque toutes les modalit\u00e9s ont \u00e9t\u00e9 n\u00e9goci\u00e9es par le couple, le l\u00e9gislateur a supprim\u00e9 la phase obligatoire de conciliation. Le juge pourra tout de m\u00eame prendre des mesures provisoires jusqu&rsquo;au prononc\u00e9 du divorce (pension alimentaire provisoire, lieu de r\u00e9sidence des enfants, etc.). Les avocats des parties doivent produire un \u00e9crit sous forme de convention n\u00e9goci\u00e9e. Ainsi, le juge accordera son homologation sur la base des n\u00e9gociations pr\u00e9vues par la convention. Cette disposition entrera en vigueur au plus tard le 1er septembre 2020.<\/p>\n<h2><strong>G\u00e9n\u00e9ralisation du recours \u00e0 la m\u00e9diation familiale<\/strong><\/h2>\n<p>Les relations intra-familiales \u00e9voluent constamment \u00e0 l&rsquo;issue d&rsquo;un divorce ou d&rsquo;une s\u00e9paration. Pour \u00e9viter le recours syst\u00e9matique au JAF (juge aux affaires familiales) au sujet de questions pouvant \u00eatre solutionn\u00e9es en dehors du syst\u00e8me judiciaire, le l\u00e9gislateur a d\u00e9velopp\u00e9 le recours \u00e0 la m\u00e9diation familiale. Avant tout proc\u00e8s pr\u00e9sent\u00e9 devant le juge, le m\u00e9diateur assistera les familles dans la n\u00e9gociation de solutions amiables face \u00e0 toutes les questions litigieuses. L&rsquo;id\u00e9e est d&rsquo;\u00e9viter les longs d\u00e9bats devant le juge qui ne statuera que sur les questions importantes et validera les propositions n\u00e9goci\u00e9es. Ce type de r\u00e8glement alternatif de conflits permet de pr\u00e9parer un proc\u00e8s et d&rsquo;ex\u00e9cuter les d\u00e9cisions judiciaires a posteriori.<\/p>\n<h2><strong>Mesures coercitives pour obtenir l&rsquo;ex\u00e9cution d&rsquo;une d\u00e9cision judiciaire<\/strong><\/h2>\n<p>La non-ex\u00e9cution des d\u00e9cisions du juge familial est un v\u00e9ritable fl\u00e9au portant atteinte \u00e0 la vie paisible des familles, suite \u00e0 une s\u00e9paration des parents. Ainsi, il \u00e9tait difficile pour un parent d&rsquo;obtenir le versement forc\u00e9 d&rsquo;une pension alimentaire ou la pr\u00e9sentation d&rsquo;un enfant. Les sanctions \u00e9taient l\u00e9g\u00e8res, voire nulles. De plus, il fallait porter plainte et attendre l&rsquo;intervention du juge. Les mesures pour faire respecter les d\u00e9cisions \u00e9taient inefficaces. Avec la r\u00e9forme du droit de la famille, les d\u00e9cisions du JAF sont assorties de mesures coercitives telles que :<\/p>\n<ul>\n<li>L&rsquo;intervention du Procureur de la R\u00e9publique pour faire intervenir les forces de l&rsquo;ordre aux fins d&rsquo;ex\u00e9cution de la d\u00e9cision de justice.<\/li>\n<li>La mise en place d&rsquo;une astreinte en cas de non-ex\u00e9cution d&rsquo;une d\u00e9cision<\/li>\n<li>La condamnation \u00e0 une amende de 10 000 \u20ac du parent qui fait opposition \u00e0 l&rsquo;application d&rsquo;une d\u00e9cision de fa\u00e7on grave et renouvel\u00e9e.<\/li>\n<\/ul>\n<h2><strong>Attribution du logement familial suite \u00e0 une s\u00e9paration ou rupture de PACS<\/strong><\/h2>\n<p>La s\u00e9paration suite \u00e0 une union libre et la rupture de PACS posaient le probl\u00e8me de l&rsquo;attribution du logement familial en pr\u00e9sence d&rsquo;enfants. En effet, le PACS n&rsquo;ayant pas r\u00e9glement\u00e9 l&rsquo;attribution du logement, ainsi que la s\u00e9paration des concubins rendaient difficilement applicable une priorit\u00e9 de droit pour l&rsquo;un des parents. Le nouvel article 373-2-9-1 du Code civil donne comp\u00e9tence au JAF pour attribuer la jouissance du logement d\u00e9j\u00e0 habit\u00e9 par la famille \u00e0 l&rsquo;un des deux parents. Cette attribution se fait dans le cadre de la saisine du juge concernant les modalit\u00e9s d&rsquo;application de l&rsquo;autorit\u00e9 parentale. L&rsquo;int\u00e9r\u00eat des enfants est primordial. Cette attribution peut se faire soit dans le cadre d&rsquo;un bail, soit dans le cadre d&rsquo;un bien acquis (en contrepartie d&rsquo;une indemnit\u00e9 d&rsquo;occupation).<\/p>\n","protected":false},"excerpt":{"rendered":"<p>Les \u00e9volutions du droit t\u00e9moignent du changement profond des m\u0153urs de la soci\u00e9t\u00e9 civile. Avec la loi du 23 mars 2019, le l\u00e9gislateur a souhait\u00e9 r\u00e9pondre aux pr\u00e9occupations des familles fran\u00e7aises en mati\u00e8re de droit de la famille. L&rsquo;objectif est de simplifier et d&rsquo;acc\u00e9l\u00e9rer les proc\u00e9dures en droit familial afin de d\u00e9sengorger les tribunaux et [&hellip;]<\/p>\n","protected":false},"author":2,"featured_media":18373,"comment_status":"open","ping_status":"closed","sticky":false,"template":"","format":"standard","meta":{"footnotes":""},"categories":[270],"tags":[64,98,416,417,309,358,418,80],"class_list":["post-18369","post","type-post","status-publish","format-standard","has-post-thumbnail","hentry","category-droit-de-la-famille","tag-divorce","tag-famille","tag-logement-familial","tag-mediation","tag-procedure","tag-reforme","tag-regime-matrimonial","tag-separation"],"yoast_head":"<!-- This site is optimized with the Yoast SEO plugin v27.4 - https:\/\/yoast.com\/product\/yoast-seo-wordpress\/ -->\n<title>La r\u00e9forme du droit de la famille : quels changements \u00e0 pr\u00e9voir ? - Le blog Avoloi<\/title>\n<meta name=\"robots\" content=\"index, follow, max-snippet:-1, max-image-preview:large, max-video-preview:-1\" \/>\n<link rel=\"canonical\" href=\"https:\/\/avoloi.fr\/blog\/la-reforme-du-droit-de-la-famille-quels-changements-a-prevoir\/\" \/>\n<meta property=\"og:locale\" content=\"fr_FR\" \/>\n<meta property=\"og:type\" content=\"article\" \/>\n<meta property=\"og:title\" content=\"La r\u00e9forme du droit de la famille : quels changements \u00e0 pr\u00e9voir ? - Le blog Avoloi\" \/>\n<meta property=\"og:description\" content=\"Les \u00e9volutions du droit t\u00e9moignent du changement profond des m\u0153urs de la soci\u00e9t\u00e9 civile. Avec la loi du 23 mars 2019, le l\u00e9gislateur a souhait\u00e9 r\u00e9pondre aux pr\u00e9occupations des familles fran\u00e7aises en mati\u00e8re de droit de la famille. L&rsquo;objectif est de simplifier et d&rsquo;acc\u00e9l\u00e9rer les proc\u00e9dures en droit familial afin de d\u00e9sengorger les tribunaux et [&hellip;]\" \/>\n<meta property=\"og:url\" content=\"https:\/\/avoloi.fr\/blog\/la-reforme-du-droit-de-la-famille-quels-changements-a-prevoir\/\" \/>\n<meta property=\"og:site_name\" content=\"Le blog Avoloi\" \/>\n<meta property=\"article:publisher\" content=\"https:\/\/fr-fr.facebook.com\/avoloi\/\" \/>\n<meta property=\"article:published_time\" content=\"2020-05-25T07:19:06+00:00\" \/>\n<meta property=\"og:image\" content=\"https:\/\/avoloi.fr\/blog\/wp-content\/uploads\/2020\/05\/famille-scaled-e1590415202223.jpg\" \/>\n\t<meta property=\"og:image:width\" content=\"1707\" \/>\n\t<meta property=\"og:image:height\" content=\"1600\" \/>\n\t<meta property=\"og:image:type\" content=\"image\/jpeg\" \/>\n<meta name=\"author\" content=\"Avoloi\" \/>\n<meta name=\"twitter:card\" content=\"summary_large_image\" \/>\n<meta name=\"twitter:creator\" content=\"@avoloi\" \/>\n<meta name=\"twitter:site\" content=\"@avoloi\" \/>\n<meta name=\"twitter:label1\" content=\"\u00c9crit par\" \/>\n\t<meta name=\"twitter:data1\" content=\"Avoloi\" \/>\n\t<meta name=\"twitter:label2\" content=\"Dur\u00e9e de lecture estim\u00e9e\" \/>\n\t<meta name=\"twitter:data2\" content=\"4 minutes\" \/>\n<script type=\"application\/ld+json\" class=\"yoast-schema-graph\">{\"@context\":\"https:\\\/\\\/schema.org\",\"@graph\":[{\"@type\":\"Article\",\"@id\":\"https:\\\/\\\/avoloi.fr\\\/blog\\\/la-reforme-du-droit-de-la-famille-quels-changements-a-prevoir\\\/#article\",\"isPartOf\":{\"@id\":\"https:\\\/\\\/avoloi.fr\\\/blog\\\/la-reforme-du-droit-de-la-famille-quels-changements-a-prevoir\\\/\"},\"author\":{\"name\":\"Avoloi\",\"@id\":\"https:\\\/\\\/avoloi.fr\\\/blog\\\/#\\\/schema\\\/person\\\/23b73188a8a805006f016e2a3cb617b1\"},\"headline\":\"La r\u00e9forme du droit de la famille : quels changements \u00e0 pr\u00e9voir ?\",\"datePublished\":\"2020-05-25T07:19:06+00:00\",\"mainEntityOfPage\":{\"@id\":\"https:\\\/\\\/avoloi.fr\\\/blog\\\/la-reforme-du-droit-de-la-famille-quels-changements-a-prevoir\\\/\"},\"wordCount\":912,\"commentCount\":0,\"publisher\":{\"@id\":\"https:\\\/\\\/avoloi.fr\\\/blog\\\/#organization\"},\"image\":{\"@id\":\"https:\\\/\\\/avoloi.fr\\\/blog\\\/la-reforme-du-droit-de-la-famille-quels-changements-a-prevoir\\\/#primaryimage\"},\"thumbnailUrl\":\"https:\\\/\\\/avoloi.fr\\\/blog\\\/wp-content\\\/uploads\\\/2020\\\/05\\\/famille-scaled-e1590415202223.jpg\",\"keywords\":[\"divorce\",\"famille\",\"logement familial\",\"m\u00e9diation\",\"proc\u00e9dure\",\"r\u00e9forme\",\"r\u00e9gime matrimonial\",\"s\u00e9paration\"],\"articleSection\":[\"Droit de la famille\"],\"inLanguage\":\"fr-FR\",\"potentialAction\":[{\"@type\":\"CommentAction\",\"name\":\"Comment\",\"target\":[\"https:\\\/\\\/avoloi.fr\\\/blog\\\/la-reforme-du-droit-de-la-famille-quels-changements-a-prevoir\\\/#respond\"]}]},{\"@type\":\"WebPage\",\"@id\":\"https:\\\/\\\/avoloi.fr\\\/blog\\\/la-reforme-du-droit-de-la-famille-quels-changements-a-prevoir\\\/\",\"url\":\"https:\\\/\\\/avoloi.fr\\\/blog\\\/la-reforme-du-droit-de-la-famille-quels-changements-a-prevoir\\\/\",\"name\":\"La r\u00e9forme du droit de la famille : quels changements \u00e0 pr\u00e9voir ? - Le blog Avoloi\",\"isPartOf\":{\"@id\":\"https:\\\/\\\/avoloi.fr\\\/blog\\\/#website\"},\"primaryImageOfPage\":{\"@id\":\"https:\\\/\\\/avoloi.fr\\\/blog\\\/la-reforme-du-droit-de-la-famille-quels-changements-a-prevoir\\\/#primaryimage\"},\"image\":{\"@id\":\"https:\\\/\\\/avoloi.fr\\\/blog\\\/la-reforme-du-droit-de-la-famille-quels-changements-a-prevoir\\\/#primaryimage\"},\"thumbnailUrl\":\"https:\\\/\\\/avoloi.fr\\\/blog\\\/wp-content\\\/uploads\\\/2020\\\/05\\\/famille-scaled-e1590415202223.jpg\",\"datePublished\":\"2020-05-25T07:19:06+00:00\",\"breadcrumb\":{\"@id\":\"https:\\\/\\\/avoloi.fr\\\/blog\\\/la-reforme-du-droit-de-la-famille-quels-changements-a-prevoir\\\/#breadcrumb\"},\"inLanguage\":\"fr-FR\",\"potentialAction\":[{\"@type\":\"ReadAction\",\"target\":[\"https:\\\/\\\/avoloi.fr\\\/blog\\\/la-reforme-du-droit-de-la-famille-quels-changements-a-prevoir\\\/\"]}]},{\"@type\":\"ImageObject\",\"inLanguage\":\"fr-FR\",\"@id\":\"https:\\\/\\\/avoloi.fr\\\/blog\\\/la-reforme-du-droit-de-la-famille-quels-changements-a-prevoir\\\/#primaryimage\",\"url\":\"https:\\\/\\\/avoloi.fr\\\/blog\\\/wp-content\\\/uploads\\\/2020\\\/05\\\/famille-scaled-e1590415202223.jpg\",\"contentUrl\":\"https:\\\/\\\/avoloi.fr\\\/blog\\\/wp-content\\\/uploads\\\/2020\\\/05\\\/famille-scaled-e1590415202223.jpg\",\"width\":1707,\"height\":1600},{\"@type\":\"BreadcrumbList\",\"@id\":\"https:\\\/\\\/avoloi.fr\\\/blog\\\/la-reforme-du-droit-de-la-famille-quels-changements-a-prevoir\\\/#breadcrumb\",\"itemListElement\":[{\"@type\":\"ListItem\",\"position\":1,\"name\":\"Accueil\",\"item\":\"https:\\\/\\\/avoloi.fr\\\/blog\\\/\"},{\"@type\":\"ListItem\",\"position\":2,\"name\":\"La r\u00e9forme du droit de la famille : quels changements \u00e0 pr\u00e9voir ?\"}]},{\"@type\":\"WebSite\",\"@id\":\"https:\\\/\\\/avoloi.fr\\\/blog\\\/#website\",\"url\":\"https:\\\/\\\/avoloi.fr\\\/blog\\\/\",\"name\":\"Le blog Avoloi\",\"description\":\"\",\"publisher\":{\"@id\":\"https:\\\/\\\/avoloi.fr\\\/blog\\\/#organization\"},\"potentialAction\":[{\"@type\":\"SearchAction\",\"target\":{\"@type\":\"EntryPoint\",\"urlTemplate\":\"https:\\\/\\\/avoloi.fr\\\/blog\\\/?s={search_term_string}\"},\"query-input\":{\"@type\":\"PropertyValueSpecification\",\"valueRequired\":true,\"valueName\":\"search_term_string\"}}],\"inLanguage\":\"fr-FR\"},{\"@type\":\"Organization\",\"@id\":\"https:\\\/\\\/avoloi.fr\\\/blog\\\/#organization\",\"name\":\"Avoloi\",\"url\":\"https:\\\/\\\/avoloi.fr\\\/blog\\\/\",\"logo\":{\"@type\":\"ImageObject\",\"inLanguage\":\"fr-FR\",\"@id\":\"https:\\\/\\\/avoloi.fr\\\/blog\\\/#\\\/schema\\\/logo\\\/image\\\/\",\"url\":\"https:\\\/\\\/avoloi.fr\\\/blog\\\/wp-content\\\/uploads\\\/2022\\\/06\\\/avoloi_726x172.png\",\"contentUrl\":\"https:\\\/\\\/avoloi.fr\\\/blog\\\/wp-content\\\/uploads\\\/2022\\\/06\\\/avoloi_726x172.png\",\"width\":726,\"height\":172,\"caption\":\"Avoloi\"},\"image\":{\"@id\":\"https:\\\/\\\/avoloi.fr\\\/blog\\\/#\\\/schema\\\/logo\\\/image\\\/\"},\"sameAs\":[\"https:\\\/\\\/fr-fr.facebook.com\\\/avoloi\\\/\",\"https:\\\/\\\/x.com\\\/avoloi\",\"https:\\\/\\\/www.linkedin.com\\\/company\\\/11097274\\\/\",\"https:\\\/\\\/www.instagram.com\\\/avoloi\\\/\"]},{\"@type\":\"Person\",\"@id\":\"https:\\\/\\\/avoloi.fr\\\/blog\\\/#\\\/schema\\\/person\\\/23b73188a8a805006f016e2a3cb617b1\",\"name\":\"Avoloi\",\"image\":{\"@type\":\"ImageObject\",\"inLanguage\":\"fr-FR\",\"@id\":\"https:\\\/\\\/secure.gravatar.com\\\/avatar\\\/2ec2e99d2d37d9499d05c0d8442d636f63a751b8a8c16870416ac671c571f81d?s=96&d=mm&r=g\",\"url\":\"https:\\\/\\\/secure.gravatar.com\\\/avatar\\\/2ec2e99d2d37d9499d05c0d8442d636f63a751b8a8c16870416ac671c571f81d?s=96&d=mm&r=g\",\"contentUrl\":\"https:\\\/\\\/secure.gravatar.com\\\/avatar\\\/2ec2e99d2d37d9499d05c0d8442d636f63a751b8a8c16870416ac671c571f81d?s=96&d=mm&r=g\",\"caption\":\"Avoloi\"}}]}<\/script>\n<!-- \/ Yoast SEO plugin. -->","yoast_head_json":{"title":"La r\u00e9forme du droit de la famille : quels changements \u00e0 pr\u00e9voir ? - Le blog Avoloi","robots":{"index":"index","follow":"follow","max-snippet":"max-snippet:-1","max-image-preview":"max-image-preview:large","max-video-preview":"max-video-preview:-1"},"canonical":"https:\/\/avoloi.fr\/blog\/la-reforme-du-droit-de-la-famille-quels-changements-a-prevoir\/","og_locale":"fr_FR","og_type":"article","og_title":"La r\u00e9forme du droit de la famille : quels changements \u00e0 pr\u00e9voir ? - Le blog Avoloi","og_description":"Les \u00e9volutions du droit t\u00e9moignent du changement profond des m\u0153urs de la soci\u00e9t\u00e9 civile. Avec la loi du 23 mars 2019, le l\u00e9gislateur a souhait\u00e9 r\u00e9pondre aux pr\u00e9occupations des familles fran\u00e7aises en mati\u00e8re de droit de la famille. L&rsquo;objectif est de simplifier et d&rsquo;acc\u00e9l\u00e9rer les proc\u00e9dures en droit familial afin de d\u00e9sengorger les tribunaux et [&hellip;]","og_url":"https:\/\/avoloi.fr\/blog\/la-reforme-du-droit-de-la-famille-quels-changements-a-prevoir\/","og_site_name":"Le blog Avoloi","article_publisher":"https:\/\/fr-fr.facebook.com\/avoloi\/","article_published_time":"2020-05-25T07:19:06+00:00","og_image":[{"width":1707,"height":1600,"url":"https:\/\/avoloi.fr\/blog\/wp-content\/uploads\/2020\/05\/famille-scaled-e1590415202223.jpg","type":"image\/jpeg"}],"author":"Avoloi","twitter_card":"summary_large_image","twitter_creator":"@avoloi","twitter_site":"@avoloi","twitter_misc":{"\u00c9crit par":"Avoloi","Dur\u00e9e de lecture estim\u00e9e":"4 minutes"},"schema":{"@context":"https:\/\/schema.org","@graph":[{"@type":"Article","@id":"https:\/\/avoloi.fr\/blog\/la-reforme-du-droit-de-la-famille-quels-changements-a-prevoir\/#article","isPartOf":{"@id":"https:\/\/avoloi.fr\/blog\/la-reforme-du-droit-de-la-famille-quels-changements-a-prevoir\/"},"author":{"name":"Avoloi","@id":"https:\/\/avoloi.fr\/blog\/#\/schema\/person\/23b73188a8a805006f016e2a3cb617b1"},"headline":"La r\u00e9forme du droit de la famille : quels changements \u00e0 pr\u00e9voir ?","datePublished":"2020-05-25T07:19:06+00:00","mainEntityOfPage":{"@id":"https:\/\/avoloi.fr\/blog\/la-reforme-du-droit-de-la-famille-quels-changements-a-prevoir\/"},"wordCount":912,"commentCount":0,"publisher":{"@id":"https:\/\/avoloi.fr\/blog\/#organization"},"image":{"@id":"https:\/\/avoloi.fr\/blog\/la-reforme-du-droit-de-la-famille-quels-changements-a-prevoir\/#primaryimage"},"thumbnailUrl":"https:\/\/avoloi.fr\/blog\/wp-content\/uploads\/2020\/05\/famille-scaled-e1590415202223.jpg","keywords":["divorce","famille","logement familial","m\u00e9diation","proc\u00e9dure","r\u00e9forme","r\u00e9gime matrimonial","s\u00e9paration"],"articleSection":["Droit de la famille"],"inLanguage":"fr-FR","potentialAction":[{"@type":"CommentAction","name":"Comment","target":["https:\/\/avoloi.fr\/blog\/la-reforme-du-droit-de-la-famille-quels-changements-a-prevoir\/#respond"]}]},{"@type":"WebPage","@id":"https:\/\/avoloi.fr\/blog\/la-reforme-du-droit-de-la-famille-quels-changements-a-prevoir\/","url":"https:\/\/avoloi.fr\/blog\/la-reforme-du-droit-de-la-famille-quels-changements-a-prevoir\/","name":"La r\u00e9forme du droit de la famille : quels changements \u00e0 pr\u00e9voir ? - Le blog Avoloi","isPartOf":{"@id":"https:\/\/avoloi.fr\/blog\/#website"},"primaryImageOfPage":{"@id":"https:\/\/avoloi.fr\/blog\/la-reforme-du-droit-de-la-famille-quels-changements-a-prevoir\/#primaryimage"},"image":{"@id":"https:\/\/avoloi.fr\/blog\/la-reforme-du-droit-de-la-famille-quels-changements-a-prevoir\/#primaryimage"},"thumbnailUrl":"https:\/\/avoloi.fr\/blog\/wp-content\/uploads\/2020\/05\/famille-scaled-e1590415202223.jpg","datePublished":"2020-05-25T07:19:06+00:00","breadcrumb":{"@id":"https:\/\/avoloi.fr\/blog\/la-reforme-du-droit-de-la-famille-quels-changements-a-prevoir\/#breadcrumb"},"inLanguage":"fr-FR","potentialAction":[{"@type":"ReadAction","target":["https:\/\/avoloi.fr\/blog\/la-reforme-du-droit-de-la-famille-quels-changements-a-prevoir\/"]}]},{"@type":"ImageObject","inLanguage":"fr-FR","@id":"https:\/\/avoloi.fr\/blog\/la-reforme-du-droit-de-la-famille-quels-changements-a-prevoir\/#primaryimage","url":"https:\/\/avoloi.fr\/blog\/wp-content\/uploads\/2020\/05\/famille-scaled-e1590415202223.jpg","contentUrl":"https:\/\/avoloi.fr\/blog\/wp-content\/uploads\/2020\/05\/famille-scaled-e1590415202223.jpg","width":1707,"height":1600},{"@type":"BreadcrumbList","@id":"https:\/\/avoloi.fr\/blog\/la-reforme-du-droit-de-la-famille-quels-changements-a-prevoir\/#breadcrumb","itemListElement":[{"@type":"ListItem","position":1,"name":"Accueil","item":"https:\/\/avoloi.fr\/blog\/"},{"@type":"ListItem","position":2,"name":"La r\u00e9forme du droit de la famille : quels changements \u00e0 pr\u00e9voir ?"}]},{"@type":"WebSite","@id":"https:\/\/avoloi.fr\/blog\/#website","url":"https:\/\/avoloi.fr\/blog\/","name":"Le blog Avoloi","description":"","publisher":{"@id":"https:\/\/avoloi.fr\/blog\/#organization"},"potentialAction":[{"@type":"SearchAction","target":{"@type":"EntryPoint","urlTemplate":"https:\/\/avoloi.fr\/blog\/?s={search_term_string}"},"query-input":{"@type":"PropertyValueSpecification","valueRequired":true,"valueName":"search_term_string"}}],"inLanguage":"fr-FR"},{"@type":"Organization","@id":"https:\/\/avoloi.fr\/blog\/#organization","name":"Avoloi","url":"https:\/\/avoloi.fr\/blog\/","logo":{"@type":"ImageObject","inLanguage":"fr-FR","@id":"https:\/\/avoloi.fr\/blog\/#\/schema\/logo\/image\/","url":"https:\/\/avoloi.fr\/blog\/wp-content\/uploads\/2022\/06\/avoloi_726x172.png","contentUrl":"https:\/\/avoloi.fr\/blog\/wp-content\/uploads\/2022\/06\/avoloi_726x172.png","width":726,"height":172,"caption":"Avoloi"},"image":{"@id":"https:\/\/avoloi.fr\/blog\/#\/schema\/logo\/image\/"},"sameAs":["https:\/\/fr-fr.facebook.com\/avoloi\/","https:\/\/x.com\/avoloi","https:\/\/www.linkedin.com\/company\/11097274\/","https:\/\/www.instagram.com\/avoloi\/"]},{"@type":"Person","@id":"https:\/\/avoloi.fr\/blog\/#\/schema\/person\/23b73188a8a805006f016e2a3cb617b1","name":"Avoloi","image":{"@type":"ImageObject","inLanguage":"fr-FR","@id":"https:\/\/secure.gravatar.com\/avatar\/2ec2e99d2d37d9499d05c0d8442d636f63a751b8a8c16870416ac671c571f81d?s=96&d=mm&r=g","url":"https:\/\/secure.gravatar.com\/avatar\/2ec2e99d2d37d9499d05c0d8442d636f63a751b8a8c16870416ac671c571f81d?s=96&d=mm&r=g","contentUrl":"https:\/\/secure.gravatar.com\/avatar\/2ec2e99d2d37d9499d05c0d8442d636f63a751b8a8c16870416ac671c571f81d?s=96&d=mm&r=g","caption":"Avoloi"}}]}},"_links":{"self":[{"href":"https:\/\/avoloi.fr\/blog\/wp-json\/wp\/v2\/posts\/18369","targetHints":{"allow":["GET"]}}],"collection":[{"href":"https:\/\/avoloi.fr\/blog\/wp-json\/wp\/v2\/posts"}],"about":[{"href":"https:\/\/avoloi.fr\/blog\/wp-json\/wp\/v2\/types\/post"}],"author":[{"embeddable":true,"href":"https:\/\/avoloi.fr\/blog\/wp-json\/wp\/v2\/users\/2"}],"replies":[{"embeddable":true,"href":"https:\/\/avoloi.fr\/blog\/wp-json\/wp\/v2\/comments?post=18369"}],"version-history":[{"count":0,"href":"https:\/\/avoloi.fr\/blog\/wp-json\/wp\/v2\/posts\/18369\/revisions"}],"wp:featuredmedia":[{"embeddable":true,"href":"https:\/\/avoloi.fr\/blog\/wp-json\/wp\/v2\/media\/18373"}],"wp:attachment":[{"href":"https:\/\/avoloi.fr\/blog\/wp-json\/wp\/v2\/media?parent=18369"}],"wp:term":[{"taxonomy":"category","embeddable":true,"href":"https:\/\/avoloi.fr\/blog\/wp-json\/wp\/v2\/categories?post=18369"},{"taxonomy":"post_tag","embeddable":true,"href":"https:\/\/avoloi.fr\/blog\/wp-json\/wp\/v2\/tags?post=18369"}],"curies":[{"name":"wp","href":"https:\/\/api.w.org\/{rel}","templated":true}]}}