{"id":17756,"date":"2020-04-17T00:00:00","date_gmt":"2020-04-17T00:00:00","guid":{"rendered":"https:\/\/avoloi.eu\/2020\/04\/17\/les-radars-caches-desormais-interdit-2\/"},"modified":"2020-04-17T00:00:00","modified_gmt":"2020-04-17T00:00:00","slug":"les-radars-caches-desormais-interdit-2","status":"publish","type":"post","link":"https:\/\/avoloi.fr\/blog\/les-radars-caches-desormais-interdit-2\/","title":{"rendered":"Le droit routier \u00e0 l\u2019\u00e9preuve du Covid 19"},"content":{"rendered":"<p>Voil\u00e0 maintenant plusieurs semaines que nos soci\u00e9t\u00e9s modernes font face \u00e0 une pand\u00e9mie mondiale dont la Chine a \u00e9t\u00e9 le berceau.<br \/>\nSuite \u00e0 l\u2019\u00e9volution exponentielle du nombre de cas de contaminations en France et dans les Outre-mer, le Pr\u00e9sident de la R\u00e9publique n\u2019a pas h\u00e9sit\u00e9 \u00e0 mettre en place un confinement de la population, bouleversant ainsi la vie \u00e9conomique et sociale du pays et les obligations l\u00e9gislatives aff\u00e9rentes.<br \/>\nLe droit routier ne fait pas exception \u00e0 la r\u00e8gle puisque la loi d\u2019urgence pour faire face \u00e0 l\u2019\u00e9pid\u00e9mie du 23 mars 2020 est venue adapter cette mati\u00e8re \u00e0 la situation de crise sanitaire que nous traversons.<\/p>\n<h2>Les restrictions de d\u00e9placements<\/h2>\n<p>La distanciation sociale exig\u00e9e par la pand\u00e9mie implique une restriction importante des d\u00e9placements. Depuis le 17 mars et jusqu\u2019au 11 mai 2020, il est n\u00e9cessaire de se munir d\u2019une attestation sur l\u2019honneur justifiant du motif du d\u00e9placement lors de toute sortie hors du domicile.<br \/>\nLes d\u00e9placements sont strictement interdits \u00e0 l\u2019exception de situations sp\u00e9cifiques telles que le fait de se rendre sur son lieu de travail d\u00e8s lors que le t\u00e9l\u00e9travail n\u2019est pas possible ou encore afin de faire ses achats de premi\u00e8re n\u00e9cessit\u00e9 dans un commerce situ\u00e9 \u00e0 proximit\u00e9 du domicile. Le l\u00e9gislateur a fix\u00e9 une liste exhaustive de motifs justifiant les d\u00e9placements.<br \/>\nLes usagers de la route peuvent aussi bien circuler en voiture qu\u2019\u00e0 moto ou en v\u00e9lo lorsque leurs d\u00e9placements sont justifi\u00e9s. Les co-voiturages sont autoris\u00e9s, \u00e0 l\u2019image des taxis, sous r\u00e9serve de laisser vide le si\u00e8ge situ\u00e9 \u00e0 c\u00f4t\u00e9 du conducteur, d\u2019a\u00e9rer le v\u00e9hicule et de proc\u00e9der \u00e0 son nettoyage d\u00e9sinfectant tous les jours. Il convient aussi de pr\u00e9ciser que rien ne s\u2019oppose ni au fait de circuler \u00e0 plusieurs dans le v\u00e9hicule si tous les passagers disposent d\u2019une attestation, ni \u00e0 la pratique de la conduite accompagn\u00e9e.<br \/>\nDe plus, l\u2019article L3131-15 du Code de la sant\u00e9 publique dispose que : \u00ab Dans les circonscriptions territoriales o\u00f9 l&rsquo;\u00e9tat d&rsquo;urgence sanitaire est d\u00e9clar\u00e9, le Premier ministre peut, par d\u00e9cret r\u00e9glementaire pris sur le rapport du ministre charg\u00e9 de la sant\u00e9, aux seules fins de garantir la sant\u00e9 publique :<br \/>\n1\u00b0 Restreindre ou interdire la circulation des personnes et des v\u00e9hicules dans les lieux et aux heures fix\u00e9s par d\u00e9cret;<br \/>\n2\u00b0 Interdire aux personnes de sortir de leur domicile, sous r\u00e9serve des d\u00e9placements strictement indispensables aux besoins familiaux ou de sant\u00e9 {\u2026}\u00bb<br \/>\nEn vertu de ces dispositions, certains d\u00e9partements ont pris des arr\u00eat\u00e9s instaurant un couvre-feu lors duquel seuls les trajets domicile-travail ne pouvant \u00eatre diff\u00e9r\u00e9s et les urgences m\u00e9dicales sont autoris\u00e9s. C\u2019est notamment le cas de la Guadeloupe o\u00f9 le couvre-feu est en vigueur entre 20 heures et 5 heures.<\/p>\n<h2>Les sanctions<\/h2>\n<p>L\u2019effectivit\u00e9 de ces mesures \u00e9tant indispensable, les policiers et les gendarmes sont mobilis\u00e9s sur tout le territoire afin de dresser des proc\u00e8s-verbaux \u00e0 l\u2019encontre des usagers qui contreviendraient aux nouvelles r\u00e8gles.<br \/>\nAinsi, le code de la sant\u00e9 publique pr\u00e9voit des amendes de quatri\u00e8me classe pour sanctionner quiconque circule sans attestation valable. Cela correspond \u00e0 135\u20ac.<br \/>\nSi le paiement n\u2019est pas effectu\u00e9 dans le d\u00e9lai imparti, l\u2019amende major\u00e9e s\u2019\u00e9l\u00e8ve \u00e0 375\u20ac.<br \/>\nEn cas de nouvelle violation de la r\u00e9glementation dans les quinze jours, l\u2019avis de contravention re\u00e7u imposera une amende de 200\u20ac pouvant s\u2019\u00e9lever jusqu\u2019\u00e0 450\u20ac en cas de majoration.<br \/>\nPar ailleurs, des sanctions suppl\u00e9mentaires sont encourues par les justiciables qui feraient l\u2019objet de plus de trois contraventions dans un d\u00e9lai de trente jours. En effet, cela constitue alors un d\u00e9lit puni de 3750\u20ac d\u2019amende et d\u2019une peine pouvant aller jusqu\u2019\u00e0 six mois d\u2019emprisonnement. Des travaux d\u2019int\u00e9r\u00eat g\u00e9n\u00e9ral ou la suspension du permis de conduire peuvent s\u2019y ajouter.<br \/>\nIl est cependant possible de contester sa contravention dans un d\u00e9lai de 45 jours et de 30 jours si l\u2019amende est major\u00e9e. Pour ce faire, il est fortement recommand\u00e9 de pouvoir s\u2019appuyer sur un t\u00e9moin, de ne pas payer l\u2019amende et de se faire conseiller d\u2019un avocat.<\/p>\n<h2>Les documents administratifs<\/h2>\n<p>Le permis de conduire et le contr\u00f4le technique sont deux documents administratifs indispensables \u00e0 la circulation routi\u00e8re. Or, certains usagers peuvent \u00eatre confront\u00e9s \u00e0 l\u2019impossibilit\u00e9 d\u2019effectuer la visite m\u00e9dicale obligatoire pour r\u00e9cup\u00e9rer leur permis de conduire suite \u00e0 une suspension. En effet, ceux dont la suspension expire pendant le confinement verront cette suspension automatiquement prolong\u00e9e pendant toute la dur\u00e9e du confinement.<br \/>\nCependant, pour ce qui est du contr\u00f4le technique qui arriverait \u00e0 \u00e9ch\u00e9ance pendant le confinement, une tol\u00e9rance de trois mois est accord\u00e9e pour les conducteurs de v\u00e9hicules l\u00e9gers. Les v\u00e9hicules lourds b\u00e9n\u00e9ficient d\u2019une tol\u00e9rance de quinze jours. Il est important de noter que les centres de contr\u00f4le technique restent ouverts pendant la dur\u00e9e du confinement.<\/p>\n","protected":false},"excerpt":{"rendered":"<p>Voil\u00e0 maintenant plusieurs semaines que nos soci\u00e9t\u00e9s modernes font face \u00e0 une pand\u00e9mie mondiale dont la Chine a \u00e9t\u00e9 le berceau. Suite \u00e0 l\u2019\u00e9volution exponentielle du nombre de cas de contaminations en France et dans les Outre-mer, le Pr\u00e9sident de la R\u00e9publique n\u2019a pas h\u00e9sit\u00e9 \u00e0 mettre en place un confinement de la population, bouleversant [&hellip;]<\/p>\n","protected":false},"author":2,"featured_media":17757,"comment_status":"open","ping_status":"closed","sticky":false,"template":"","format":"standard","meta":{"footnotes":""},"categories":[41],"tags":[389,361,302,390,42],"class_list":["post-17756","post","type-post","status-publish","format-standard","has-post-thumbnail","hentry","category-droit-routier-permis-de-conduire","tag-controle-technique","tag-covid-19","tag-infraction","tag-permis-de-conduire","tag-route"],"yoast_head":"<!-- This site is optimized with the Yoast SEO plugin v27.4 - https:\/\/yoast.com\/product\/yoast-seo-wordpress\/ -->\n<title>Le droit routier \u00e0 l\u2019\u00e9preuve du Covid 19 - Le blog Avoloi<\/title>\n<meta name=\"robots\" content=\"index, follow, max-snippet:-1, max-image-preview:large, max-video-preview:-1\" \/>\n<link rel=\"canonical\" href=\"https:\/\/avoloi.fr\/blog\/les-radars-caches-desormais-interdit-2\/\" \/>\n<meta property=\"og:locale\" content=\"fr_FR\" \/>\n<meta property=\"og:type\" content=\"article\" \/>\n<meta property=\"og:title\" content=\"Le droit routier \u00e0 l\u2019\u00e9preuve du Covid 19 - Le blog Avoloi\" \/>\n<meta property=\"og:description\" content=\"Voil\u00e0 maintenant plusieurs semaines que nos soci\u00e9t\u00e9s modernes font face \u00e0 une pand\u00e9mie mondiale dont la Chine a \u00e9t\u00e9 le berceau. Suite \u00e0 l\u2019\u00e9volution exponentielle du nombre de cas de contaminations en France et dans les Outre-mer, le Pr\u00e9sident de la R\u00e9publique n\u2019a pas h\u00e9sit\u00e9 \u00e0 mettre en place un confinement de la population, bouleversant [&hellip;]\" \/>\n<meta property=\"og:url\" content=\"https:\/\/avoloi.fr\/blog\/les-radars-caches-desormais-interdit-2\/\" \/>\n<meta property=\"og:site_name\" content=\"Le blog Avoloi\" \/>\n<meta property=\"article:publisher\" content=\"https:\/\/fr-fr.facebook.com\/avoloi\/\" \/>\n<meta property=\"article:published_time\" content=\"2020-04-17T00:00:00+00:00\" \/>\n<meta property=\"og:image\" content=\"https:\/\/avoloi.fr\/blog\/wp-content\/uploads\/2020\/05\/Droite-tourier-scaled-1.jpg\" \/>\n\t<meta property=\"og:image:width\" content=\"2560\" \/>\n\t<meta property=\"og:image:height\" content=\"1707\" \/>\n\t<meta property=\"og:image:type\" content=\"image\/jpeg\" \/>\n<meta name=\"author\" content=\"Avoloi\" \/>\n<meta name=\"twitter:card\" content=\"summary_large_image\" \/>\n<meta name=\"twitter:creator\" content=\"@avoloi\" \/>\n<meta name=\"twitter:site\" content=\"@avoloi\" \/>\n<meta name=\"twitter:label1\" content=\"\u00c9crit par\" \/>\n\t<meta name=\"twitter:data1\" content=\"Avoloi\" \/>\n\t<meta name=\"twitter:label2\" content=\"Dur\u00e9e de lecture estim\u00e9e\" \/>\n\t<meta name=\"twitter:data2\" content=\"4 minutes\" \/>\n<script type=\"application\/ld+json\" class=\"yoast-schema-graph\">{\"@context\":\"https:\\\/\\\/schema.org\",\"@graph\":[{\"@type\":\"Article\",\"@id\":\"https:\\\/\\\/avoloi.fr\\\/blog\\\/les-radars-caches-desormais-interdit-2\\\/#article\",\"isPartOf\":{\"@id\":\"https:\\\/\\\/avoloi.fr\\\/blog\\\/les-radars-caches-desormais-interdit-2\\\/\"},\"author\":{\"name\":\"Avoloi\",\"@id\":\"https:\\\/\\\/avoloi.fr\\\/blog\\\/#\\\/schema\\\/person\\\/23b73188a8a805006f016e2a3cb617b1\"},\"headline\":\"Le droit routier \u00e0 l\u2019\u00e9preuve du Covid 19\",\"datePublished\":\"2020-04-17T00:00:00+00:00\",\"mainEntityOfPage\":{\"@id\":\"https:\\\/\\\/avoloi.fr\\\/blog\\\/les-radars-caches-desormais-interdit-2\\\/\"},\"wordCount\":867,\"commentCount\":0,\"publisher\":{\"@id\":\"https:\\\/\\\/avoloi.fr\\\/blog\\\/#organization\"},\"image\":{\"@id\":\"https:\\\/\\\/avoloi.fr\\\/blog\\\/les-radars-caches-desormais-interdit-2\\\/#primaryimage\"},\"thumbnailUrl\":\"https:\\\/\\\/avoloi.fr\\\/blog\\\/wp-content\\\/uploads\\\/2020\\\/05\\\/Droite-tourier-scaled-1.jpg\",\"keywords\":[\"contr\u00f4le technique\",\"covid-19\",\"infraction\",\"permis de conduire\",\"route\"],\"articleSection\":[\"Droit routier\\\/permis de conduire\"],\"inLanguage\":\"fr-FR\",\"potentialAction\":[{\"@type\":\"CommentAction\",\"name\":\"Comment\",\"target\":[\"https:\\\/\\\/avoloi.fr\\\/blog\\\/les-radars-caches-desormais-interdit-2\\\/#respond\"]}]},{\"@type\":\"WebPage\",\"@id\":\"https:\\\/\\\/avoloi.fr\\\/blog\\\/les-radars-caches-desormais-interdit-2\\\/\",\"url\":\"https:\\\/\\\/avoloi.fr\\\/blog\\\/les-radars-caches-desormais-interdit-2\\\/\",\"name\":\"Le droit routier \u00e0 l\u2019\u00e9preuve du Covid 19 - Le blog Avoloi\",\"isPartOf\":{\"@id\":\"https:\\\/\\\/avoloi.fr\\\/blog\\\/#website\"},\"primaryImageOfPage\":{\"@id\":\"https:\\\/\\\/avoloi.fr\\\/blog\\\/les-radars-caches-desormais-interdit-2\\\/#primaryimage\"},\"image\":{\"@id\":\"https:\\\/\\\/avoloi.fr\\\/blog\\\/les-radars-caches-desormais-interdit-2\\\/#primaryimage\"},\"thumbnailUrl\":\"https:\\\/\\\/avoloi.fr\\\/blog\\\/wp-content\\\/uploads\\\/2020\\\/05\\\/Droite-tourier-scaled-1.jpg\",\"datePublished\":\"2020-04-17T00:00:00+00:00\",\"breadcrumb\":{\"@id\":\"https:\\\/\\\/avoloi.fr\\\/blog\\\/les-radars-caches-desormais-interdit-2\\\/#breadcrumb\"},\"inLanguage\":\"fr-FR\",\"potentialAction\":[{\"@type\":\"ReadAction\",\"target\":[\"https:\\\/\\\/avoloi.fr\\\/blog\\\/les-radars-caches-desormais-interdit-2\\\/\"]}]},{\"@type\":\"ImageObject\",\"inLanguage\":\"fr-FR\",\"@id\":\"https:\\\/\\\/avoloi.fr\\\/blog\\\/les-radars-caches-desormais-interdit-2\\\/#primaryimage\",\"url\":\"https:\\\/\\\/avoloi.fr\\\/blog\\\/wp-content\\\/uploads\\\/2020\\\/05\\\/Droite-tourier-scaled-1.jpg\",\"contentUrl\":\"https:\\\/\\\/avoloi.fr\\\/blog\\\/wp-content\\\/uploads\\\/2020\\\/05\\\/Droite-tourier-scaled-1.jpg\",\"width\":2560,\"height\":1707},{\"@type\":\"BreadcrumbList\",\"@id\":\"https:\\\/\\\/avoloi.fr\\\/blog\\\/les-radars-caches-desormais-interdit-2\\\/#breadcrumb\",\"itemListElement\":[{\"@type\":\"ListItem\",\"position\":1,\"name\":\"Accueil\",\"item\":\"https:\\\/\\\/avoloi.fr\\\/blog\\\/\"},{\"@type\":\"ListItem\",\"position\":2,\"name\":\"Le droit routier \u00e0 l\u2019\u00e9preuve du Covid 19\"}]},{\"@type\":\"WebSite\",\"@id\":\"https:\\\/\\\/avoloi.fr\\\/blog\\\/#website\",\"url\":\"https:\\\/\\\/avoloi.fr\\\/blog\\\/\",\"name\":\"Le blog Avoloi\",\"description\":\"\",\"publisher\":{\"@id\":\"https:\\\/\\\/avoloi.fr\\\/blog\\\/#organization\"},\"potentialAction\":[{\"@type\":\"SearchAction\",\"target\":{\"@type\":\"EntryPoint\",\"urlTemplate\":\"https:\\\/\\\/avoloi.fr\\\/blog\\\/?s={search_term_string}\"},\"query-input\":{\"@type\":\"PropertyValueSpecification\",\"valueRequired\":true,\"valueName\":\"search_term_string\"}}],\"inLanguage\":\"fr-FR\"},{\"@type\":\"Organization\",\"@id\":\"https:\\\/\\\/avoloi.fr\\\/blog\\\/#organization\",\"name\":\"Avoloi\",\"url\":\"https:\\\/\\\/avoloi.fr\\\/blog\\\/\",\"logo\":{\"@type\":\"ImageObject\",\"inLanguage\":\"fr-FR\",\"@id\":\"https:\\\/\\\/avoloi.fr\\\/blog\\\/#\\\/schema\\\/logo\\\/image\\\/\",\"url\":\"https:\\\/\\\/avoloi.fr\\\/blog\\\/wp-content\\\/uploads\\\/2022\\\/06\\\/avoloi_726x172.png\",\"contentUrl\":\"https:\\\/\\\/avoloi.fr\\\/blog\\\/wp-content\\\/uploads\\\/2022\\\/06\\\/avoloi_726x172.png\",\"width\":726,\"height\":172,\"caption\":\"Avoloi\"},\"image\":{\"@id\":\"https:\\\/\\\/avoloi.fr\\\/blog\\\/#\\\/schema\\\/logo\\\/image\\\/\"},\"sameAs\":[\"https:\\\/\\\/fr-fr.facebook.com\\\/avoloi\\\/\",\"https:\\\/\\\/x.com\\\/avoloi\",\"https:\\\/\\\/www.linkedin.com\\\/company\\\/11097274\\\/\",\"https:\\\/\\\/www.instagram.com\\\/avoloi\\\/\"]},{\"@type\":\"Person\",\"@id\":\"https:\\\/\\\/avoloi.fr\\\/blog\\\/#\\\/schema\\\/person\\\/23b73188a8a805006f016e2a3cb617b1\",\"name\":\"Avoloi\",\"image\":{\"@type\":\"ImageObject\",\"inLanguage\":\"fr-FR\",\"@id\":\"https:\\\/\\\/secure.gravatar.com\\\/avatar\\\/2ec2e99d2d37d9499d05c0d8442d636f63a751b8a8c16870416ac671c571f81d?s=96&d=mm&r=g\",\"url\":\"https:\\\/\\\/secure.gravatar.com\\\/avatar\\\/2ec2e99d2d37d9499d05c0d8442d636f63a751b8a8c16870416ac671c571f81d?s=96&d=mm&r=g\",\"contentUrl\":\"https:\\\/\\\/secure.gravatar.com\\\/avatar\\\/2ec2e99d2d37d9499d05c0d8442d636f63a751b8a8c16870416ac671c571f81d?s=96&d=mm&r=g\",\"caption\":\"Avoloi\"}}]}<\/script>\n<!-- \/ Yoast SEO plugin. -->","yoast_head_json":{"title":"Le droit routier \u00e0 l\u2019\u00e9preuve du Covid 19 - Le blog Avoloi","robots":{"index":"index","follow":"follow","max-snippet":"max-snippet:-1","max-image-preview":"max-image-preview:large","max-video-preview":"max-video-preview:-1"},"canonical":"https:\/\/avoloi.fr\/blog\/les-radars-caches-desormais-interdit-2\/","og_locale":"fr_FR","og_type":"article","og_title":"Le droit routier \u00e0 l\u2019\u00e9preuve du Covid 19 - Le blog Avoloi","og_description":"Voil\u00e0 maintenant plusieurs semaines que nos soci\u00e9t\u00e9s modernes font face \u00e0 une pand\u00e9mie mondiale dont la Chine a \u00e9t\u00e9 le berceau. Suite \u00e0 l\u2019\u00e9volution exponentielle du nombre de cas de contaminations en France et dans les Outre-mer, le Pr\u00e9sident de la R\u00e9publique n\u2019a pas h\u00e9sit\u00e9 \u00e0 mettre en place un confinement de la population, bouleversant [&hellip;]","og_url":"https:\/\/avoloi.fr\/blog\/les-radars-caches-desormais-interdit-2\/","og_site_name":"Le blog Avoloi","article_publisher":"https:\/\/fr-fr.facebook.com\/avoloi\/","article_published_time":"2020-04-17T00:00:00+00:00","og_image":[{"width":2560,"height":1707,"url":"https:\/\/avoloi.fr\/blog\/wp-content\/uploads\/2020\/05\/Droite-tourier-scaled-1.jpg","type":"image\/jpeg"}],"author":"Avoloi","twitter_card":"summary_large_image","twitter_creator":"@avoloi","twitter_site":"@avoloi","twitter_misc":{"\u00c9crit par":"Avoloi","Dur\u00e9e de lecture estim\u00e9e":"4 minutes"},"schema":{"@context":"https:\/\/schema.org","@graph":[{"@type":"Article","@id":"https:\/\/avoloi.fr\/blog\/les-radars-caches-desormais-interdit-2\/#article","isPartOf":{"@id":"https:\/\/avoloi.fr\/blog\/les-radars-caches-desormais-interdit-2\/"},"author":{"name":"Avoloi","@id":"https:\/\/avoloi.fr\/blog\/#\/schema\/person\/23b73188a8a805006f016e2a3cb617b1"},"headline":"Le droit routier \u00e0 l\u2019\u00e9preuve du Covid 19","datePublished":"2020-04-17T00:00:00+00:00","mainEntityOfPage":{"@id":"https:\/\/avoloi.fr\/blog\/les-radars-caches-desormais-interdit-2\/"},"wordCount":867,"commentCount":0,"publisher":{"@id":"https:\/\/avoloi.fr\/blog\/#organization"},"image":{"@id":"https:\/\/avoloi.fr\/blog\/les-radars-caches-desormais-interdit-2\/#primaryimage"},"thumbnailUrl":"https:\/\/avoloi.fr\/blog\/wp-content\/uploads\/2020\/05\/Droite-tourier-scaled-1.jpg","keywords":["contr\u00f4le technique","covid-19","infraction","permis de conduire","route"],"articleSection":["Droit routier\/permis de conduire"],"inLanguage":"fr-FR","potentialAction":[{"@type":"CommentAction","name":"Comment","target":["https:\/\/avoloi.fr\/blog\/les-radars-caches-desormais-interdit-2\/#respond"]}]},{"@type":"WebPage","@id":"https:\/\/avoloi.fr\/blog\/les-radars-caches-desormais-interdit-2\/","url":"https:\/\/avoloi.fr\/blog\/les-radars-caches-desormais-interdit-2\/","name":"Le droit routier \u00e0 l\u2019\u00e9preuve du Covid 19 - Le blog Avoloi","isPartOf":{"@id":"https:\/\/avoloi.fr\/blog\/#website"},"primaryImageOfPage":{"@id":"https:\/\/avoloi.fr\/blog\/les-radars-caches-desormais-interdit-2\/#primaryimage"},"image":{"@id":"https:\/\/avoloi.fr\/blog\/les-radars-caches-desormais-interdit-2\/#primaryimage"},"thumbnailUrl":"https:\/\/avoloi.fr\/blog\/wp-content\/uploads\/2020\/05\/Droite-tourier-scaled-1.jpg","datePublished":"2020-04-17T00:00:00+00:00","breadcrumb":{"@id":"https:\/\/avoloi.fr\/blog\/les-radars-caches-desormais-interdit-2\/#breadcrumb"},"inLanguage":"fr-FR","potentialAction":[{"@type":"ReadAction","target":["https:\/\/avoloi.fr\/blog\/les-radars-caches-desormais-interdit-2\/"]}]},{"@type":"ImageObject","inLanguage":"fr-FR","@id":"https:\/\/avoloi.fr\/blog\/les-radars-caches-desormais-interdit-2\/#primaryimage","url":"https:\/\/avoloi.fr\/blog\/wp-content\/uploads\/2020\/05\/Droite-tourier-scaled-1.jpg","contentUrl":"https:\/\/avoloi.fr\/blog\/wp-content\/uploads\/2020\/05\/Droite-tourier-scaled-1.jpg","width":2560,"height":1707},{"@type":"BreadcrumbList","@id":"https:\/\/avoloi.fr\/blog\/les-radars-caches-desormais-interdit-2\/#breadcrumb","itemListElement":[{"@type":"ListItem","position":1,"name":"Accueil","item":"https:\/\/avoloi.fr\/blog\/"},{"@type":"ListItem","position":2,"name":"Le droit routier \u00e0 l\u2019\u00e9preuve du Covid 19"}]},{"@type":"WebSite","@id":"https:\/\/avoloi.fr\/blog\/#website","url":"https:\/\/avoloi.fr\/blog\/","name":"Le blog Avoloi","description":"","publisher":{"@id":"https:\/\/avoloi.fr\/blog\/#organization"},"potentialAction":[{"@type":"SearchAction","target":{"@type":"EntryPoint","urlTemplate":"https:\/\/avoloi.fr\/blog\/?s={search_term_string}"},"query-input":{"@type":"PropertyValueSpecification","valueRequired":true,"valueName":"search_term_string"}}],"inLanguage":"fr-FR"},{"@type":"Organization","@id":"https:\/\/avoloi.fr\/blog\/#organization","name":"Avoloi","url":"https:\/\/avoloi.fr\/blog\/","logo":{"@type":"ImageObject","inLanguage":"fr-FR","@id":"https:\/\/avoloi.fr\/blog\/#\/schema\/logo\/image\/","url":"https:\/\/avoloi.fr\/blog\/wp-content\/uploads\/2022\/06\/avoloi_726x172.png","contentUrl":"https:\/\/avoloi.fr\/blog\/wp-content\/uploads\/2022\/06\/avoloi_726x172.png","width":726,"height":172,"caption":"Avoloi"},"image":{"@id":"https:\/\/avoloi.fr\/blog\/#\/schema\/logo\/image\/"},"sameAs":["https:\/\/fr-fr.facebook.com\/avoloi\/","https:\/\/x.com\/avoloi","https:\/\/www.linkedin.com\/company\/11097274\/","https:\/\/www.instagram.com\/avoloi\/"]},{"@type":"Person","@id":"https:\/\/avoloi.fr\/blog\/#\/schema\/person\/23b73188a8a805006f016e2a3cb617b1","name":"Avoloi","image":{"@type":"ImageObject","inLanguage":"fr-FR","@id":"https:\/\/secure.gravatar.com\/avatar\/2ec2e99d2d37d9499d05c0d8442d636f63a751b8a8c16870416ac671c571f81d?s=96&d=mm&r=g","url":"https:\/\/secure.gravatar.com\/avatar\/2ec2e99d2d37d9499d05c0d8442d636f63a751b8a8c16870416ac671c571f81d?s=96&d=mm&r=g","contentUrl":"https:\/\/secure.gravatar.com\/avatar\/2ec2e99d2d37d9499d05c0d8442d636f63a751b8a8c16870416ac671c571f81d?s=96&d=mm&r=g","caption":"Avoloi"}}]}},"_links":{"self":[{"href":"https:\/\/avoloi.fr\/blog\/wp-json\/wp\/v2\/posts\/17756","targetHints":{"allow":["GET"]}}],"collection":[{"href":"https:\/\/avoloi.fr\/blog\/wp-json\/wp\/v2\/posts"}],"about":[{"href":"https:\/\/avoloi.fr\/blog\/wp-json\/wp\/v2\/types\/post"}],"author":[{"embeddable":true,"href":"https:\/\/avoloi.fr\/blog\/wp-json\/wp\/v2\/users\/2"}],"replies":[{"embeddable":true,"href":"https:\/\/avoloi.fr\/blog\/wp-json\/wp\/v2\/comments?post=17756"}],"version-history":[{"count":0,"href":"https:\/\/avoloi.fr\/blog\/wp-json\/wp\/v2\/posts\/17756\/revisions"}],"wp:featuredmedia":[{"embeddable":true,"href":"https:\/\/avoloi.fr\/blog\/wp-json\/wp\/v2\/media\/17757"}],"wp:attachment":[{"href":"https:\/\/avoloi.fr\/blog\/wp-json\/wp\/v2\/media?parent=17756"}],"wp:term":[{"taxonomy":"category","embeddable":true,"href":"https:\/\/avoloi.fr\/blog\/wp-json\/wp\/v2\/categories?post=17756"},{"taxonomy":"post_tag","embeddable":true,"href":"https:\/\/avoloi.fr\/blog\/wp-json\/wp\/v2\/tags?post=17756"}],"curies":[{"name":"wp","href":"https:\/\/api.w.org\/{rel}","templated":true}]}}