{"id":17740,"date":"2020-04-15T00:00:00","date_gmt":"2020-04-15T00:00:00","guid":{"rendered":"https:\/\/avoloi.eu\/2020\/04\/15\/assurance-vie-et-heritage-favoriser-financierement-son-conjoint-2\/"},"modified":"2020-04-15T00:00:00","modified_gmt":"2020-04-15T00:00:00","slug":"assurance-vie-et-heritage-favoriser-financierement-son-conjoint-2","status":"publish","type":"post","link":"https:\/\/avoloi.fr\/blog\/assurance-vie-et-heritage-favoriser-financierement-son-conjoint-2\/","title":{"rendered":"Covid 19 : comment assurer les pertes d&rsquo;exploitation sans dommage ?"},"content":{"rendered":"<p>La pand\u00e9mie mondiale du Covid 19 (SARS-CoV-2) paralyse les march\u00e9s internationaux. Toutes les cha\u00eenes de production sont impact\u00e9es, de l&rsquo;usine de fabrication au distributeur final. La fermeture administrative des commerces \u00ab\u00a0non essentiels\u00a0\u00bb impos\u00e9e par le gouvernement depuis le 14 avril 2020 met en p\u00e9ril la sant\u00e9 financi\u00e8re des entreprises fran\u00e7aises. Votre entreprise est touch\u00e9e de plein fouet par la crise sanitaire ? Vous souhaitez conna\u00eetre les \u00e9ventuelles indemnisations auxquelles vous pouvez pr\u00e9tendre aupr\u00e8s de votre assurance ? Voici quelques pistes \u00e0 explorer si vous souhaitez activer votre garantie pertes d&rsquo;exploitation.<\/p>\n<h2>Que pr\u00e9voit la garantie perte d&rsquo;exploitation ?<\/h2>\n<p>M\u00eame si vous pouvez b\u00e9n\u00e9ficier d&rsquo;un report de charges sociales et fiscales pendant toute la dur\u00e9e du confinement, votre chiffre d&rsquo;affaires peut chuter en raison d&rsquo;une baisse brutale d&rsquo;activit\u00e9. La garantie perte d&rsquo;exploitation permet \u00e0 une entreprise d&rsquo;assurer ses r\u00e9sultats financiers dans le cas de la survenance d&rsquo;un sinistre express\u00e9ment pr\u00e9vu par le contrat. Ainsi, vous ne pourrez enclencher l&rsquo;assurance perte d&rsquo;exploitation qu&rsquo;\u00e0 condition de prouver l&rsquo;existence d&rsquo;un dommage mat\u00e9riel caus\u00e9 par un fait g\u00e9n\u00e9rateur garanti par le contrat (vol de mat\u00e9riels, incendie, etc.).<br \/>\nDans la situation sanitaire actuelle, la difficult\u00e9 r\u00e9side dans l&rsquo;absence de dommage mat\u00e9riel \u00e0 l&rsquo;origine de la perte d&rsquo;exploitation.<br \/>\nParfois consid\u00e9r\u00e9s comme des cas de force majeure, ces faits exceptionnels ne sont pas couverts par les assurances en tant que dommages mat\u00e9riels ayant entra\u00een\u00e9 une perte d&rsquo;exploitation. Le droit des assurances (comme le droit civil) est particuli\u00e8rement clair \u00e0 ce sujet. En effet, 3 \u00e9l\u00e9ments doivent exister en mati\u00e8re de responsabilit\u00e9 contractuelle ouvrant droit \u00e0 une indemnisation :<br \/>\n\u2022 L&rsquo;existence d&rsquo;un dommage.<br \/>\n\u2022 L&rsquo;existence d&rsquo;un fait g\u00e9n\u00e9rateur.<br \/>\n\u2022 L&rsquo;existence d&rsquo;un lien de causalit\u00e9 entre le fait g\u00e9n\u00e9rateur et le dommage constat\u00e9.<\/p>\n<p>C&rsquo;est pourquoi, les \u00e9v\u00e9nements tels que les perturbations provoqu\u00e9es par les \u00ab\u00a0Gilets Jaunes\u00a0\u00bb, des risques g\u00e9opolitiques ou des catastrophes naturelles ne sont pas couverts par les assurances.<br \/>\nMais alors, existe-t-il d&rsquo;autres solutions pour \u00eatre indemnis\u00e9 dans la crise actuelle ?<\/p>\n<h2>Le cas d&rsquo;une extension de garantie pour fermeture administrative<\/h2>\n<p>Lorsqu&rsquo;une entreprise signe un contrat couvrant les pertes d&rsquo;exploitation, il n&rsquo;est pas impossible que l&rsquo;assureur ait propos\u00e9 une extension de garantie. En effet, des extensions de garantie couvrant les fermetures administratives existent. M\u00eame si le risque au quotidien est minime, les compagnies d&rsquo;assurance peuvent proposer de couvrir cet \u00e9v\u00e9nement, \u00e0 condition que le risque \u00e9pid\u00e9mique ne soit pas exclu.<br \/>\nDans le secteur de l&rsquo;h\u00f4tellerie et de la restauration, cette clause de garantie est souvent pr\u00e9vue dans le cas o\u00f9 une fermeture administrative serait impos\u00e9e pour cause de probl\u00e8mes sanitaires ou hygi\u00e9niques.<br \/>\nLe secteur de l&rsquo;\u00e9v\u00e9nementiel est \u00e9galement soumis \u00e0 de nombreux al\u00e9as les obligeant \u00e0 souscrire \u00e0 une assurance annulation. Dans le cas de la crise du Covid-19, l&rsquo;annulation de la manifestation est ind\u00e9pendante de la volont\u00e9 de l&rsquo;organisateur. Celui-ci pourra obtenir une indemnisation pour annulation, \u00e0 condition qu&rsquo;aucun fait exclusif ne soit mentionn\u00e9 dans le contrat.<br \/>\nDans tous les cas, rapprochez-vous d&rsquo;un avocat sp\u00e9cialis\u00e9 en droit des assurances afin d&rsquo;\u00e9tudier minutieusement les clauses de votre contrat. Ce sont le plus souvent les formulations impr\u00e9cises ou incompl\u00e8tes qui vous donneront gain de cause.<\/p>\n<h2>Peut-on invoquer la catastrophe naturelle sanitaire pour \u00eatre indemnis\u00e9 ?<\/h2>\n<p>Depuis quelques ann\u00e9es, les catastrophes naturelles sanitaires se multiplient : Ebola, Grippe H1N1, SRAS,&#8230; Les entreprises sont confront\u00e9es \u00e0 un besoin de prot\u00e9ger leurs r\u00e9sultats financiers de ces crises sanitaires d&rsquo;ampleur internationale. En effet, la globalisation a multipli\u00e9 les \u00e9changes des marchandises et des personnes dans tous les Etats du monde. Cela augmente naturellement le risque de transmission des maladies \u00e0 l&rsquo;\u00e9chelle mondiale.<br \/>\nAinsi, le l\u00e9gislateur impose aux assurances d&rsquo;inclure les catastrophes naturelles parmi les al\u00e9as couverts par le contrat. Lorsque les autorit\u00e9s d\u00e9clarent l&rsquo;\u00e9tat de catastrophe naturelle, les assureurs doivent indemniser les pertes d&rsquo;exploitation si une garantie a bien \u00e9t\u00e9 souscrite.<br \/>\nCependant, la catastrophe naturelle sanitaire pose un probl\u00e8me juridique li\u00e9 \u00e0 l&rsquo;absence de causalit\u00e9 entre le fait g\u00e9n\u00e9rateur et la perte d&rsquo;exploitation. Ainsi, il devient difficile d&rsquo;imposer aux assureurs de couvrir des risques qui ne sont pas clairement identifiables, comme c&rsquo;est le cas de la propagation du Covid-19.<br \/>\nL&rsquo;article L125-1 du Code des assurances pr\u00e9cise que la catastrophe naturelle doit provoquer un dommage mat\u00e9riel direct non-assurable. Autrement dit, la loi exige un lien de causalit\u00e9 entre l&rsquo;\u00e9v\u00e9nement et la perte de chiffre d&rsquo;affaires.<br \/>\nL&rsquo;avenir nous dira si les compagnies d&rsquo;assurance seront susceptibles de proposer un produit couvrant la catastrophe naturelle sanitaire. C&rsquo;est en tout cas la volont\u00e9 du Gouvernement qui souhaite offrir plus de s\u00e9curit\u00e9 aux entreprises.<br \/>\nDans le cas d&rsquo;une pand\u00e9mie mondiale, il est toutefois peu probable que des assureurs prennent le risque de couvrir de telles catastrophes sanitaires. En effet, l&rsquo;existence m\u00eame de la compagnie d\u00e9pend de sa capacit\u00e9 \u00e0 g\u00e9rer l&rsquo;indemnisation des risques mutualis\u00e9s.<br \/>\nVous pourrez tout de m\u00eame d\u00e9clarer votre sinistre et demander conseil \u00e0 un juriste sp\u00e9cialis\u00e9 dans la gestion des contentieux li\u00e9s aux catastrophes naturelles. La jurisprudence abondera tr\u00e8s prochainement en mati\u00e8re de prise en charge des pertes d&rsquo;exploitation cons\u00e9quentes du Covid-19.<\/p>\n","protected":false},"excerpt":{"rendered":"<p>La pand\u00e9mie mondiale du Covid 19 (SARS-CoV-2) paralyse les march\u00e9s internationaux. Toutes les cha\u00eenes de production sont impact\u00e9es, de l&rsquo;usine de fabrication au distributeur final. La fermeture administrative des commerces \u00ab\u00a0non essentiels\u00a0\u00bb impos\u00e9e par le gouvernement depuis le 14 avril 2020 met en p\u00e9ril la sant\u00e9 financi\u00e8re des entreprises fran\u00e7aises. Votre entreprise est touch\u00e9e de [&hellip;]<\/p>\n","protected":false},"author":2,"featured_media":17741,"comment_status":"open","ping_status":"closed","sticky":false,"template":"","format":"standard","meta":{"footnotes":""},"categories":[280],"tags":[101,365,361,284,366],"class_list":["post-17740","post","type-post","status-publish","format-standard","has-post-thumbnail","hentry","category-droit-des-assurances","tag-assurance","tag-chiffre-daffaire","tag-covid-19","tag-entreprise","tag-perte-dexploitation"],"yoast_head":"<!-- This site is optimized with the Yoast SEO plugin v27.4 - https:\/\/yoast.com\/product\/yoast-seo-wordpress\/ -->\n<title>Covid 19 : comment assurer les pertes d&#039;exploitation sans dommage ? - Le blog Avoloi<\/title>\n<meta name=\"robots\" content=\"index, follow, max-snippet:-1, max-image-preview:large, max-video-preview:-1\" \/>\n<link rel=\"canonical\" href=\"https:\/\/avoloi.fr\/blog\/assurance-vie-et-heritage-favoriser-financierement-son-conjoint-2\/\" \/>\n<meta property=\"og:locale\" content=\"fr_FR\" \/>\n<meta property=\"og:type\" content=\"article\" \/>\n<meta property=\"og:title\" content=\"Covid 19 : comment assurer les pertes d&#039;exploitation sans dommage ? - Le blog Avoloi\" \/>\n<meta property=\"og:description\" content=\"La pand\u00e9mie mondiale du Covid 19 (SARS-CoV-2) paralyse les march\u00e9s internationaux. Toutes les cha\u00eenes de production sont impact\u00e9es, de l&rsquo;usine de fabrication au distributeur final. La fermeture administrative des commerces \u00ab\u00a0non essentiels\u00a0\u00bb impos\u00e9e par le gouvernement depuis le 14 avril 2020 met en p\u00e9ril la sant\u00e9 financi\u00e8re des entreprises fran\u00e7aises. Votre entreprise est touch\u00e9e de [&hellip;]\" \/>\n<meta property=\"og:url\" content=\"https:\/\/avoloi.fr\/blog\/assurance-vie-et-heritage-favoriser-financierement-son-conjoint-2\/\" \/>\n<meta property=\"og:site_name\" content=\"Le blog Avoloi\" \/>\n<meta property=\"article:publisher\" content=\"https:\/\/fr-fr.facebook.com\/avoloi\/\" \/>\n<meta property=\"article:published_time\" content=\"2020-04-15T00:00:00+00:00\" \/>\n<meta property=\"og:image\" content=\"https:\/\/avoloi.fr\/blog\/wp-content\/uploads\/2020\/05\/Assurance-scaled-1.jpg\" \/>\n\t<meta property=\"og:image:width\" content=\"2560\" \/>\n\t<meta property=\"og:image:height\" content=\"1710\" \/>\n\t<meta property=\"og:image:type\" content=\"image\/jpeg\" \/>\n<meta name=\"author\" content=\"Avoloi\" \/>\n<meta name=\"twitter:card\" content=\"summary_large_image\" \/>\n<meta name=\"twitter:creator\" content=\"@avoloi\" \/>\n<meta name=\"twitter:site\" content=\"@avoloi\" \/>\n<meta name=\"twitter:label1\" content=\"\u00c9crit par\" \/>\n\t<meta name=\"twitter:data1\" content=\"Avoloi\" \/>\n\t<meta name=\"twitter:label2\" content=\"Dur\u00e9e de lecture estim\u00e9e\" \/>\n\t<meta name=\"twitter:data2\" content=\"4 minutes\" \/>\n<script type=\"application\/ld+json\" class=\"yoast-schema-graph\">{\"@context\":\"https:\\\/\\\/schema.org\",\"@graph\":[{\"@type\":\"Article\",\"@id\":\"https:\\\/\\\/avoloi.fr\\\/blog\\\/assurance-vie-et-heritage-favoriser-financierement-son-conjoint-2\\\/#article\",\"isPartOf\":{\"@id\":\"https:\\\/\\\/avoloi.fr\\\/blog\\\/assurance-vie-et-heritage-favoriser-financierement-son-conjoint-2\\\/\"},\"author\":{\"name\":\"Avoloi\",\"@id\":\"https:\\\/\\\/avoloi.fr\\\/blog\\\/#\\\/schema\\\/person\\\/23b73188a8a805006f016e2a3cb617b1\"},\"headline\":\"Covid 19 : comment assurer les pertes d&rsquo;exploitation sans dommage ?\",\"datePublished\":\"2020-04-15T00:00:00+00:00\",\"mainEntityOfPage\":{\"@id\":\"https:\\\/\\\/avoloi.fr\\\/blog\\\/assurance-vie-et-heritage-favoriser-financierement-son-conjoint-2\\\/\"},\"wordCount\":945,\"commentCount\":0,\"publisher\":{\"@id\":\"https:\\\/\\\/avoloi.fr\\\/blog\\\/#organization\"},\"image\":{\"@id\":\"https:\\\/\\\/avoloi.fr\\\/blog\\\/assurance-vie-et-heritage-favoriser-financierement-son-conjoint-2\\\/#primaryimage\"},\"thumbnailUrl\":\"https:\\\/\\\/avoloi.fr\\\/blog\\\/wp-content\\\/uploads\\\/2020\\\/05\\\/Assurance-scaled-1.jpg\",\"keywords\":[\"assurance\",\"chiffre d'affaire\",\"covid-19\",\"entreprise\",\"perte d'exploitation\"],\"articleSection\":[\"Droit des assurances\"],\"inLanguage\":\"fr-FR\",\"potentialAction\":[{\"@type\":\"CommentAction\",\"name\":\"Comment\",\"target\":[\"https:\\\/\\\/avoloi.fr\\\/blog\\\/assurance-vie-et-heritage-favoriser-financierement-son-conjoint-2\\\/#respond\"]}]},{\"@type\":\"WebPage\",\"@id\":\"https:\\\/\\\/avoloi.fr\\\/blog\\\/assurance-vie-et-heritage-favoriser-financierement-son-conjoint-2\\\/\",\"url\":\"https:\\\/\\\/avoloi.fr\\\/blog\\\/assurance-vie-et-heritage-favoriser-financierement-son-conjoint-2\\\/\",\"name\":\"Covid 19 : comment assurer les pertes d'exploitation sans dommage ? - Le blog Avoloi\",\"isPartOf\":{\"@id\":\"https:\\\/\\\/avoloi.fr\\\/blog\\\/#website\"},\"primaryImageOfPage\":{\"@id\":\"https:\\\/\\\/avoloi.fr\\\/blog\\\/assurance-vie-et-heritage-favoriser-financierement-son-conjoint-2\\\/#primaryimage\"},\"image\":{\"@id\":\"https:\\\/\\\/avoloi.fr\\\/blog\\\/assurance-vie-et-heritage-favoriser-financierement-son-conjoint-2\\\/#primaryimage\"},\"thumbnailUrl\":\"https:\\\/\\\/avoloi.fr\\\/blog\\\/wp-content\\\/uploads\\\/2020\\\/05\\\/Assurance-scaled-1.jpg\",\"datePublished\":\"2020-04-15T00:00:00+00:00\",\"breadcrumb\":{\"@id\":\"https:\\\/\\\/avoloi.fr\\\/blog\\\/assurance-vie-et-heritage-favoriser-financierement-son-conjoint-2\\\/#breadcrumb\"},\"inLanguage\":\"fr-FR\",\"potentialAction\":[{\"@type\":\"ReadAction\",\"target\":[\"https:\\\/\\\/avoloi.fr\\\/blog\\\/assurance-vie-et-heritage-favoriser-financierement-son-conjoint-2\\\/\"]}]},{\"@type\":\"ImageObject\",\"inLanguage\":\"fr-FR\",\"@id\":\"https:\\\/\\\/avoloi.fr\\\/blog\\\/assurance-vie-et-heritage-favoriser-financierement-son-conjoint-2\\\/#primaryimage\",\"url\":\"https:\\\/\\\/avoloi.fr\\\/blog\\\/wp-content\\\/uploads\\\/2020\\\/05\\\/Assurance-scaled-1.jpg\",\"contentUrl\":\"https:\\\/\\\/avoloi.fr\\\/blog\\\/wp-content\\\/uploads\\\/2020\\\/05\\\/Assurance-scaled-1.jpg\",\"width\":2560,\"height\":1710},{\"@type\":\"BreadcrumbList\",\"@id\":\"https:\\\/\\\/avoloi.fr\\\/blog\\\/assurance-vie-et-heritage-favoriser-financierement-son-conjoint-2\\\/#breadcrumb\",\"itemListElement\":[{\"@type\":\"ListItem\",\"position\":1,\"name\":\"Accueil\",\"item\":\"https:\\\/\\\/avoloi.fr\\\/blog\\\/\"},{\"@type\":\"ListItem\",\"position\":2,\"name\":\"Covid 19 : comment assurer les pertes d&rsquo;exploitation sans dommage ?\"}]},{\"@type\":\"WebSite\",\"@id\":\"https:\\\/\\\/avoloi.fr\\\/blog\\\/#website\",\"url\":\"https:\\\/\\\/avoloi.fr\\\/blog\\\/\",\"name\":\"Le blog Avoloi\",\"description\":\"\",\"publisher\":{\"@id\":\"https:\\\/\\\/avoloi.fr\\\/blog\\\/#organization\"},\"potentialAction\":[{\"@type\":\"SearchAction\",\"target\":{\"@type\":\"EntryPoint\",\"urlTemplate\":\"https:\\\/\\\/avoloi.fr\\\/blog\\\/?s={search_term_string}\"},\"query-input\":{\"@type\":\"PropertyValueSpecification\",\"valueRequired\":true,\"valueName\":\"search_term_string\"}}],\"inLanguage\":\"fr-FR\"},{\"@type\":\"Organization\",\"@id\":\"https:\\\/\\\/avoloi.fr\\\/blog\\\/#organization\",\"name\":\"Avoloi\",\"url\":\"https:\\\/\\\/avoloi.fr\\\/blog\\\/\",\"logo\":{\"@type\":\"ImageObject\",\"inLanguage\":\"fr-FR\",\"@id\":\"https:\\\/\\\/avoloi.fr\\\/blog\\\/#\\\/schema\\\/logo\\\/image\\\/\",\"url\":\"https:\\\/\\\/avoloi.fr\\\/blog\\\/wp-content\\\/uploads\\\/2022\\\/06\\\/avoloi_726x172.png\",\"contentUrl\":\"https:\\\/\\\/avoloi.fr\\\/blog\\\/wp-content\\\/uploads\\\/2022\\\/06\\\/avoloi_726x172.png\",\"width\":726,\"height\":172,\"caption\":\"Avoloi\"},\"image\":{\"@id\":\"https:\\\/\\\/avoloi.fr\\\/blog\\\/#\\\/schema\\\/logo\\\/image\\\/\"},\"sameAs\":[\"https:\\\/\\\/fr-fr.facebook.com\\\/avoloi\\\/\",\"https:\\\/\\\/x.com\\\/avoloi\",\"https:\\\/\\\/www.linkedin.com\\\/company\\\/11097274\\\/\",\"https:\\\/\\\/www.instagram.com\\\/avoloi\\\/\"]},{\"@type\":\"Person\",\"@id\":\"https:\\\/\\\/avoloi.fr\\\/blog\\\/#\\\/schema\\\/person\\\/23b73188a8a805006f016e2a3cb617b1\",\"name\":\"Avoloi\",\"image\":{\"@type\":\"ImageObject\",\"inLanguage\":\"fr-FR\",\"@id\":\"https:\\\/\\\/secure.gravatar.com\\\/avatar\\\/2ec2e99d2d37d9499d05c0d8442d636f63a751b8a8c16870416ac671c571f81d?s=96&d=mm&r=g\",\"url\":\"https:\\\/\\\/secure.gravatar.com\\\/avatar\\\/2ec2e99d2d37d9499d05c0d8442d636f63a751b8a8c16870416ac671c571f81d?s=96&d=mm&r=g\",\"contentUrl\":\"https:\\\/\\\/secure.gravatar.com\\\/avatar\\\/2ec2e99d2d37d9499d05c0d8442d636f63a751b8a8c16870416ac671c571f81d?s=96&d=mm&r=g\",\"caption\":\"Avoloi\"}}]}<\/script>\n<!-- \/ Yoast SEO plugin. -->","yoast_head_json":{"title":"Covid 19 : comment assurer les pertes d'exploitation sans dommage ? - Le blog Avoloi","robots":{"index":"index","follow":"follow","max-snippet":"max-snippet:-1","max-image-preview":"max-image-preview:large","max-video-preview":"max-video-preview:-1"},"canonical":"https:\/\/avoloi.fr\/blog\/assurance-vie-et-heritage-favoriser-financierement-son-conjoint-2\/","og_locale":"fr_FR","og_type":"article","og_title":"Covid 19 : comment assurer les pertes d'exploitation sans dommage ? - Le blog Avoloi","og_description":"La pand\u00e9mie mondiale du Covid 19 (SARS-CoV-2) paralyse les march\u00e9s internationaux. Toutes les cha\u00eenes de production sont impact\u00e9es, de l&rsquo;usine de fabrication au distributeur final. La fermeture administrative des commerces \u00ab\u00a0non essentiels\u00a0\u00bb impos\u00e9e par le gouvernement depuis le 14 avril 2020 met en p\u00e9ril la sant\u00e9 financi\u00e8re des entreprises fran\u00e7aises. Votre entreprise est touch\u00e9e de [&hellip;]","og_url":"https:\/\/avoloi.fr\/blog\/assurance-vie-et-heritage-favoriser-financierement-son-conjoint-2\/","og_site_name":"Le blog Avoloi","article_publisher":"https:\/\/fr-fr.facebook.com\/avoloi\/","article_published_time":"2020-04-15T00:00:00+00:00","og_image":[{"width":2560,"height":1710,"url":"https:\/\/avoloi.fr\/blog\/wp-content\/uploads\/2020\/05\/Assurance-scaled-1.jpg","type":"image\/jpeg"}],"author":"Avoloi","twitter_card":"summary_large_image","twitter_creator":"@avoloi","twitter_site":"@avoloi","twitter_misc":{"\u00c9crit par":"Avoloi","Dur\u00e9e de lecture estim\u00e9e":"4 minutes"},"schema":{"@context":"https:\/\/schema.org","@graph":[{"@type":"Article","@id":"https:\/\/avoloi.fr\/blog\/assurance-vie-et-heritage-favoriser-financierement-son-conjoint-2\/#article","isPartOf":{"@id":"https:\/\/avoloi.fr\/blog\/assurance-vie-et-heritage-favoriser-financierement-son-conjoint-2\/"},"author":{"name":"Avoloi","@id":"https:\/\/avoloi.fr\/blog\/#\/schema\/person\/23b73188a8a805006f016e2a3cb617b1"},"headline":"Covid 19 : comment assurer les pertes d&rsquo;exploitation sans dommage ?","datePublished":"2020-04-15T00:00:00+00:00","mainEntityOfPage":{"@id":"https:\/\/avoloi.fr\/blog\/assurance-vie-et-heritage-favoriser-financierement-son-conjoint-2\/"},"wordCount":945,"commentCount":0,"publisher":{"@id":"https:\/\/avoloi.fr\/blog\/#organization"},"image":{"@id":"https:\/\/avoloi.fr\/blog\/assurance-vie-et-heritage-favoriser-financierement-son-conjoint-2\/#primaryimage"},"thumbnailUrl":"https:\/\/avoloi.fr\/blog\/wp-content\/uploads\/2020\/05\/Assurance-scaled-1.jpg","keywords":["assurance","chiffre d'affaire","covid-19","entreprise","perte d'exploitation"],"articleSection":["Droit des assurances"],"inLanguage":"fr-FR","potentialAction":[{"@type":"CommentAction","name":"Comment","target":["https:\/\/avoloi.fr\/blog\/assurance-vie-et-heritage-favoriser-financierement-son-conjoint-2\/#respond"]}]},{"@type":"WebPage","@id":"https:\/\/avoloi.fr\/blog\/assurance-vie-et-heritage-favoriser-financierement-son-conjoint-2\/","url":"https:\/\/avoloi.fr\/blog\/assurance-vie-et-heritage-favoriser-financierement-son-conjoint-2\/","name":"Covid 19 : comment assurer les pertes d'exploitation sans dommage ? - Le blog Avoloi","isPartOf":{"@id":"https:\/\/avoloi.fr\/blog\/#website"},"primaryImageOfPage":{"@id":"https:\/\/avoloi.fr\/blog\/assurance-vie-et-heritage-favoriser-financierement-son-conjoint-2\/#primaryimage"},"image":{"@id":"https:\/\/avoloi.fr\/blog\/assurance-vie-et-heritage-favoriser-financierement-son-conjoint-2\/#primaryimage"},"thumbnailUrl":"https:\/\/avoloi.fr\/blog\/wp-content\/uploads\/2020\/05\/Assurance-scaled-1.jpg","datePublished":"2020-04-15T00:00:00+00:00","breadcrumb":{"@id":"https:\/\/avoloi.fr\/blog\/assurance-vie-et-heritage-favoriser-financierement-son-conjoint-2\/#breadcrumb"},"inLanguage":"fr-FR","potentialAction":[{"@type":"ReadAction","target":["https:\/\/avoloi.fr\/blog\/assurance-vie-et-heritage-favoriser-financierement-son-conjoint-2\/"]}]},{"@type":"ImageObject","inLanguage":"fr-FR","@id":"https:\/\/avoloi.fr\/blog\/assurance-vie-et-heritage-favoriser-financierement-son-conjoint-2\/#primaryimage","url":"https:\/\/avoloi.fr\/blog\/wp-content\/uploads\/2020\/05\/Assurance-scaled-1.jpg","contentUrl":"https:\/\/avoloi.fr\/blog\/wp-content\/uploads\/2020\/05\/Assurance-scaled-1.jpg","width":2560,"height":1710},{"@type":"BreadcrumbList","@id":"https:\/\/avoloi.fr\/blog\/assurance-vie-et-heritage-favoriser-financierement-son-conjoint-2\/#breadcrumb","itemListElement":[{"@type":"ListItem","position":1,"name":"Accueil","item":"https:\/\/avoloi.fr\/blog\/"},{"@type":"ListItem","position":2,"name":"Covid 19 : comment assurer les pertes d&rsquo;exploitation sans dommage ?"}]},{"@type":"WebSite","@id":"https:\/\/avoloi.fr\/blog\/#website","url":"https:\/\/avoloi.fr\/blog\/","name":"Le blog Avoloi","description":"","publisher":{"@id":"https:\/\/avoloi.fr\/blog\/#organization"},"potentialAction":[{"@type":"SearchAction","target":{"@type":"EntryPoint","urlTemplate":"https:\/\/avoloi.fr\/blog\/?s={search_term_string}"},"query-input":{"@type":"PropertyValueSpecification","valueRequired":true,"valueName":"search_term_string"}}],"inLanguage":"fr-FR"},{"@type":"Organization","@id":"https:\/\/avoloi.fr\/blog\/#organization","name":"Avoloi","url":"https:\/\/avoloi.fr\/blog\/","logo":{"@type":"ImageObject","inLanguage":"fr-FR","@id":"https:\/\/avoloi.fr\/blog\/#\/schema\/logo\/image\/","url":"https:\/\/avoloi.fr\/blog\/wp-content\/uploads\/2022\/06\/avoloi_726x172.png","contentUrl":"https:\/\/avoloi.fr\/blog\/wp-content\/uploads\/2022\/06\/avoloi_726x172.png","width":726,"height":172,"caption":"Avoloi"},"image":{"@id":"https:\/\/avoloi.fr\/blog\/#\/schema\/logo\/image\/"},"sameAs":["https:\/\/fr-fr.facebook.com\/avoloi\/","https:\/\/x.com\/avoloi","https:\/\/www.linkedin.com\/company\/11097274\/","https:\/\/www.instagram.com\/avoloi\/"]},{"@type":"Person","@id":"https:\/\/avoloi.fr\/blog\/#\/schema\/person\/23b73188a8a805006f016e2a3cb617b1","name":"Avoloi","image":{"@type":"ImageObject","inLanguage":"fr-FR","@id":"https:\/\/secure.gravatar.com\/avatar\/2ec2e99d2d37d9499d05c0d8442d636f63a751b8a8c16870416ac671c571f81d?s=96&d=mm&r=g","url":"https:\/\/secure.gravatar.com\/avatar\/2ec2e99d2d37d9499d05c0d8442d636f63a751b8a8c16870416ac671c571f81d?s=96&d=mm&r=g","contentUrl":"https:\/\/secure.gravatar.com\/avatar\/2ec2e99d2d37d9499d05c0d8442d636f63a751b8a8c16870416ac671c571f81d?s=96&d=mm&r=g","caption":"Avoloi"}}]}},"_links":{"self":[{"href":"https:\/\/avoloi.fr\/blog\/wp-json\/wp\/v2\/posts\/17740","targetHints":{"allow":["GET"]}}],"collection":[{"href":"https:\/\/avoloi.fr\/blog\/wp-json\/wp\/v2\/posts"}],"about":[{"href":"https:\/\/avoloi.fr\/blog\/wp-json\/wp\/v2\/types\/post"}],"author":[{"embeddable":true,"href":"https:\/\/avoloi.fr\/blog\/wp-json\/wp\/v2\/users\/2"}],"replies":[{"embeddable":true,"href":"https:\/\/avoloi.fr\/blog\/wp-json\/wp\/v2\/comments?post=17740"}],"version-history":[{"count":0,"href":"https:\/\/avoloi.fr\/blog\/wp-json\/wp\/v2\/posts\/17740\/revisions"}],"wp:featuredmedia":[{"embeddable":true,"href":"https:\/\/avoloi.fr\/blog\/wp-json\/wp\/v2\/media\/17741"}],"wp:attachment":[{"href":"https:\/\/avoloi.fr\/blog\/wp-json\/wp\/v2\/media?parent=17740"}],"wp:term":[{"taxonomy":"category","embeddable":true,"href":"https:\/\/avoloi.fr\/blog\/wp-json\/wp\/v2\/categories?post=17740"},{"taxonomy":"post_tag","embeddable":true,"href":"https:\/\/avoloi.fr\/blog\/wp-json\/wp\/v2\/tags?post=17740"}],"curies":[{"name":"wp","href":"https:\/\/api.w.org\/{rel}","templated":true}]}}