{"id":16578,"date":"2020-03-13T09:31:10","date_gmt":"2020-03-13T08:31:10","guid":{"rendered":"https:\/\/www.avoloi.eu\/?p=16578"},"modified":"2020-03-13T09:31:10","modified_gmt":"2020-03-13T08:31:10","slug":"larret-du-jour-avocat-officiel","status":"publish","type":"post","link":"https:\/\/avoloi.fr\/blog\/larret-du-jour-avocat-officiel\/","title":{"rendered":"L&rsquo;arr\u00eat du jour #190 Pas encore l&rsquo;avocat officiel !"},"content":{"rendered":"<h2><b><i>C\u2019est l\u2019histoire d\u2019un avocat qui a jou\u00e9 la montre pour le compte d\u2019un client\u2026<\/i><\/b><\/h2>\n<p>Un avocat remporte un proc\u00e8s pour une ex-salari\u00e9e en litige avec son employeur. Ce dernier d\u00e9cide de faire appel et le notifie le jour m\u00eame \u00e0 l\u2019avocat de son ex-salari\u00e9e, 1 mois avant la fin du d\u00e9lai pr\u00e9vu par la proc\u00e9dure pour le faire\u2026<\/p>\n<h3>L&rsquo;objet du litige<\/h3>\n<p>Mais, l\u2019avocat revient vers l\u2019employeur 2 mois plus tard, pour lui expliquer qu\u2019il ne peut pas y avoir de proc\u00e8s en appel, puisqu\u2019il n\u2019a pas envoy\u00e9 sa notification dans le d\u00e9lai imparti. \u00ab Pourtant si \u00bb, s\u2019\u00e9tonne celui-ci, rappelant la notification qu\u2019il lui a envoy\u00e9e. \u00ab Sauf qu\u2019elle a \u00e9t\u00e9 envoy\u00e9e \u00e0 la mauvaise personne \u00bb, r\u00e9torque l\u2019avocat : il vient seulement de se voir confier la t\u00e2che de d\u00e9fendre sa cliente en appel. Il n\u2019\u00e9tait donc pas encore officiellement l\u2019avocat de sa cliente lorsqu\u2019il a re\u00e7u la notification en question.<\/p>\n<h3>Le verdict<\/h3>\n<p>C\u2019est donc directement \u00e0 l\u2019ex-salari\u00e9e, qu\u2019il aurait fallu l\u2019envoyer. Et comme cela n\u2019a pas \u00e9t\u00e9 fait, l\u2019appel est irrecevable. Ce que confirme le juge : l\u2019avocat remporte donc une nouvelle fois un proc\u00e8s pour sa cliente.<\/p>\n<blockquote>\n<p><span class=\"s1\">Source : Arr\u00eat de la Cour de cassation, 2\u00e8me chambre civile, du 27 f\u00e9vrier 2020, n\u00b0 19-10849<\/span><\/p>\n<\/blockquote>\n\n\n<p style=\"font-size:12px\"><em> En partenariat avec Weblex<\/em><\/p>\n","protected":false},"excerpt":{"rendered":"<p>C\u2019est l\u2019histoire d\u2019un avocat qui a jou\u00e9 la montre pour le compte d\u2019un client\u2026 Un avocat remporte un proc\u00e8s pour une ex-salari\u00e9e en litige avec son employeur. Ce dernier d\u00e9cide de faire appel et le notifie le jour m\u00eame \u00e0 l\u2019avocat de son ex-salari\u00e9e, 1 mois avant la fin du d\u00e9lai pr\u00e9vu par la proc\u00e9dure [&hellip;]<\/p>\n","protected":false},"author":2,"featured_media":16999,"comment_status":"open","ping_status":"closed","sticky":false,"template":"","format":"standard","meta":{"footnotes":""},"categories":[2],"tags":[4,348,349,19],"class_list":["post-16578","post","type-post","status-publish","format-standard","has-post-thumbnail","hentry","category-larret-du-jour","tag-avocat","tag-delais","tag-proces","tag-salarie"],"yoast_head":"<!-- This site is optimized with the Yoast SEO plugin v27.4 - https:\/\/yoast.com\/product\/yoast-seo-wordpress\/ -->\n<title>L&#039;arr\u00eat du jour #190 Pas encore l&#039;avocat officiel ! - Le blog Avoloi<\/title>\n<meta name=\"robots\" content=\"index, follow, max-snippet:-1, max-image-preview:large, max-video-preview:-1\" \/>\n<link rel=\"canonical\" href=\"https:\/\/avoloi.fr\/blog\/larret-du-jour-avocat-officiel\/\" \/>\n<meta property=\"og:locale\" content=\"fr_FR\" \/>\n<meta property=\"og:type\" content=\"article\" \/>\n<meta property=\"og:title\" content=\"L&#039;arr\u00eat du jour #190 Pas encore l&#039;avocat officiel ! - Le blog Avoloi\" \/>\n<meta property=\"og:description\" content=\"C\u2019est l\u2019histoire d\u2019un avocat qui a jou\u00e9 la montre pour le compte d\u2019un client\u2026 Un avocat remporte un proc\u00e8s pour une ex-salari\u00e9e en litige avec son employeur. Ce dernier d\u00e9cide de faire appel et le notifie le jour m\u00eame \u00e0 l\u2019avocat de son ex-salari\u00e9e, 1 mois avant la fin du d\u00e9lai pr\u00e9vu par la proc\u00e9dure [&hellip;]\" \/>\n<meta property=\"og:url\" content=\"https:\/\/avoloi.fr\/blog\/larret-du-jour-avocat-officiel\/\" \/>\n<meta property=\"og:site_name\" content=\"Le blog Avoloi\" \/>\n<meta property=\"article:publisher\" content=\"https:\/\/fr-fr.facebook.com\/avoloi\/\" \/>\n<meta property=\"article:published_time\" content=\"2020-03-13T08:31:10+00:00\" \/>\n<meta property=\"og:image\" content=\"https:\/\/avoloi.fr\/blog\/wp-content\/uploads\/2020\/03\/Avoloi-arret-du-jour-191.jpg\" \/>\n\t<meta property=\"og:image:width\" content=\"800\" \/>\n\t<meta property=\"og:image:height\" content=\"600\" \/>\n\t<meta property=\"og:image:type\" content=\"image\/jpeg\" \/>\n<meta name=\"author\" content=\"Avoloi\" \/>\n<meta name=\"twitter:card\" content=\"summary_large_image\" \/>\n<meta name=\"twitter:creator\" content=\"@avoloi\" \/>\n<meta name=\"twitter:site\" content=\"@avoloi\" \/>\n<meta name=\"twitter:label1\" content=\"\u00c9crit par\" \/>\n\t<meta name=\"twitter:data1\" content=\"Avoloi\" \/>\n\t<meta name=\"twitter:label2\" content=\"Dur\u00e9e de lecture estim\u00e9e\" \/>\n\t<meta name=\"twitter:data2\" content=\"1 minute\" \/>\n<script type=\"application\/ld+json\" class=\"yoast-schema-graph\">{\"@context\":\"https:\\\/\\\/schema.org\",\"@graph\":[{\"@type\":\"Article\",\"@id\":\"https:\\\/\\\/avoloi.fr\\\/blog\\\/larret-du-jour-avocat-officiel\\\/#article\",\"isPartOf\":{\"@id\":\"https:\\\/\\\/avoloi.fr\\\/blog\\\/larret-du-jour-avocat-officiel\\\/\"},\"author\":{\"name\":\"Avoloi\",\"@id\":\"https:\\\/\\\/avoloi.fr\\\/blog\\\/#\\\/schema\\\/person\\\/23b73188a8a805006f016e2a3cb617b1\"},\"headline\":\"L&rsquo;arr\u00eat du jour #190 Pas encore l&rsquo;avocat officiel !\",\"datePublished\":\"2020-03-13T08:31:10+00:00\",\"mainEntityOfPage\":{\"@id\":\"https:\\\/\\\/avoloi.fr\\\/blog\\\/larret-du-jour-avocat-officiel\\\/\"},\"wordCount\":252,\"commentCount\":0,\"publisher\":{\"@id\":\"https:\\\/\\\/avoloi.fr\\\/blog\\\/#organization\"},\"image\":{\"@id\":\"https:\\\/\\\/avoloi.fr\\\/blog\\\/larret-du-jour-avocat-officiel\\\/#primaryimage\"},\"thumbnailUrl\":\"https:\\\/\\\/avoloi.fr\\\/blog\\\/wp-content\\\/uploads\\\/2020\\\/03\\\/Avoloi-arret-du-jour-191.jpg\",\"keywords\":[\"avocat\",\"d\u00e9lais\",\"proc\u00e8s\",\"salari\u00e9\"],\"articleSection\":[\"L\u2019arr\u00eat du jour\"],\"inLanguage\":\"fr-FR\",\"potentialAction\":[{\"@type\":\"CommentAction\",\"name\":\"Comment\",\"target\":[\"https:\\\/\\\/avoloi.fr\\\/blog\\\/larret-du-jour-avocat-officiel\\\/#respond\"]}]},{\"@type\":\"WebPage\",\"@id\":\"https:\\\/\\\/avoloi.fr\\\/blog\\\/larret-du-jour-avocat-officiel\\\/\",\"url\":\"https:\\\/\\\/avoloi.fr\\\/blog\\\/larret-du-jour-avocat-officiel\\\/\",\"name\":\"L'arr\u00eat du jour #190 Pas encore l'avocat officiel ! - Le blog Avoloi\",\"isPartOf\":{\"@id\":\"https:\\\/\\\/avoloi.fr\\\/blog\\\/#website\"},\"primaryImageOfPage\":{\"@id\":\"https:\\\/\\\/avoloi.fr\\\/blog\\\/larret-du-jour-avocat-officiel\\\/#primaryimage\"},\"image\":{\"@id\":\"https:\\\/\\\/avoloi.fr\\\/blog\\\/larret-du-jour-avocat-officiel\\\/#primaryimage\"},\"thumbnailUrl\":\"https:\\\/\\\/avoloi.fr\\\/blog\\\/wp-content\\\/uploads\\\/2020\\\/03\\\/Avoloi-arret-du-jour-191.jpg\",\"datePublished\":\"2020-03-13T08:31:10+00:00\",\"breadcrumb\":{\"@id\":\"https:\\\/\\\/avoloi.fr\\\/blog\\\/larret-du-jour-avocat-officiel\\\/#breadcrumb\"},\"inLanguage\":\"fr-FR\",\"potentialAction\":[{\"@type\":\"ReadAction\",\"target\":[\"https:\\\/\\\/avoloi.fr\\\/blog\\\/larret-du-jour-avocat-officiel\\\/\"]}]},{\"@type\":\"ImageObject\",\"inLanguage\":\"fr-FR\",\"@id\":\"https:\\\/\\\/avoloi.fr\\\/blog\\\/larret-du-jour-avocat-officiel\\\/#primaryimage\",\"url\":\"https:\\\/\\\/avoloi.fr\\\/blog\\\/wp-content\\\/uploads\\\/2020\\\/03\\\/Avoloi-arret-du-jour-191.jpg\",\"contentUrl\":\"https:\\\/\\\/avoloi.fr\\\/blog\\\/wp-content\\\/uploads\\\/2020\\\/03\\\/Avoloi-arret-du-jour-191.jpg\",\"width\":800,\"height\":600},{\"@type\":\"BreadcrumbList\",\"@id\":\"https:\\\/\\\/avoloi.fr\\\/blog\\\/larret-du-jour-avocat-officiel\\\/#breadcrumb\",\"itemListElement\":[{\"@type\":\"ListItem\",\"position\":1,\"name\":\"Accueil\",\"item\":\"https:\\\/\\\/avoloi.fr\\\/blog\\\/\"},{\"@type\":\"ListItem\",\"position\":2,\"name\":\"L&rsquo;arr\u00eat du jour #190 Pas encore l&rsquo;avocat officiel !\"}]},{\"@type\":\"WebSite\",\"@id\":\"https:\\\/\\\/avoloi.fr\\\/blog\\\/#website\",\"url\":\"https:\\\/\\\/avoloi.fr\\\/blog\\\/\",\"name\":\"Le blog Avoloi\",\"description\":\"\",\"publisher\":{\"@id\":\"https:\\\/\\\/avoloi.fr\\\/blog\\\/#organization\"},\"potentialAction\":[{\"@type\":\"SearchAction\",\"target\":{\"@type\":\"EntryPoint\",\"urlTemplate\":\"https:\\\/\\\/avoloi.fr\\\/blog\\\/?s={search_term_string}\"},\"query-input\":{\"@type\":\"PropertyValueSpecification\",\"valueRequired\":true,\"valueName\":\"search_term_string\"}}],\"inLanguage\":\"fr-FR\"},{\"@type\":\"Organization\",\"@id\":\"https:\\\/\\\/avoloi.fr\\\/blog\\\/#organization\",\"name\":\"Avoloi\",\"url\":\"https:\\\/\\\/avoloi.fr\\\/blog\\\/\",\"logo\":{\"@type\":\"ImageObject\",\"inLanguage\":\"fr-FR\",\"@id\":\"https:\\\/\\\/avoloi.fr\\\/blog\\\/#\\\/schema\\\/logo\\\/image\\\/\",\"url\":\"https:\\\/\\\/avoloi.fr\\\/blog\\\/wp-content\\\/uploads\\\/2022\\\/06\\\/avoloi_726x172.png\",\"contentUrl\":\"https:\\\/\\\/avoloi.fr\\\/blog\\\/wp-content\\\/uploads\\\/2022\\\/06\\\/avoloi_726x172.png\",\"width\":726,\"height\":172,\"caption\":\"Avoloi\"},\"image\":{\"@id\":\"https:\\\/\\\/avoloi.fr\\\/blog\\\/#\\\/schema\\\/logo\\\/image\\\/\"},\"sameAs\":[\"https:\\\/\\\/fr-fr.facebook.com\\\/avoloi\\\/\",\"https:\\\/\\\/x.com\\\/avoloi\",\"https:\\\/\\\/www.linkedin.com\\\/company\\\/11097274\\\/\",\"https:\\\/\\\/www.instagram.com\\\/avoloi\\\/\"]},{\"@type\":\"Person\",\"@id\":\"https:\\\/\\\/avoloi.fr\\\/blog\\\/#\\\/schema\\\/person\\\/23b73188a8a805006f016e2a3cb617b1\",\"name\":\"Avoloi\",\"image\":{\"@type\":\"ImageObject\",\"inLanguage\":\"fr-FR\",\"@id\":\"https:\\\/\\\/secure.gravatar.com\\\/avatar\\\/2ec2e99d2d37d9499d05c0d8442d636f63a751b8a8c16870416ac671c571f81d?s=96&d=mm&r=g\",\"url\":\"https:\\\/\\\/secure.gravatar.com\\\/avatar\\\/2ec2e99d2d37d9499d05c0d8442d636f63a751b8a8c16870416ac671c571f81d?s=96&d=mm&r=g\",\"contentUrl\":\"https:\\\/\\\/secure.gravatar.com\\\/avatar\\\/2ec2e99d2d37d9499d05c0d8442d636f63a751b8a8c16870416ac671c571f81d?s=96&d=mm&r=g\",\"caption\":\"Avoloi\"}}]}<\/script>\n<!-- \/ Yoast SEO plugin. -->","yoast_head_json":{"title":"L'arr\u00eat du jour #190 Pas encore l'avocat officiel ! - Le blog Avoloi","robots":{"index":"index","follow":"follow","max-snippet":"max-snippet:-1","max-image-preview":"max-image-preview:large","max-video-preview":"max-video-preview:-1"},"canonical":"https:\/\/avoloi.fr\/blog\/larret-du-jour-avocat-officiel\/","og_locale":"fr_FR","og_type":"article","og_title":"L'arr\u00eat du jour #190 Pas encore l'avocat officiel ! - Le blog Avoloi","og_description":"C\u2019est l\u2019histoire d\u2019un avocat qui a jou\u00e9 la montre pour le compte d\u2019un client\u2026 Un avocat remporte un proc\u00e8s pour une ex-salari\u00e9e en litige avec son employeur. Ce dernier d\u00e9cide de faire appel et le notifie le jour m\u00eame \u00e0 l\u2019avocat de son ex-salari\u00e9e, 1 mois avant la fin du d\u00e9lai pr\u00e9vu par la proc\u00e9dure [&hellip;]","og_url":"https:\/\/avoloi.fr\/blog\/larret-du-jour-avocat-officiel\/","og_site_name":"Le blog Avoloi","article_publisher":"https:\/\/fr-fr.facebook.com\/avoloi\/","article_published_time":"2020-03-13T08:31:10+00:00","og_image":[{"width":800,"height":600,"url":"https:\/\/avoloi.fr\/blog\/wp-content\/uploads\/2020\/03\/Avoloi-arret-du-jour-191.jpg","type":"image\/jpeg"}],"author":"Avoloi","twitter_card":"summary_large_image","twitter_creator":"@avoloi","twitter_site":"@avoloi","twitter_misc":{"\u00c9crit par":"Avoloi","Dur\u00e9e de lecture estim\u00e9e":"1 minute"},"schema":{"@context":"https:\/\/schema.org","@graph":[{"@type":"Article","@id":"https:\/\/avoloi.fr\/blog\/larret-du-jour-avocat-officiel\/#article","isPartOf":{"@id":"https:\/\/avoloi.fr\/blog\/larret-du-jour-avocat-officiel\/"},"author":{"name":"Avoloi","@id":"https:\/\/avoloi.fr\/blog\/#\/schema\/person\/23b73188a8a805006f016e2a3cb617b1"},"headline":"L&rsquo;arr\u00eat du jour #190 Pas encore l&rsquo;avocat officiel !","datePublished":"2020-03-13T08:31:10+00:00","mainEntityOfPage":{"@id":"https:\/\/avoloi.fr\/blog\/larret-du-jour-avocat-officiel\/"},"wordCount":252,"commentCount":0,"publisher":{"@id":"https:\/\/avoloi.fr\/blog\/#organization"},"image":{"@id":"https:\/\/avoloi.fr\/blog\/larret-du-jour-avocat-officiel\/#primaryimage"},"thumbnailUrl":"https:\/\/avoloi.fr\/blog\/wp-content\/uploads\/2020\/03\/Avoloi-arret-du-jour-191.jpg","keywords":["avocat","d\u00e9lais","proc\u00e8s","salari\u00e9"],"articleSection":["L\u2019arr\u00eat du jour"],"inLanguage":"fr-FR","potentialAction":[{"@type":"CommentAction","name":"Comment","target":["https:\/\/avoloi.fr\/blog\/larret-du-jour-avocat-officiel\/#respond"]}]},{"@type":"WebPage","@id":"https:\/\/avoloi.fr\/blog\/larret-du-jour-avocat-officiel\/","url":"https:\/\/avoloi.fr\/blog\/larret-du-jour-avocat-officiel\/","name":"L'arr\u00eat du jour #190 Pas encore l'avocat officiel ! - Le blog Avoloi","isPartOf":{"@id":"https:\/\/avoloi.fr\/blog\/#website"},"primaryImageOfPage":{"@id":"https:\/\/avoloi.fr\/blog\/larret-du-jour-avocat-officiel\/#primaryimage"},"image":{"@id":"https:\/\/avoloi.fr\/blog\/larret-du-jour-avocat-officiel\/#primaryimage"},"thumbnailUrl":"https:\/\/avoloi.fr\/blog\/wp-content\/uploads\/2020\/03\/Avoloi-arret-du-jour-191.jpg","datePublished":"2020-03-13T08:31:10+00:00","breadcrumb":{"@id":"https:\/\/avoloi.fr\/blog\/larret-du-jour-avocat-officiel\/#breadcrumb"},"inLanguage":"fr-FR","potentialAction":[{"@type":"ReadAction","target":["https:\/\/avoloi.fr\/blog\/larret-du-jour-avocat-officiel\/"]}]},{"@type":"ImageObject","inLanguage":"fr-FR","@id":"https:\/\/avoloi.fr\/blog\/larret-du-jour-avocat-officiel\/#primaryimage","url":"https:\/\/avoloi.fr\/blog\/wp-content\/uploads\/2020\/03\/Avoloi-arret-du-jour-191.jpg","contentUrl":"https:\/\/avoloi.fr\/blog\/wp-content\/uploads\/2020\/03\/Avoloi-arret-du-jour-191.jpg","width":800,"height":600},{"@type":"BreadcrumbList","@id":"https:\/\/avoloi.fr\/blog\/larret-du-jour-avocat-officiel\/#breadcrumb","itemListElement":[{"@type":"ListItem","position":1,"name":"Accueil","item":"https:\/\/avoloi.fr\/blog\/"},{"@type":"ListItem","position":2,"name":"L&rsquo;arr\u00eat du jour #190 Pas encore l&rsquo;avocat officiel !"}]},{"@type":"WebSite","@id":"https:\/\/avoloi.fr\/blog\/#website","url":"https:\/\/avoloi.fr\/blog\/","name":"Le blog Avoloi","description":"","publisher":{"@id":"https:\/\/avoloi.fr\/blog\/#organization"},"potentialAction":[{"@type":"SearchAction","target":{"@type":"EntryPoint","urlTemplate":"https:\/\/avoloi.fr\/blog\/?s={search_term_string}"},"query-input":{"@type":"PropertyValueSpecification","valueRequired":true,"valueName":"search_term_string"}}],"inLanguage":"fr-FR"},{"@type":"Organization","@id":"https:\/\/avoloi.fr\/blog\/#organization","name":"Avoloi","url":"https:\/\/avoloi.fr\/blog\/","logo":{"@type":"ImageObject","inLanguage":"fr-FR","@id":"https:\/\/avoloi.fr\/blog\/#\/schema\/logo\/image\/","url":"https:\/\/avoloi.fr\/blog\/wp-content\/uploads\/2022\/06\/avoloi_726x172.png","contentUrl":"https:\/\/avoloi.fr\/blog\/wp-content\/uploads\/2022\/06\/avoloi_726x172.png","width":726,"height":172,"caption":"Avoloi"},"image":{"@id":"https:\/\/avoloi.fr\/blog\/#\/schema\/logo\/image\/"},"sameAs":["https:\/\/fr-fr.facebook.com\/avoloi\/","https:\/\/x.com\/avoloi","https:\/\/www.linkedin.com\/company\/11097274\/","https:\/\/www.instagram.com\/avoloi\/"]},{"@type":"Person","@id":"https:\/\/avoloi.fr\/blog\/#\/schema\/person\/23b73188a8a805006f016e2a3cb617b1","name":"Avoloi","image":{"@type":"ImageObject","inLanguage":"fr-FR","@id":"https:\/\/secure.gravatar.com\/avatar\/2ec2e99d2d37d9499d05c0d8442d636f63a751b8a8c16870416ac671c571f81d?s=96&d=mm&r=g","url":"https:\/\/secure.gravatar.com\/avatar\/2ec2e99d2d37d9499d05c0d8442d636f63a751b8a8c16870416ac671c571f81d?s=96&d=mm&r=g","contentUrl":"https:\/\/secure.gravatar.com\/avatar\/2ec2e99d2d37d9499d05c0d8442d636f63a751b8a8c16870416ac671c571f81d?s=96&d=mm&r=g","caption":"Avoloi"}}]}},"_links":{"self":[{"href":"https:\/\/avoloi.fr\/blog\/wp-json\/wp\/v2\/posts\/16578","targetHints":{"allow":["GET"]}}],"collection":[{"href":"https:\/\/avoloi.fr\/blog\/wp-json\/wp\/v2\/posts"}],"about":[{"href":"https:\/\/avoloi.fr\/blog\/wp-json\/wp\/v2\/types\/post"}],"author":[{"embeddable":true,"href":"https:\/\/avoloi.fr\/blog\/wp-json\/wp\/v2\/users\/2"}],"replies":[{"embeddable":true,"href":"https:\/\/avoloi.fr\/blog\/wp-json\/wp\/v2\/comments?post=16578"}],"version-history":[{"count":0,"href":"https:\/\/avoloi.fr\/blog\/wp-json\/wp\/v2\/posts\/16578\/revisions"}],"wp:featuredmedia":[{"embeddable":true,"href":"https:\/\/avoloi.fr\/blog\/wp-json\/wp\/v2\/media\/16999"}],"wp:attachment":[{"href":"https:\/\/avoloi.fr\/blog\/wp-json\/wp\/v2\/media?parent=16578"}],"wp:term":[{"taxonomy":"category","embeddable":true,"href":"https:\/\/avoloi.fr\/blog\/wp-json\/wp\/v2\/categories?post=16578"},{"taxonomy":"post_tag","embeddable":true,"href":"https:\/\/avoloi.fr\/blog\/wp-json\/wp\/v2\/tags?post=16578"}],"curies":[{"name":"wp","href":"https:\/\/api.w.org\/{rel}","templated":true}]}}