{"id":16570,"date":"2020-02-28T10:15:23","date_gmt":"2020-02-28T09:15:23","guid":{"rendered":"https:\/\/www.avoloi.eu\/?p=16570"},"modified":"2020-02-28T10:15:23","modified_gmt":"2020-02-28T09:15:23","slug":"larret-du-jour-sous-tutelle","status":"publish","type":"post","link":"https:\/\/avoloi.fr\/blog\/larret-du-jour-sous-tutelle\/","title":{"rendered":"L&rsquo;arr\u00eat du jour #188 Sous tutelle"},"content":{"rendered":"<h2><b><i>C\u2019est l\u2019histoire d\u2019une femme qui conteste son placement sous tutelle\u2026<\/i><\/b><\/h2>\n<p>Une femme pr\u00e9sente divers troubles alt\u00e9rant ses facult\u00e9s et est plac\u00e9e sous tutelle. Ce qu\u2019elle conteste, la proc\u00e9dure m\u00e9dicale n\u2019ayant pas \u00e9t\u00e9 scrupuleusement respect\u00e9e, selon elle\u2026 Mais \u00e0 tort, selon le juge des tutelles \u2026<\/p>\n<h3>L&rsquo;objet du litige<\/h3>\n<p>\u2026 qui produit un certificat m\u00e9dical lequel atteste que la femme pr\u00e9sente des troubles cognitifs alt\u00e9rant son raisonnement, sa m\u00e9moire et son comportement, qu\u2019elle refuse de se soigner et qu\u2019elle a \u00e9galement une scl\u00e9rose en plaque la privant de toute autonomie. Pour lui, la tutelle est donc m\u00e9dicalement justifi\u00e9e. \u00ab Non \u00bb, persiste la femme qui rappelle que, pour placer une personne sous tutelle, il est n\u00e9cessaire d\u2019obtenir l\u2019avis d\u2019un m\u00e9decin express\u00e9ment r\u00e9f\u00e9renc\u00e9 sur une liste fix\u00e9e par le procureur de la R\u00e9publique, ce qui fait d\u00e9faut ici. Son placement sous tutelle est donc illicite\u2026<\/p>\n<h3>Le verdict<\/h3>\n<p>\u00ab Exact \u00bb, confirme finalement le juge : m\u00eame si la tutelle est m\u00e9dicalement justifi\u00e9e, la proc\u00e9dure n\u2019a pas \u00e9t\u00e9 rigoureusement respect\u00e9e. La tutelle doit donc \u00eatre annul\u00e9e\u2026<\/p>\n<blockquote>\n<p><span class=\"s1\">Source : Arr\u00eat de la Cour de cassation, 1\u00e8re chambre civile, du 29 janvier 2020, n\u00b0 19-11386<\/span><\/p>\n<\/blockquote>\n\n\n<p style=\"font-size:12px\">En partenariat avec Weblex<\/p>\n","protected":false},"excerpt":{"rendered":"<p>C\u2019est l\u2019histoire d\u2019une femme qui conteste son placement sous tutelle\u2026 Une femme pr\u00e9sente divers troubles alt\u00e9rant ses facult\u00e9s et est plac\u00e9e sous tutelle. Ce qu\u2019elle conteste, la proc\u00e9dure m\u00e9dicale n\u2019ayant pas \u00e9t\u00e9 scrupuleusement respect\u00e9e, selon elle\u2026 Mais \u00e0 tort, selon le juge des tutelles \u2026 L&rsquo;objet du litige \u2026 qui produit un certificat m\u00e9dical lequel [&hellip;]<\/p>\n","protected":false},"author":2,"featured_media":17005,"comment_status":"open","ping_status":"closed","sticky":false,"template":"","format":"standard","meta":{"footnotes":""},"categories":[2],"tags":[4,48,309,169],"class_list":["post-16570","post","type-post","status-publish","format-standard","has-post-thumbnail","hentry","category-larret-du-jour","tag-avocat","tag-medicale","tag-procedure","tag-tutelle"],"yoast_head":"<!-- This site is optimized with the Yoast SEO plugin v27.4 - https:\/\/yoast.com\/product\/yoast-seo-wordpress\/ -->\n<title>L&#039;arr\u00eat du jour #188 Sous tutelle - Le blog Avoloi<\/title>\n<meta name=\"robots\" content=\"index, follow, max-snippet:-1, max-image-preview:large, max-video-preview:-1\" \/>\n<link rel=\"canonical\" href=\"https:\/\/avoloi.fr\/blog\/larret-du-jour-sous-tutelle\/\" \/>\n<meta property=\"og:locale\" content=\"fr_FR\" \/>\n<meta property=\"og:type\" content=\"article\" \/>\n<meta property=\"og:title\" content=\"L&#039;arr\u00eat du jour #188 Sous tutelle - Le blog Avoloi\" \/>\n<meta property=\"og:description\" content=\"C\u2019est l\u2019histoire d\u2019une femme qui conteste son placement sous tutelle\u2026 Une femme pr\u00e9sente divers troubles alt\u00e9rant ses facult\u00e9s et est plac\u00e9e sous tutelle. Ce qu\u2019elle conteste, la proc\u00e9dure m\u00e9dicale n\u2019ayant pas \u00e9t\u00e9 scrupuleusement respect\u00e9e, selon elle\u2026 Mais \u00e0 tort, selon le juge des tutelles \u2026 L&rsquo;objet du litige \u2026 qui produit un certificat m\u00e9dical lequel [&hellip;]\" \/>\n<meta property=\"og:url\" content=\"https:\/\/avoloi.fr\/blog\/larret-du-jour-sous-tutelle\/\" \/>\n<meta property=\"og:site_name\" content=\"Le blog Avoloi\" \/>\n<meta property=\"article:publisher\" content=\"https:\/\/fr-fr.facebook.com\/avoloi\/\" \/>\n<meta property=\"article:published_time\" content=\"2020-02-28T09:15:23+00:00\" \/>\n<meta property=\"og:image\" content=\"https:\/\/avoloi.fr\/blog\/wp-content\/uploads\/2020\/02\/188-mise-sous-tutelle.jpg\" \/>\n\t<meta property=\"og:image:width\" content=\"800\" \/>\n\t<meta property=\"og:image:height\" content=\"600\" \/>\n\t<meta property=\"og:image:type\" content=\"image\/jpeg\" \/>\n<meta name=\"author\" content=\"Avoloi\" \/>\n<meta name=\"twitter:card\" content=\"summary_large_image\" \/>\n<meta name=\"twitter:creator\" content=\"@avoloi\" \/>\n<meta name=\"twitter:site\" content=\"@avoloi\" \/>\n<meta name=\"twitter:label1\" content=\"\u00c9crit par\" \/>\n\t<meta name=\"twitter:data1\" content=\"Avoloi\" \/>\n\t<meta name=\"twitter:label2\" content=\"Dur\u00e9e de lecture estim\u00e9e\" \/>\n\t<meta name=\"twitter:data2\" content=\"1 minute\" \/>\n<script type=\"application\/ld+json\" class=\"yoast-schema-graph\">{\"@context\":\"https:\\\/\\\/schema.org\",\"@graph\":[{\"@type\":\"Article\",\"@id\":\"https:\\\/\\\/avoloi.fr\\\/blog\\\/larret-du-jour-sous-tutelle\\\/#article\",\"isPartOf\":{\"@id\":\"https:\\\/\\\/avoloi.fr\\\/blog\\\/larret-du-jour-sous-tutelle\\\/\"},\"author\":{\"name\":\"Avoloi\",\"@id\":\"https:\\\/\\\/avoloi.fr\\\/blog\\\/#\\\/schema\\\/person\\\/23b73188a8a805006f016e2a3cb617b1\"},\"headline\":\"L&rsquo;arr\u00eat du jour #188 Sous tutelle\",\"datePublished\":\"2020-02-28T09:15:23+00:00\",\"mainEntityOfPage\":{\"@id\":\"https:\\\/\\\/avoloi.fr\\\/blog\\\/larret-du-jour-sous-tutelle\\\/\"},\"wordCount\":231,\"commentCount\":0,\"publisher\":{\"@id\":\"https:\\\/\\\/avoloi.fr\\\/blog\\\/#organization\"},\"image\":{\"@id\":\"https:\\\/\\\/avoloi.fr\\\/blog\\\/larret-du-jour-sous-tutelle\\\/#primaryimage\"},\"thumbnailUrl\":\"https:\\\/\\\/avoloi.fr\\\/blog\\\/wp-content\\\/uploads\\\/2020\\\/02\\\/188-mise-sous-tutelle.jpg\",\"keywords\":[\"avocat\",\"m\u00e9dicale\",\"proc\u00e9dure\",\"tutelle\"],\"articleSection\":[\"L\u2019arr\u00eat du jour\"],\"inLanguage\":\"fr-FR\",\"potentialAction\":[{\"@type\":\"CommentAction\",\"name\":\"Comment\",\"target\":[\"https:\\\/\\\/avoloi.fr\\\/blog\\\/larret-du-jour-sous-tutelle\\\/#respond\"]}]},{\"@type\":\"WebPage\",\"@id\":\"https:\\\/\\\/avoloi.fr\\\/blog\\\/larret-du-jour-sous-tutelle\\\/\",\"url\":\"https:\\\/\\\/avoloi.fr\\\/blog\\\/larret-du-jour-sous-tutelle\\\/\",\"name\":\"L'arr\u00eat du jour #188 Sous tutelle - Le blog Avoloi\",\"isPartOf\":{\"@id\":\"https:\\\/\\\/avoloi.fr\\\/blog\\\/#website\"},\"primaryImageOfPage\":{\"@id\":\"https:\\\/\\\/avoloi.fr\\\/blog\\\/larret-du-jour-sous-tutelle\\\/#primaryimage\"},\"image\":{\"@id\":\"https:\\\/\\\/avoloi.fr\\\/blog\\\/larret-du-jour-sous-tutelle\\\/#primaryimage\"},\"thumbnailUrl\":\"https:\\\/\\\/avoloi.fr\\\/blog\\\/wp-content\\\/uploads\\\/2020\\\/02\\\/188-mise-sous-tutelle.jpg\",\"datePublished\":\"2020-02-28T09:15:23+00:00\",\"breadcrumb\":{\"@id\":\"https:\\\/\\\/avoloi.fr\\\/blog\\\/larret-du-jour-sous-tutelle\\\/#breadcrumb\"},\"inLanguage\":\"fr-FR\",\"potentialAction\":[{\"@type\":\"ReadAction\",\"target\":[\"https:\\\/\\\/avoloi.fr\\\/blog\\\/larret-du-jour-sous-tutelle\\\/\"]}]},{\"@type\":\"ImageObject\",\"inLanguage\":\"fr-FR\",\"@id\":\"https:\\\/\\\/avoloi.fr\\\/blog\\\/larret-du-jour-sous-tutelle\\\/#primaryimage\",\"url\":\"https:\\\/\\\/avoloi.fr\\\/blog\\\/wp-content\\\/uploads\\\/2020\\\/02\\\/188-mise-sous-tutelle.jpg\",\"contentUrl\":\"https:\\\/\\\/avoloi.fr\\\/blog\\\/wp-content\\\/uploads\\\/2020\\\/02\\\/188-mise-sous-tutelle.jpg\",\"width\":800,\"height\":600},{\"@type\":\"BreadcrumbList\",\"@id\":\"https:\\\/\\\/avoloi.fr\\\/blog\\\/larret-du-jour-sous-tutelle\\\/#breadcrumb\",\"itemListElement\":[{\"@type\":\"ListItem\",\"position\":1,\"name\":\"Accueil\",\"item\":\"https:\\\/\\\/avoloi.fr\\\/blog\\\/\"},{\"@type\":\"ListItem\",\"position\":2,\"name\":\"L&rsquo;arr\u00eat du jour #188 Sous tutelle\"}]},{\"@type\":\"WebSite\",\"@id\":\"https:\\\/\\\/avoloi.fr\\\/blog\\\/#website\",\"url\":\"https:\\\/\\\/avoloi.fr\\\/blog\\\/\",\"name\":\"Le blog Avoloi\",\"description\":\"\",\"publisher\":{\"@id\":\"https:\\\/\\\/avoloi.fr\\\/blog\\\/#organization\"},\"potentialAction\":[{\"@type\":\"SearchAction\",\"target\":{\"@type\":\"EntryPoint\",\"urlTemplate\":\"https:\\\/\\\/avoloi.fr\\\/blog\\\/?s={search_term_string}\"},\"query-input\":{\"@type\":\"PropertyValueSpecification\",\"valueRequired\":true,\"valueName\":\"search_term_string\"}}],\"inLanguage\":\"fr-FR\"},{\"@type\":\"Organization\",\"@id\":\"https:\\\/\\\/avoloi.fr\\\/blog\\\/#organization\",\"name\":\"Avoloi\",\"url\":\"https:\\\/\\\/avoloi.fr\\\/blog\\\/\",\"logo\":{\"@type\":\"ImageObject\",\"inLanguage\":\"fr-FR\",\"@id\":\"https:\\\/\\\/avoloi.fr\\\/blog\\\/#\\\/schema\\\/logo\\\/image\\\/\",\"url\":\"https:\\\/\\\/avoloi.fr\\\/blog\\\/wp-content\\\/uploads\\\/2022\\\/06\\\/avoloi_726x172.png\",\"contentUrl\":\"https:\\\/\\\/avoloi.fr\\\/blog\\\/wp-content\\\/uploads\\\/2022\\\/06\\\/avoloi_726x172.png\",\"width\":726,\"height\":172,\"caption\":\"Avoloi\"},\"image\":{\"@id\":\"https:\\\/\\\/avoloi.fr\\\/blog\\\/#\\\/schema\\\/logo\\\/image\\\/\"},\"sameAs\":[\"https:\\\/\\\/fr-fr.facebook.com\\\/avoloi\\\/\",\"https:\\\/\\\/x.com\\\/avoloi\",\"https:\\\/\\\/www.linkedin.com\\\/company\\\/11097274\\\/\",\"https:\\\/\\\/www.instagram.com\\\/avoloi\\\/\"]},{\"@type\":\"Person\",\"@id\":\"https:\\\/\\\/avoloi.fr\\\/blog\\\/#\\\/schema\\\/person\\\/23b73188a8a805006f016e2a3cb617b1\",\"name\":\"Avoloi\",\"image\":{\"@type\":\"ImageObject\",\"inLanguage\":\"fr-FR\",\"@id\":\"https:\\\/\\\/secure.gravatar.com\\\/avatar\\\/2ec2e99d2d37d9499d05c0d8442d636f63a751b8a8c16870416ac671c571f81d?s=96&d=mm&r=g\",\"url\":\"https:\\\/\\\/secure.gravatar.com\\\/avatar\\\/2ec2e99d2d37d9499d05c0d8442d636f63a751b8a8c16870416ac671c571f81d?s=96&d=mm&r=g\",\"contentUrl\":\"https:\\\/\\\/secure.gravatar.com\\\/avatar\\\/2ec2e99d2d37d9499d05c0d8442d636f63a751b8a8c16870416ac671c571f81d?s=96&d=mm&r=g\",\"caption\":\"Avoloi\"}}]}<\/script>\n<!-- \/ Yoast SEO plugin. -->","yoast_head_json":{"title":"L'arr\u00eat du jour #188 Sous tutelle - Le blog Avoloi","robots":{"index":"index","follow":"follow","max-snippet":"max-snippet:-1","max-image-preview":"max-image-preview:large","max-video-preview":"max-video-preview:-1"},"canonical":"https:\/\/avoloi.fr\/blog\/larret-du-jour-sous-tutelle\/","og_locale":"fr_FR","og_type":"article","og_title":"L'arr\u00eat du jour #188 Sous tutelle - Le blog Avoloi","og_description":"C\u2019est l\u2019histoire d\u2019une femme qui conteste son placement sous tutelle\u2026 Une femme pr\u00e9sente divers troubles alt\u00e9rant ses facult\u00e9s et est plac\u00e9e sous tutelle. Ce qu\u2019elle conteste, la proc\u00e9dure m\u00e9dicale n\u2019ayant pas \u00e9t\u00e9 scrupuleusement respect\u00e9e, selon elle\u2026 Mais \u00e0 tort, selon le juge des tutelles \u2026 L&rsquo;objet du litige \u2026 qui produit un certificat m\u00e9dical lequel [&hellip;]","og_url":"https:\/\/avoloi.fr\/blog\/larret-du-jour-sous-tutelle\/","og_site_name":"Le blog Avoloi","article_publisher":"https:\/\/fr-fr.facebook.com\/avoloi\/","article_published_time":"2020-02-28T09:15:23+00:00","og_image":[{"width":800,"height":600,"url":"https:\/\/avoloi.fr\/blog\/wp-content\/uploads\/2020\/02\/188-mise-sous-tutelle.jpg","type":"image\/jpeg"}],"author":"Avoloi","twitter_card":"summary_large_image","twitter_creator":"@avoloi","twitter_site":"@avoloi","twitter_misc":{"\u00c9crit par":"Avoloi","Dur\u00e9e de lecture estim\u00e9e":"1 minute"},"schema":{"@context":"https:\/\/schema.org","@graph":[{"@type":"Article","@id":"https:\/\/avoloi.fr\/blog\/larret-du-jour-sous-tutelle\/#article","isPartOf":{"@id":"https:\/\/avoloi.fr\/blog\/larret-du-jour-sous-tutelle\/"},"author":{"name":"Avoloi","@id":"https:\/\/avoloi.fr\/blog\/#\/schema\/person\/23b73188a8a805006f016e2a3cb617b1"},"headline":"L&rsquo;arr\u00eat du jour #188 Sous tutelle","datePublished":"2020-02-28T09:15:23+00:00","mainEntityOfPage":{"@id":"https:\/\/avoloi.fr\/blog\/larret-du-jour-sous-tutelle\/"},"wordCount":231,"commentCount":0,"publisher":{"@id":"https:\/\/avoloi.fr\/blog\/#organization"},"image":{"@id":"https:\/\/avoloi.fr\/blog\/larret-du-jour-sous-tutelle\/#primaryimage"},"thumbnailUrl":"https:\/\/avoloi.fr\/blog\/wp-content\/uploads\/2020\/02\/188-mise-sous-tutelle.jpg","keywords":["avocat","m\u00e9dicale","proc\u00e9dure","tutelle"],"articleSection":["L\u2019arr\u00eat du jour"],"inLanguage":"fr-FR","potentialAction":[{"@type":"CommentAction","name":"Comment","target":["https:\/\/avoloi.fr\/blog\/larret-du-jour-sous-tutelle\/#respond"]}]},{"@type":"WebPage","@id":"https:\/\/avoloi.fr\/blog\/larret-du-jour-sous-tutelle\/","url":"https:\/\/avoloi.fr\/blog\/larret-du-jour-sous-tutelle\/","name":"L'arr\u00eat du jour #188 Sous tutelle - Le blog Avoloi","isPartOf":{"@id":"https:\/\/avoloi.fr\/blog\/#website"},"primaryImageOfPage":{"@id":"https:\/\/avoloi.fr\/blog\/larret-du-jour-sous-tutelle\/#primaryimage"},"image":{"@id":"https:\/\/avoloi.fr\/blog\/larret-du-jour-sous-tutelle\/#primaryimage"},"thumbnailUrl":"https:\/\/avoloi.fr\/blog\/wp-content\/uploads\/2020\/02\/188-mise-sous-tutelle.jpg","datePublished":"2020-02-28T09:15:23+00:00","breadcrumb":{"@id":"https:\/\/avoloi.fr\/blog\/larret-du-jour-sous-tutelle\/#breadcrumb"},"inLanguage":"fr-FR","potentialAction":[{"@type":"ReadAction","target":["https:\/\/avoloi.fr\/blog\/larret-du-jour-sous-tutelle\/"]}]},{"@type":"ImageObject","inLanguage":"fr-FR","@id":"https:\/\/avoloi.fr\/blog\/larret-du-jour-sous-tutelle\/#primaryimage","url":"https:\/\/avoloi.fr\/blog\/wp-content\/uploads\/2020\/02\/188-mise-sous-tutelle.jpg","contentUrl":"https:\/\/avoloi.fr\/blog\/wp-content\/uploads\/2020\/02\/188-mise-sous-tutelle.jpg","width":800,"height":600},{"@type":"BreadcrumbList","@id":"https:\/\/avoloi.fr\/blog\/larret-du-jour-sous-tutelle\/#breadcrumb","itemListElement":[{"@type":"ListItem","position":1,"name":"Accueil","item":"https:\/\/avoloi.fr\/blog\/"},{"@type":"ListItem","position":2,"name":"L&rsquo;arr\u00eat du jour #188 Sous tutelle"}]},{"@type":"WebSite","@id":"https:\/\/avoloi.fr\/blog\/#website","url":"https:\/\/avoloi.fr\/blog\/","name":"Le blog Avoloi","description":"","publisher":{"@id":"https:\/\/avoloi.fr\/blog\/#organization"},"potentialAction":[{"@type":"SearchAction","target":{"@type":"EntryPoint","urlTemplate":"https:\/\/avoloi.fr\/blog\/?s={search_term_string}"},"query-input":{"@type":"PropertyValueSpecification","valueRequired":true,"valueName":"search_term_string"}}],"inLanguage":"fr-FR"},{"@type":"Organization","@id":"https:\/\/avoloi.fr\/blog\/#organization","name":"Avoloi","url":"https:\/\/avoloi.fr\/blog\/","logo":{"@type":"ImageObject","inLanguage":"fr-FR","@id":"https:\/\/avoloi.fr\/blog\/#\/schema\/logo\/image\/","url":"https:\/\/avoloi.fr\/blog\/wp-content\/uploads\/2022\/06\/avoloi_726x172.png","contentUrl":"https:\/\/avoloi.fr\/blog\/wp-content\/uploads\/2022\/06\/avoloi_726x172.png","width":726,"height":172,"caption":"Avoloi"},"image":{"@id":"https:\/\/avoloi.fr\/blog\/#\/schema\/logo\/image\/"},"sameAs":["https:\/\/fr-fr.facebook.com\/avoloi\/","https:\/\/x.com\/avoloi","https:\/\/www.linkedin.com\/company\/11097274\/","https:\/\/www.instagram.com\/avoloi\/"]},{"@type":"Person","@id":"https:\/\/avoloi.fr\/blog\/#\/schema\/person\/23b73188a8a805006f016e2a3cb617b1","name":"Avoloi","image":{"@type":"ImageObject","inLanguage":"fr-FR","@id":"https:\/\/secure.gravatar.com\/avatar\/2ec2e99d2d37d9499d05c0d8442d636f63a751b8a8c16870416ac671c571f81d?s=96&d=mm&r=g","url":"https:\/\/secure.gravatar.com\/avatar\/2ec2e99d2d37d9499d05c0d8442d636f63a751b8a8c16870416ac671c571f81d?s=96&d=mm&r=g","contentUrl":"https:\/\/secure.gravatar.com\/avatar\/2ec2e99d2d37d9499d05c0d8442d636f63a751b8a8c16870416ac671c571f81d?s=96&d=mm&r=g","caption":"Avoloi"}}]}},"_links":{"self":[{"href":"https:\/\/avoloi.fr\/blog\/wp-json\/wp\/v2\/posts\/16570","targetHints":{"allow":["GET"]}}],"collection":[{"href":"https:\/\/avoloi.fr\/blog\/wp-json\/wp\/v2\/posts"}],"about":[{"href":"https:\/\/avoloi.fr\/blog\/wp-json\/wp\/v2\/types\/post"}],"author":[{"embeddable":true,"href":"https:\/\/avoloi.fr\/blog\/wp-json\/wp\/v2\/users\/2"}],"replies":[{"embeddable":true,"href":"https:\/\/avoloi.fr\/blog\/wp-json\/wp\/v2\/comments?post=16570"}],"version-history":[{"count":0,"href":"https:\/\/avoloi.fr\/blog\/wp-json\/wp\/v2\/posts\/16570\/revisions"}],"wp:featuredmedia":[{"embeddable":true,"href":"https:\/\/avoloi.fr\/blog\/wp-json\/wp\/v2\/media\/17005"}],"wp:attachment":[{"href":"https:\/\/avoloi.fr\/blog\/wp-json\/wp\/v2\/media?parent=16570"}],"wp:term":[{"taxonomy":"category","embeddable":true,"href":"https:\/\/avoloi.fr\/blog\/wp-json\/wp\/v2\/categories?post=16570"},{"taxonomy":"post_tag","embeddable":true,"href":"https:\/\/avoloi.fr\/blog\/wp-json\/wp\/v2\/tags?post=16570"}],"curies":[{"name":"wp","href":"https:\/\/api.w.org\/{rel}","templated":true}]}}