{"id":16317,"date":"2019-08-02T09:50:18","date_gmt":"2019-08-02T07:50:18","guid":{"rendered":"https:\/\/www.avoloi.eu\/?p=16317"},"modified":"2019-08-02T09:50:18","modified_gmt":"2019-08-02T07:50:18","slug":"larret-du-jour-140-le-testament-de-maman-2-2-5-7","status":"publish","type":"post","link":"https:\/\/avoloi.fr\/blog\/larret-du-jour-140-le-testament-de-maman-2-2-5-7\/","title":{"rendered":"L&rsquo;arr\u00eat du jour #158 Les abris de jardin et le voisin"},"content":{"rendered":"<h2><b><i>C\u2019est l\u2019histoire d\u2019un propri\u00e9taire qui construit 2 abris de jardin\u2026 au grand dam de son voisin\u2026<\/i><\/b><\/h2>\n<p>Un propri\u00e9taire d\u00e9pose 2 d\u00e9clarations pr\u00e9alables pour construire 2 abris de jardin chez lui, auxquelles la Mairie ne s\u2019oppose pas. Apr\u00e8s les travaux, son voisin r\u00e9clame des indemnit\u00e9s et la d\u00e9molition des abris de jardin, estimant que les constructions ne sont pas conformes aux d\u00e9clarations pr\u00e9alables\u2026<\/p>\n<h3>L&rsquo;objet du litige<\/h3>\n<p>Le voisin constate, en effet, que le premier abri de jardin est d\u2019une surface de 12,13 m\u00b2, au lieu de 12 m\u00b2, et que le second abri de jardin est de 20,74 m\u00b2, au lieu de 15 m\u00b2. En outre, ils ont \u00e9t\u00e9 \u00e9difi\u00e9s \u00e0 65 cm du mur de s\u00e9paration de leur propri\u00e9t\u00e9, ce qui l\u2019emp\u00eache de bien l\u2019entretenir. Mais, le propri\u00e9taire explique qu\u2019il a r\u00e9gularis\u00e9 la situation des abris de jardin et que, de toute fa\u00e7on, ils ne causent aucun dommage \u00e0 son voisin. Par ailleurs, il estime qu\u2019un espacement de 65 cm est suffisant pour permettre \u00e0 son voisin d\u2019entretenir le mur de s\u00e9paration.<\/p>\n<h3>Le verdict<\/h3>\n<p>Ce que confirme le juge : d\u00e8s lors, le propri\u00e9taire n\u2019a pas \u00e0 d\u00e9truire les abris de jardin ni \u00e0 indemniser son voisin.<\/p>\n<blockquote>\n<p><em><span class=\"s1\">Source : Arr\u00eat de la Cour de cassation, 3\u00e8me chambre civile, du 27 juin 2019, n\u00b0 18-16647<\/span><\/em><\/p>\n<\/blockquote>\n\n\n<p class=\"has-small-font-size\">En partenariat avec Weblex<\/p>\n","protected":false},"excerpt":{"rendered":"<p>C\u2019est l\u2019histoire d\u2019un propri\u00e9taire qui construit 2 abris de jardin\u2026 au grand dam de son voisin\u2026 Un propri\u00e9taire d\u00e9pose 2 d\u00e9clarations pr\u00e9alables pour construire 2 abris de jardin chez lui, auxquelles la Mairie ne s\u2019oppose pas. Apr\u00e8s les travaux, son voisin r\u00e9clame des indemnit\u00e9s et la d\u00e9molition des abris de jardin, estimant que les constructions [&hellip;]<\/p>\n","protected":false},"author":2,"featured_media":17377,"comment_status":"open","ping_status":"closed","sticky":false,"template":"","format":"standard","meta":{"footnotes":""},"categories":[2],"tags":[263,4,264,167],"class_list":["post-16317","post","type-post","status-publish","format-standard","has-post-thumbnail","hentry","category-larret-du-jour","tag-abris","tag-avocat","tag-jardin","tag-voisin"],"yoast_head":"<!-- This site is optimized with the Yoast SEO plugin v27.4 - https:\/\/yoast.com\/product\/yoast-seo-wordpress\/ -->\n<title>L&#039;arr\u00eat du jour #158 Les abris de jardin et le voisin - Le blog Avoloi<\/title>\n<meta name=\"robots\" content=\"index, follow, max-snippet:-1, max-image-preview:large, max-video-preview:-1\" \/>\n<link rel=\"canonical\" href=\"https:\/\/avoloi.fr\/blog\/larret-du-jour-140-le-testament-de-maman-2-2-5-7\/\" \/>\n<meta property=\"og:locale\" content=\"fr_FR\" \/>\n<meta property=\"og:type\" content=\"article\" \/>\n<meta property=\"og:title\" content=\"L&#039;arr\u00eat du jour #158 Les abris de jardin et le voisin - Le blog Avoloi\" \/>\n<meta property=\"og:description\" content=\"C\u2019est l\u2019histoire d\u2019un propri\u00e9taire qui construit 2 abris de jardin\u2026 au grand dam de son voisin\u2026 Un propri\u00e9taire d\u00e9pose 2 d\u00e9clarations pr\u00e9alables pour construire 2 abris de jardin chez lui, auxquelles la Mairie ne s\u2019oppose pas. Apr\u00e8s les travaux, son voisin r\u00e9clame des indemnit\u00e9s et la d\u00e9molition des abris de jardin, estimant que les constructions [&hellip;]\" \/>\n<meta property=\"og:url\" content=\"https:\/\/avoloi.fr\/blog\/larret-du-jour-140-le-testament-de-maman-2-2-5-7\/\" \/>\n<meta property=\"og:site_name\" content=\"Le blog Avoloi\" \/>\n<meta property=\"article:publisher\" content=\"https:\/\/fr-fr.facebook.com\/avoloi\/\" \/>\n<meta property=\"article:published_time\" content=\"2019-08-02T07:50:18+00:00\" \/>\n<meta property=\"og:image\" content=\"https:\/\/avoloi.fr\/blog\/wp-content\/uploads\/2019\/08\/arret-du-jour-avoloi-abris-de-jardin-158.jpg\" \/>\n\t<meta property=\"og:image:width\" content=\"800\" \/>\n\t<meta property=\"og:image:height\" content=\"600\" \/>\n\t<meta property=\"og:image:type\" content=\"image\/jpeg\" \/>\n<meta name=\"author\" content=\"Avoloi\" \/>\n<meta name=\"twitter:card\" content=\"summary_large_image\" \/>\n<meta name=\"twitter:creator\" content=\"@avoloi\" \/>\n<meta name=\"twitter:site\" content=\"@avoloi\" \/>\n<meta name=\"twitter:label1\" content=\"\u00c9crit par\" \/>\n\t<meta name=\"twitter:data1\" content=\"Avoloi\" \/>\n\t<meta name=\"twitter:label2\" content=\"Dur\u00e9e de lecture estim\u00e9e\" \/>\n\t<meta name=\"twitter:data2\" content=\"1 minute\" \/>\n<script type=\"application\/ld+json\" class=\"yoast-schema-graph\">{\"@context\":\"https:\\\/\\\/schema.org\",\"@graph\":[{\"@type\":\"Article\",\"@id\":\"https:\\\/\\\/avoloi.fr\\\/blog\\\/larret-du-jour-140-le-testament-de-maman-2-2-5-7\\\/#article\",\"isPartOf\":{\"@id\":\"https:\\\/\\\/avoloi.fr\\\/blog\\\/larret-du-jour-140-le-testament-de-maman-2-2-5-7\\\/\"},\"author\":{\"name\":\"Avoloi\",\"@id\":\"https:\\\/\\\/avoloi.fr\\\/blog\\\/#\\\/schema\\\/person\\\/23b73188a8a805006f016e2a3cb617b1\"},\"headline\":\"L&rsquo;arr\u00eat du jour #158 Les abris de jardin et le voisin\",\"datePublished\":\"2019-08-02T07:50:18+00:00\",\"mainEntityOfPage\":{\"@id\":\"https:\\\/\\\/avoloi.fr\\\/blog\\\/larret-du-jour-140-le-testament-de-maman-2-2-5-7\\\/\"},\"wordCount\":247,\"commentCount\":0,\"publisher\":{\"@id\":\"https:\\\/\\\/avoloi.fr\\\/blog\\\/#organization\"},\"image\":{\"@id\":\"https:\\\/\\\/avoloi.fr\\\/blog\\\/larret-du-jour-140-le-testament-de-maman-2-2-5-7\\\/#primaryimage\"},\"thumbnailUrl\":\"https:\\\/\\\/avoloi.fr\\\/blog\\\/wp-content\\\/uploads\\\/2019\\\/08\\\/arret-du-jour-avoloi-abris-de-jardin-158.jpg\",\"keywords\":[\"abris\",\"avocat\",\"jardin\",\"voisin\"],\"articleSection\":[\"L\u2019arr\u00eat du jour\"],\"inLanguage\":\"fr-FR\",\"potentialAction\":[{\"@type\":\"CommentAction\",\"name\":\"Comment\",\"target\":[\"https:\\\/\\\/avoloi.fr\\\/blog\\\/larret-du-jour-140-le-testament-de-maman-2-2-5-7\\\/#respond\"]}]},{\"@type\":\"WebPage\",\"@id\":\"https:\\\/\\\/avoloi.fr\\\/blog\\\/larret-du-jour-140-le-testament-de-maman-2-2-5-7\\\/\",\"url\":\"https:\\\/\\\/avoloi.fr\\\/blog\\\/larret-du-jour-140-le-testament-de-maman-2-2-5-7\\\/\",\"name\":\"L'arr\u00eat du jour #158 Les abris de jardin et le voisin - Le blog Avoloi\",\"isPartOf\":{\"@id\":\"https:\\\/\\\/avoloi.fr\\\/blog\\\/#website\"},\"primaryImageOfPage\":{\"@id\":\"https:\\\/\\\/avoloi.fr\\\/blog\\\/larret-du-jour-140-le-testament-de-maman-2-2-5-7\\\/#primaryimage\"},\"image\":{\"@id\":\"https:\\\/\\\/avoloi.fr\\\/blog\\\/larret-du-jour-140-le-testament-de-maman-2-2-5-7\\\/#primaryimage\"},\"thumbnailUrl\":\"https:\\\/\\\/avoloi.fr\\\/blog\\\/wp-content\\\/uploads\\\/2019\\\/08\\\/arret-du-jour-avoloi-abris-de-jardin-158.jpg\",\"datePublished\":\"2019-08-02T07:50:18+00:00\",\"breadcrumb\":{\"@id\":\"https:\\\/\\\/avoloi.fr\\\/blog\\\/larret-du-jour-140-le-testament-de-maman-2-2-5-7\\\/#breadcrumb\"},\"inLanguage\":\"fr-FR\",\"potentialAction\":[{\"@type\":\"ReadAction\",\"target\":[\"https:\\\/\\\/avoloi.fr\\\/blog\\\/larret-du-jour-140-le-testament-de-maman-2-2-5-7\\\/\"]}]},{\"@type\":\"ImageObject\",\"inLanguage\":\"fr-FR\",\"@id\":\"https:\\\/\\\/avoloi.fr\\\/blog\\\/larret-du-jour-140-le-testament-de-maman-2-2-5-7\\\/#primaryimage\",\"url\":\"https:\\\/\\\/avoloi.fr\\\/blog\\\/wp-content\\\/uploads\\\/2019\\\/08\\\/arret-du-jour-avoloi-abris-de-jardin-158.jpg\",\"contentUrl\":\"https:\\\/\\\/avoloi.fr\\\/blog\\\/wp-content\\\/uploads\\\/2019\\\/08\\\/arret-du-jour-avoloi-abris-de-jardin-158.jpg\",\"width\":800,\"height\":600},{\"@type\":\"BreadcrumbList\",\"@id\":\"https:\\\/\\\/avoloi.fr\\\/blog\\\/larret-du-jour-140-le-testament-de-maman-2-2-5-7\\\/#breadcrumb\",\"itemListElement\":[{\"@type\":\"ListItem\",\"position\":1,\"name\":\"Accueil\",\"item\":\"https:\\\/\\\/avoloi.fr\\\/blog\\\/\"},{\"@type\":\"ListItem\",\"position\":2,\"name\":\"L&rsquo;arr\u00eat du jour #158 Les abris de jardin et le voisin\"}]},{\"@type\":\"WebSite\",\"@id\":\"https:\\\/\\\/avoloi.fr\\\/blog\\\/#website\",\"url\":\"https:\\\/\\\/avoloi.fr\\\/blog\\\/\",\"name\":\"Le blog Avoloi\",\"description\":\"\",\"publisher\":{\"@id\":\"https:\\\/\\\/avoloi.fr\\\/blog\\\/#organization\"},\"potentialAction\":[{\"@type\":\"SearchAction\",\"target\":{\"@type\":\"EntryPoint\",\"urlTemplate\":\"https:\\\/\\\/avoloi.fr\\\/blog\\\/?s={search_term_string}\"},\"query-input\":{\"@type\":\"PropertyValueSpecification\",\"valueRequired\":true,\"valueName\":\"search_term_string\"}}],\"inLanguage\":\"fr-FR\"},{\"@type\":\"Organization\",\"@id\":\"https:\\\/\\\/avoloi.fr\\\/blog\\\/#organization\",\"name\":\"Avoloi\",\"url\":\"https:\\\/\\\/avoloi.fr\\\/blog\\\/\",\"logo\":{\"@type\":\"ImageObject\",\"inLanguage\":\"fr-FR\",\"@id\":\"https:\\\/\\\/avoloi.fr\\\/blog\\\/#\\\/schema\\\/logo\\\/image\\\/\",\"url\":\"https:\\\/\\\/avoloi.fr\\\/blog\\\/wp-content\\\/uploads\\\/2022\\\/06\\\/avoloi_726x172.png\",\"contentUrl\":\"https:\\\/\\\/avoloi.fr\\\/blog\\\/wp-content\\\/uploads\\\/2022\\\/06\\\/avoloi_726x172.png\",\"width\":726,\"height\":172,\"caption\":\"Avoloi\"},\"image\":{\"@id\":\"https:\\\/\\\/avoloi.fr\\\/blog\\\/#\\\/schema\\\/logo\\\/image\\\/\"},\"sameAs\":[\"https:\\\/\\\/fr-fr.facebook.com\\\/avoloi\\\/\",\"https:\\\/\\\/x.com\\\/avoloi\",\"https:\\\/\\\/www.linkedin.com\\\/company\\\/11097274\\\/\",\"https:\\\/\\\/www.instagram.com\\\/avoloi\\\/\"]},{\"@type\":\"Person\",\"@id\":\"https:\\\/\\\/avoloi.fr\\\/blog\\\/#\\\/schema\\\/person\\\/23b73188a8a805006f016e2a3cb617b1\",\"name\":\"Avoloi\",\"image\":{\"@type\":\"ImageObject\",\"inLanguage\":\"fr-FR\",\"@id\":\"https:\\\/\\\/secure.gravatar.com\\\/avatar\\\/2ec2e99d2d37d9499d05c0d8442d636f63a751b8a8c16870416ac671c571f81d?s=96&d=mm&r=g\",\"url\":\"https:\\\/\\\/secure.gravatar.com\\\/avatar\\\/2ec2e99d2d37d9499d05c0d8442d636f63a751b8a8c16870416ac671c571f81d?s=96&d=mm&r=g\",\"contentUrl\":\"https:\\\/\\\/secure.gravatar.com\\\/avatar\\\/2ec2e99d2d37d9499d05c0d8442d636f63a751b8a8c16870416ac671c571f81d?s=96&d=mm&r=g\",\"caption\":\"Avoloi\"}}]}<\/script>\n<!-- \/ Yoast SEO plugin. -->","yoast_head_json":{"title":"L'arr\u00eat du jour #158 Les abris de jardin et le voisin - Le blog Avoloi","robots":{"index":"index","follow":"follow","max-snippet":"max-snippet:-1","max-image-preview":"max-image-preview:large","max-video-preview":"max-video-preview:-1"},"canonical":"https:\/\/avoloi.fr\/blog\/larret-du-jour-140-le-testament-de-maman-2-2-5-7\/","og_locale":"fr_FR","og_type":"article","og_title":"L'arr\u00eat du jour #158 Les abris de jardin et le voisin - Le blog Avoloi","og_description":"C\u2019est l\u2019histoire d\u2019un propri\u00e9taire qui construit 2 abris de jardin\u2026 au grand dam de son voisin\u2026 Un propri\u00e9taire d\u00e9pose 2 d\u00e9clarations pr\u00e9alables pour construire 2 abris de jardin chez lui, auxquelles la Mairie ne s\u2019oppose pas. Apr\u00e8s les travaux, son voisin r\u00e9clame des indemnit\u00e9s et la d\u00e9molition des abris de jardin, estimant que les constructions [&hellip;]","og_url":"https:\/\/avoloi.fr\/blog\/larret-du-jour-140-le-testament-de-maman-2-2-5-7\/","og_site_name":"Le blog Avoloi","article_publisher":"https:\/\/fr-fr.facebook.com\/avoloi\/","article_published_time":"2019-08-02T07:50:18+00:00","og_image":[{"width":800,"height":600,"url":"https:\/\/avoloi.fr\/blog\/wp-content\/uploads\/2019\/08\/arret-du-jour-avoloi-abris-de-jardin-158.jpg","type":"image\/jpeg"}],"author":"Avoloi","twitter_card":"summary_large_image","twitter_creator":"@avoloi","twitter_site":"@avoloi","twitter_misc":{"\u00c9crit par":"Avoloi","Dur\u00e9e de lecture estim\u00e9e":"1 minute"},"schema":{"@context":"https:\/\/schema.org","@graph":[{"@type":"Article","@id":"https:\/\/avoloi.fr\/blog\/larret-du-jour-140-le-testament-de-maman-2-2-5-7\/#article","isPartOf":{"@id":"https:\/\/avoloi.fr\/blog\/larret-du-jour-140-le-testament-de-maman-2-2-5-7\/"},"author":{"name":"Avoloi","@id":"https:\/\/avoloi.fr\/blog\/#\/schema\/person\/23b73188a8a805006f016e2a3cb617b1"},"headline":"L&rsquo;arr\u00eat du jour #158 Les abris de jardin et le voisin","datePublished":"2019-08-02T07:50:18+00:00","mainEntityOfPage":{"@id":"https:\/\/avoloi.fr\/blog\/larret-du-jour-140-le-testament-de-maman-2-2-5-7\/"},"wordCount":247,"commentCount":0,"publisher":{"@id":"https:\/\/avoloi.fr\/blog\/#organization"},"image":{"@id":"https:\/\/avoloi.fr\/blog\/larret-du-jour-140-le-testament-de-maman-2-2-5-7\/#primaryimage"},"thumbnailUrl":"https:\/\/avoloi.fr\/blog\/wp-content\/uploads\/2019\/08\/arret-du-jour-avoloi-abris-de-jardin-158.jpg","keywords":["abris","avocat","jardin","voisin"],"articleSection":["L\u2019arr\u00eat du jour"],"inLanguage":"fr-FR","potentialAction":[{"@type":"CommentAction","name":"Comment","target":["https:\/\/avoloi.fr\/blog\/larret-du-jour-140-le-testament-de-maman-2-2-5-7\/#respond"]}]},{"@type":"WebPage","@id":"https:\/\/avoloi.fr\/blog\/larret-du-jour-140-le-testament-de-maman-2-2-5-7\/","url":"https:\/\/avoloi.fr\/blog\/larret-du-jour-140-le-testament-de-maman-2-2-5-7\/","name":"L'arr\u00eat du jour #158 Les abris de jardin et le voisin - Le blog Avoloi","isPartOf":{"@id":"https:\/\/avoloi.fr\/blog\/#website"},"primaryImageOfPage":{"@id":"https:\/\/avoloi.fr\/blog\/larret-du-jour-140-le-testament-de-maman-2-2-5-7\/#primaryimage"},"image":{"@id":"https:\/\/avoloi.fr\/blog\/larret-du-jour-140-le-testament-de-maman-2-2-5-7\/#primaryimage"},"thumbnailUrl":"https:\/\/avoloi.fr\/blog\/wp-content\/uploads\/2019\/08\/arret-du-jour-avoloi-abris-de-jardin-158.jpg","datePublished":"2019-08-02T07:50:18+00:00","breadcrumb":{"@id":"https:\/\/avoloi.fr\/blog\/larret-du-jour-140-le-testament-de-maman-2-2-5-7\/#breadcrumb"},"inLanguage":"fr-FR","potentialAction":[{"@type":"ReadAction","target":["https:\/\/avoloi.fr\/blog\/larret-du-jour-140-le-testament-de-maman-2-2-5-7\/"]}]},{"@type":"ImageObject","inLanguage":"fr-FR","@id":"https:\/\/avoloi.fr\/blog\/larret-du-jour-140-le-testament-de-maman-2-2-5-7\/#primaryimage","url":"https:\/\/avoloi.fr\/blog\/wp-content\/uploads\/2019\/08\/arret-du-jour-avoloi-abris-de-jardin-158.jpg","contentUrl":"https:\/\/avoloi.fr\/blog\/wp-content\/uploads\/2019\/08\/arret-du-jour-avoloi-abris-de-jardin-158.jpg","width":800,"height":600},{"@type":"BreadcrumbList","@id":"https:\/\/avoloi.fr\/blog\/larret-du-jour-140-le-testament-de-maman-2-2-5-7\/#breadcrumb","itemListElement":[{"@type":"ListItem","position":1,"name":"Accueil","item":"https:\/\/avoloi.fr\/blog\/"},{"@type":"ListItem","position":2,"name":"L&rsquo;arr\u00eat du jour #158 Les abris de jardin et le voisin"}]},{"@type":"WebSite","@id":"https:\/\/avoloi.fr\/blog\/#website","url":"https:\/\/avoloi.fr\/blog\/","name":"Le blog Avoloi","description":"","publisher":{"@id":"https:\/\/avoloi.fr\/blog\/#organization"},"potentialAction":[{"@type":"SearchAction","target":{"@type":"EntryPoint","urlTemplate":"https:\/\/avoloi.fr\/blog\/?s={search_term_string}"},"query-input":{"@type":"PropertyValueSpecification","valueRequired":true,"valueName":"search_term_string"}}],"inLanguage":"fr-FR"},{"@type":"Organization","@id":"https:\/\/avoloi.fr\/blog\/#organization","name":"Avoloi","url":"https:\/\/avoloi.fr\/blog\/","logo":{"@type":"ImageObject","inLanguage":"fr-FR","@id":"https:\/\/avoloi.fr\/blog\/#\/schema\/logo\/image\/","url":"https:\/\/avoloi.fr\/blog\/wp-content\/uploads\/2022\/06\/avoloi_726x172.png","contentUrl":"https:\/\/avoloi.fr\/blog\/wp-content\/uploads\/2022\/06\/avoloi_726x172.png","width":726,"height":172,"caption":"Avoloi"},"image":{"@id":"https:\/\/avoloi.fr\/blog\/#\/schema\/logo\/image\/"},"sameAs":["https:\/\/fr-fr.facebook.com\/avoloi\/","https:\/\/x.com\/avoloi","https:\/\/www.linkedin.com\/company\/11097274\/","https:\/\/www.instagram.com\/avoloi\/"]},{"@type":"Person","@id":"https:\/\/avoloi.fr\/blog\/#\/schema\/person\/23b73188a8a805006f016e2a3cb617b1","name":"Avoloi","image":{"@type":"ImageObject","inLanguage":"fr-FR","@id":"https:\/\/secure.gravatar.com\/avatar\/2ec2e99d2d37d9499d05c0d8442d636f63a751b8a8c16870416ac671c571f81d?s=96&d=mm&r=g","url":"https:\/\/secure.gravatar.com\/avatar\/2ec2e99d2d37d9499d05c0d8442d636f63a751b8a8c16870416ac671c571f81d?s=96&d=mm&r=g","contentUrl":"https:\/\/secure.gravatar.com\/avatar\/2ec2e99d2d37d9499d05c0d8442d636f63a751b8a8c16870416ac671c571f81d?s=96&d=mm&r=g","caption":"Avoloi"}}]}},"_links":{"self":[{"href":"https:\/\/avoloi.fr\/blog\/wp-json\/wp\/v2\/posts\/16317","targetHints":{"allow":["GET"]}}],"collection":[{"href":"https:\/\/avoloi.fr\/blog\/wp-json\/wp\/v2\/posts"}],"about":[{"href":"https:\/\/avoloi.fr\/blog\/wp-json\/wp\/v2\/types\/post"}],"author":[{"embeddable":true,"href":"https:\/\/avoloi.fr\/blog\/wp-json\/wp\/v2\/users\/2"}],"replies":[{"embeddable":true,"href":"https:\/\/avoloi.fr\/blog\/wp-json\/wp\/v2\/comments?post=16317"}],"version-history":[{"count":0,"href":"https:\/\/avoloi.fr\/blog\/wp-json\/wp\/v2\/posts\/16317\/revisions"}],"wp:featuredmedia":[{"embeddable":true,"href":"https:\/\/avoloi.fr\/blog\/wp-json\/wp\/v2\/media\/17377"}],"wp:attachment":[{"href":"https:\/\/avoloi.fr\/blog\/wp-json\/wp\/v2\/media?parent=16317"}],"wp:term":[{"taxonomy":"category","embeddable":true,"href":"https:\/\/avoloi.fr\/blog\/wp-json\/wp\/v2\/categories?post=16317"},{"taxonomy":"post_tag","embeddable":true,"href":"https:\/\/avoloi.fr\/blog\/wp-json\/wp\/v2\/tags?post=16317"}],"curies":[{"name":"wp","href":"https:\/\/api.w.org\/{rel}","templated":true}]}}