{"id":16316,"date":"2019-08-09T09:59:29","date_gmt":"2019-08-09T07:59:29","guid":{"rendered":"https:\/\/www.avoloi.eu\/?p=16316"},"modified":"2019-08-09T09:59:29","modified_gmt":"2019-08-09T07:59:29","slug":"larret-du-jour-140-le-testament-de-maman-2-2-5-8","status":"publish","type":"post","link":"https:\/\/avoloi.fr\/blog\/larret-du-jour-140-le-testament-de-maman-2-2-5-8\/","title":{"rendered":"L&rsquo;arr\u00eat du jour #159 le droit de visite de mamie"},"content":{"rendered":"<h2><b><i>C\u2019est l\u2019histoire d\u2019une grand-m\u00e8re qui a d\u00e9velopp\u00e9 une animosit\u00e9 envers sa belle-fille\u2026<\/i><\/b><\/h2>\n<p>Une grand-m\u00e8re sollicite aupr\u00e8s de la justice un droit de visite de ses petits-enfants, son fils et sa belle-fille refusant qu\u2019elle les voie. Une demande qui doit \u00eatre rejet\u00e9e, selon ces derniers, au vu du comportement particuli\u00e8rement n\u00e9faste de la grand-m\u00e8re\u2026<\/p>\n<h3>L&rsquo;objet du litige<\/h3>\n<p>Ils rappellent alors que la grand-m\u00e8re a d\u00e9velopp\u00e9 une animosit\u00e9 \u00e0 l\u2019\u00e9gard de sa belle-fille qui l\u2019a amen\u00e9 \u00e0 porter abusivement plainte contre elle pour maltraitance envers ses enfants. Malgr\u00e9 leurs efforts pour maintenir de bonnes relations avec elle, cette attitude a amen\u00e9 les parents \u00e0 porter eux-m\u00eames plainte pour d\u00e9nonciation calomnieuse et \u00e0 mettre en demeure la grand-m\u00e8re de cesser ses agissements, en vain. Pour eux, ce comportement nuisible p\u00e8se sur la famille, est source de perturbation pour les enfants et justifie que le droit de visite de la grand-m\u00e8re lui soit refus\u00e9.<\/p>\n<h3>Le verdict<\/h3>\n<p>Au vu de tous ces \u00e9l\u00e9ments, le juge donne raison aux parents : dans l\u2019int\u00e9r\u00eat des enfants, la demande de droit de visite de la grand-m\u00e8re est rejet\u00e9e.<\/p>\n<blockquote>\n<p><em><span class=\"s1\">Source : Arr\u00eat de la Cour de cassation, 1\u00e8re chambre civile, du 26 juin 2019, n\u00b0 18-19017<\/span><\/em><\/p>\n<\/blockquote>\n\n\n<p class=\"has-small-font-size\">En partenariat avec Weblex<\/p>\n","protected":false},"excerpt":{"rendered":"<p>C\u2019est l\u2019histoire d\u2019une grand-m\u00e8re qui a d\u00e9velopp\u00e9 une animosit\u00e9 envers sa belle-fille\u2026 Une grand-m\u00e8re sollicite aupr\u00e8s de la justice un droit de visite de ses petits-enfants, son fils et sa belle-fille refusant qu\u2019elle les voie. Une demande qui doit \u00eatre rejet\u00e9e, selon ces derniers, au vu du comportement particuli\u00e8rement n\u00e9faste de la grand-m\u00e8re\u2026 L&rsquo;objet du [&hellip;]<\/p>\n","protected":false},"author":2,"featured_media":17306,"comment_status":"open","ping_status":"closed","sticky":false,"template":"","format":"standard","meta":{"footnotes":""},"categories":[2],"tags":[4,260,98,261,262],"class_list":["post-16316","post","type-post","status-publish","format-standard","has-post-thumbnail","hentry","category-larret-du-jour","tag-avocat","tag-comportement","tag-famille","tag-maltraitance","tag-perturbation"],"yoast_head":"<!-- This site is optimized with the Yoast SEO plugin v27.4 - https:\/\/yoast.com\/product\/yoast-seo-wordpress\/ -->\n<title>L&#039;arr\u00eat du jour #159 le droit de visite de mamie - Le blog Avoloi<\/title>\n<meta name=\"robots\" content=\"index, follow, max-snippet:-1, max-image-preview:large, max-video-preview:-1\" \/>\n<link rel=\"canonical\" href=\"https:\/\/avoloi.fr\/blog\/larret-du-jour-140-le-testament-de-maman-2-2-5-8\/\" \/>\n<meta property=\"og:locale\" content=\"fr_FR\" \/>\n<meta property=\"og:type\" content=\"article\" \/>\n<meta property=\"og:title\" content=\"L&#039;arr\u00eat du jour #159 le droit de visite de mamie - Le blog Avoloi\" \/>\n<meta property=\"og:description\" content=\"C\u2019est l\u2019histoire d\u2019une grand-m\u00e8re qui a d\u00e9velopp\u00e9 une animosit\u00e9 envers sa belle-fille\u2026 Une grand-m\u00e8re sollicite aupr\u00e8s de la justice un droit de visite de ses petits-enfants, son fils et sa belle-fille refusant qu\u2019elle les voie. Une demande qui doit \u00eatre rejet\u00e9e, selon ces derniers, au vu du comportement particuli\u00e8rement n\u00e9faste de la grand-m\u00e8re\u2026 L&rsquo;objet du [&hellip;]\" \/>\n<meta property=\"og:url\" content=\"https:\/\/avoloi.fr\/blog\/larret-du-jour-140-le-testament-de-maman-2-2-5-8\/\" \/>\n<meta property=\"og:site_name\" content=\"Le blog Avoloi\" \/>\n<meta property=\"article:publisher\" content=\"https:\/\/fr-fr.facebook.com\/avoloi\/\" \/>\n<meta property=\"article:published_time\" content=\"2019-08-09T07:59:29+00:00\" \/>\n<meta property=\"og:image\" content=\"https:\/\/avoloi.fr\/blog\/wp-content\/uploads\/2019\/08\/159-Le-droit-de-visite-de-mamie.jpg\" \/>\n\t<meta property=\"og:image:width\" content=\"800\" \/>\n\t<meta property=\"og:image:height\" content=\"600\" \/>\n\t<meta property=\"og:image:type\" content=\"image\/jpeg\" \/>\n<meta name=\"author\" content=\"Avoloi\" \/>\n<meta name=\"twitter:card\" content=\"summary_large_image\" \/>\n<meta name=\"twitter:creator\" content=\"@avoloi\" \/>\n<meta name=\"twitter:site\" content=\"@avoloi\" \/>\n<meta name=\"twitter:label1\" content=\"\u00c9crit par\" \/>\n\t<meta name=\"twitter:data1\" content=\"Avoloi\" \/>\n\t<meta name=\"twitter:label2\" content=\"Dur\u00e9e de lecture estim\u00e9e\" \/>\n\t<meta name=\"twitter:data2\" content=\"1 minute\" \/>\n<script type=\"application\/ld+json\" class=\"yoast-schema-graph\">{\"@context\":\"https:\\\/\\\/schema.org\",\"@graph\":[{\"@type\":\"Article\",\"@id\":\"https:\\\/\\\/avoloi.fr\\\/blog\\\/larret-du-jour-140-le-testament-de-maman-2-2-5-8\\\/#article\",\"isPartOf\":{\"@id\":\"https:\\\/\\\/avoloi.fr\\\/blog\\\/larret-du-jour-140-le-testament-de-maman-2-2-5-8\\\/\"},\"author\":{\"name\":\"Avoloi\",\"@id\":\"https:\\\/\\\/avoloi.fr\\\/blog\\\/#\\\/schema\\\/person\\\/23b73188a8a805006f016e2a3cb617b1\"},\"headline\":\"L&rsquo;arr\u00eat du jour #159 le droit de visite de mamie\",\"datePublished\":\"2019-08-09T07:59:29+00:00\",\"mainEntityOfPage\":{\"@id\":\"https:\\\/\\\/avoloi.fr\\\/blog\\\/larret-du-jour-140-le-testament-de-maman-2-2-5-8\\\/\"},\"wordCount\":233,\"commentCount\":0,\"publisher\":{\"@id\":\"https:\\\/\\\/avoloi.fr\\\/blog\\\/#organization\"},\"image\":{\"@id\":\"https:\\\/\\\/avoloi.fr\\\/blog\\\/larret-du-jour-140-le-testament-de-maman-2-2-5-8\\\/#primaryimage\"},\"thumbnailUrl\":\"https:\\\/\\\/avoloi.fr\\\/blog\\\/wp-content\\\/uploads\\\/2019\\\/08\\\/159-Le-droit-de-visite-de-mamie.jpg\",\"keywords\":[\"avocat\",\"comportement\",\"famille\",\"maltraitance\",\"perturbation\"],\"articleSection\":[\"L\u2019arr\u00eat du jour\"],\"inLanguage\":\"fr-FR\",\"potentialAction\":[{\"@type\":\"CommentAction\",\"name\":\"Comment\",\"target\":[\"https:\\\/\\\/avoloi.fr\\\/blog\\\/larret-du-jour-140-le-testament-de-maman-2-2-5-8\\\/#respond\"]}]},{\"@type\":\"WebPage\",\"@id\":\"https:\\\/\\\/avoloi.fr\\\/blog\\\/larret-du-jour-140-le-testament-de-maman-2-2-5-8\\\/\",\"url\":\"https:\\\/\\\/avoloi.fr\\\/blog\\\/larret-du-jour-140-le-testament-de-maman-2-2-5-8\\\/\",\"name\":\"L'arr\u00eat du jour #159 le droit de visite de mamie - Le blog Avoloi\",\"isPartOf\":{\"@id\":\"https:\\\/\\\/avoloi.fr\\\/blog\\\/#website\"},\"primaryImageOfPage\":{\"@id\":\"https:\\\/\\\/avoloi.fr\\\/blog\\\/larret-du-jour-140-le-testament-de-maman-2-2-5-8\\\/#primaryimage\"},\"image\":{\"@id\":\"https:\\\/\\\/avoloi.fr\\\/blog\\\/larret-du-jour-140-le-testament-de-maman-2-2-5-8\\\/#primaryimage\"},\"thumbnailUrl\":\"https:\\\/\\\/avoloi.fr\\\/blog\\\/wp-content\\\/uploads\\\/2019\\\/08\\\/159-Le-droit-de-visite-de-mamie.jpg\",\"datePublished\":\"2019-08-09T07:59:29+00:00\",\"breadcrumb\":{\"@id\":\"https:\\\/\\\/avoloi.fr\\\/blog\\\/larret-du-jour-140-le-testament-de-maman-2-2-5-8\\\/#breadcrumb\"},\"inLanguage\":\"fr-FR\",\"potentialAction\":[{\"@type\":\"ReadAction\",\"target\":[\"https:\\\/\\\/avoloi.fr\\\/blog\\\/larret-du-jour-140-le-testament-de-maman-2-2-5-8\\\/\"]}]},{\"@type\":\"ImageObject\",\"inLanguage\":\"fr-FR\",\"@id\":\"https:\\\/\\\/avoloi.fr\\\/blog\\\/larret-du-jour-140-le-testament-de-maman-2-2-5-8\\\/#primaryimage\",\"url\":\"https:\\\/\\\/avoloi.fr\\\/blog\\\/wp-content\\\/uploads\\\/2019\\\/08\\\/159-Le-droit-de-visite-de-mamie.jpg\",\"contentUrl\":\"https:\\\/\\\/avoloi.fr\\\/blog\\\/wp-content\\\/uploads\\\/2019\\\/08\\\/159-Le-droit-de-visite-de-mamie.jpg\",\"width\":800,\"height\":600},{\"@type\":\"BreadcrumbList\",\"@id\":\"https:\\\/\\\/avoloi.fr\\\/blog\\\/larret-du-jour-140-le-testament-de-maman-2-2-5-8\\\/#breadcrumb\",\"itemListElement\":[{\"@type\":\"ListItem\",\"position\":1,\"name\":\"Accueil\",\"item\":\"https:\\\/\\\/avoloi.fr\\\/blog\\\/\"},{\"@type\":\"ListItem\",\"position\":2,\"name\":\"L&rsquo;arr\u00eat du jour #159 le droit de visite de mamie\"}]},{\"@type\":\"WebSite\",\"@id\":\"https:\\\/\\\/avoloi.fr\\\/blog\\\/#website\",\"url\":\"https:\\\/\\\/avoloi.fr\\\/blog\\\/\",\"name\":\"Le blog Avoloi\",\"description\":\"\",\"publisher\":{\"@id\":\"https:\\\/\\\/avoloi.fr\\\/blog\\\/#organization\"},\"potentialAction\":[{\"@type\":\"SearchAction\",\"target\":{\"@type\":\"EntryPoint\",\"urlTemplate\":\"https:\\\/\\\/avoloi.fr\\\/blog\\\/?s={search_term_string}\"},\"query-input\":{\"@type\":\"PropertyValueSpecification\",\"valueRequired\":true,\"valueName\":\"search_term_string\"}}],\"inLanguage\":\"fr-FR\"},{\"@type\":\"Organization\",\"@id\":\"https:\\\/\\\/avoloi.fr\\\/blog\\\/#organization\",\"name\":\"Avoloi\",\"url\":\"https:\\\/\\\/avoloi.fr\\\/blog\\\/\",\"logo\":{\"@type\":\"ImageObject\",\"inLanguage\":\"fr-FR\",\"@id\":\"https:\\\/\\\/avoloi.fr\\\/blog\\\/#\\\/schema\\\/logo\\\/image\\\/\",\"url\":\"https:\\\/\\\/avoloi.fr\\\/blog\\\/wp-content\\\/uploads\\\/2022\\\/06\\\/avoloi_726x172.png\",\"contentUrl\":\"https:\\\/\\\/avoloi.fr\\\/blog\\\/wp-content\\\/uploads\\\/2022\\\/06\\\/avoloi_726x172.png\",\"width\":726,\"height\":172,\"caption\":\"Avoloi\"},\"image\":{\"@id\":\"https:\\\/\\\/avoloi.fr\\\/blog\\\/#\\\/schema\\\/logo\\\/image\\\/\"},\"sameAs\":[\"https:\\\/\\\/fr-fr.facebook.com\\\/avoloi\\\/\",\"https:\\\/\\\/x.com\\\/avoloi\",\"https:\\\/\\\/www.linkedin.com\\\/company\\\/11097274\\\/\",\"https:\\\/\\\/www.instagram.com\\\/avoloi\\\/\"]},{\"@type\":\"Person\",\"@id\":\"https:\\\/\\\/avoloi.fr\\\/blog\\\/#\\\/schema\\\/person\\\/23b73188a8a805006f016e2a3cb617b1\",\"name\":\"Avoloi\",\"image\":{\"@type\":\"ImageObject\",\"inLanguage\":\"fr-FR\",\"@id\":\"https:\\\/\\\/secure.gravatar.com\\\/avatar\\\/2ec2e99d2d37d9499d05c0d8442d636f63a751b8a8c16870416ac671c571f81d?s=96&d=mm&r=g\",\"url\":\"https:\\\/\\\/secure.gravatar.com\\\/avatar\\\/2ec2e99d2d37d9499d05c0d8442d636f63a751b8a8c16870416ac671c571f81d?s=96&d=mm&r=g\",\"contentUrl\":\"https:\\\/\\\/secure.gravatar.com\\\/avatar\\\/2ec2e99d2d37d9499d05c0d8442d636f63a751b8a8c16870416ac671c571f81d?s=96&d=mm&r=g\",\"caption\":\"Avoloi\"}}]}<\/script>\n<!-- \/ Yoast SEO plugin. -->","yoast_head_json":{"title":"L'arr\u00eat du jour #159 le droit de visite de mamie - Le blog Avoloi","robots":{"index":"index","follow":"follow","max-snippet":"max-snippet:-1","max-image-preview":"max-image-preview:large","max-video-preview":"max-video-preview:-1"},"canonical":"https:\/\/avoloi.fr\/blog\/larret-du-jour-140-le-testament-de-maman-2-2-5-8\/","og_locale":"fr_FR","og_type":"article","og_title":"L'arr\u00eat du jour #159 le droit de visite de mamie - Le blog Avoloi","og_description":"C\u2019est l\u2019histoire d\u2019une grand-m\u00e8re qui a d\u00e9velopp\u00e9 une animosit\u00e9 envers sa belle-fille\u2026 Une grand-m\u00e8re sollicite aupr\u00e8s de la justice un droit de visite de ses petits-enfants, son fils et sa belle-fille refusant qu\u2019elle les voie. Une demande qui doit \u00eatre rejet\u00e9e, selon ces derniers, au vu du comportement particuli\u00e8rement n\u00e9faste de la grand-m\u00e8re\u2026 L&rsquo;objet du [&hellip;]","og_url":"https:\/\/avoloi.fr\/blog\/larret-du-jour-140-le-testament-de-maman-2-2-5-8\/","og_site_name":"Le blog Avoloi","article_publisher":"https:\/\/fr-fr.facebook.com\/avoloi\/","article_published_time":"2019-08-09T07:59:29+00:00","og_image":[{"width":800,"height":600,"url":"https:\/\/avoloi.fr\/blog\/wp-content\/uploads\/2019\/08\/159-Le-droit-de-visite-de-mamie.jpg","type":"image\/jpeg"}],"author":"Avoloi","twitter_card":"summary_large_image","twitter_creator":"@avoloi","twitter_site":"@avoloi","twitter_misc":{"\u00c9crit par":"Avoloi","Dur\u00e9e de lecture estim\u00e9e":"1 minute"},"schema":{"@context":"https:\/\/schema.org","@graph":[{"@type":"Article","@id":"https:\/\/avoloi.fr\/blog\/larret-du-jour-140-le-testament-de-maman-2-2-5-8\/#article","isPartOf":{"@id":"https:\/\/avoloi.fr\/blog\/larret-du-jour-140-le-testament-de-maman-2-2-5-8\/"},"author":{"name":"Avoloi","@id":"https:\/\/avoloi.fr\/blog\/#\/schema\/person\/23b73188a8a805006f016e2a3cb617b1"},"headline":"L&rsquo;arr\u00eat du jour #159 le droit de visite de mamie","datePublished":"2019-08-09T07:59:29+00:00","mainEntityOfPage":{"@id":"https:\/\/avoloi.fr\/blog\/larret-du-jour-140-le-testament-de-maman-2-2-5-8\/"},"wordCount":233,"commentCount":0,"publisher":{"@id":"https:\/\/avoloi.fr\/blog\/#organization"},"image":{"@id":"https:\/\/avoloi.fr\/blog\/larret-du-jour-140-le-testament-de-maman-2-2-5-8\/#primaryimage"},"thumbnailUrl":"https:\/\/avoloi.fr\/blog\/wp-content\/uploads\/2019\/08\/159-Le-droit-de-visite-de-mamie.jpg","keywords":["avocat","comportement","famille","maltraitance","perturbation"],"articleSection":["L\u2019arr\u00eat du jour"],"inLanguage":"fr-FR","potentialAction":[{"@type":"CommentAction","name":"Comment","target":["https:\/\/avoloi.fr\/blog\/larret-du-jour-140-le-testament-de-maman-2-2-5-8\/#respond"]}]},{"@type":"WebPage","@id":"https:\/\/avoloi.fr\/blog\/larret-du-jour-140-le-testament-de-maman-2-2-5-8\/","url":"https:\/\/avoloi.fr\/blog\/larret-du-jour-140-le-testament-de-maman-2-2-5-8\/","name":"L'arr\u00eat du jour #159 le droit de visite de mamie - Le blog Avoloi","isPartOf":{"@id":"https:\/\/avoloi.fr\/blog\/#website"},"primaryImageOfPage":{"@id":"https:\/\/avoloi.fr\/blog\/larret-du-jour-140-le-testament-de-maman-2-2-5-8\/#primaryimage"},"image":{"@id":"https:\/\/avoloi.fr\/blog\/larret-du-jour-140-le-testament-de-maman-2-2-5-8\/#primaryimage"},"thumbnailUrl":"https:\/\/avoloi.fr\/blog\/wp-content\/uploads\/2019\/08\/159-Le-droit-de-visite-de-mamie.jpg","datePublished":"2019-08-09T07:59:29+00:00","breadcrumb":{"@id":"https:\/\/avoloi.fr\/blog\/larret-du-jour-140-le-testament-de-maman-2-2-5-8\/#breadcrumb"},"inLanguage":"fr-FR","potentialAction":[{"@type":"ReadAction","target":["https:\/\/avoloi.fr\/blog\/larret-du-jour-140-le-testament-de-maman-2-2-5-8\/"]}]},{"@type":"ImageObject","inLanguage":"fr-FR","@id":"https:\/\/avoloi.fr\/blog\/larret-du-jour-140-le-testament-de-maman-2-2-5-8\/#primaryimage","url":"https:\/\/avoloi.fr\/blog\/wp-content\/uploads\/2019\/08\/159-Le-droit-de-visite-de-mamie.jpg","contentUrl":"https:\/\/avoloi.fr\/blog\/wp-content\/uploads\/2019\/08\/159-Le-droit-de-visite-de-mamie.jpg","width":800,"height":600},{"@type":"BreadcrumbList","@id":"https:\/\/avoloi.fr\/blog\/larret-du-jour-140-le-testament-de-maman-2-2-5-8\/#breadcrumb","itemListElement":[{"@type":"ListItem","position":1,"name":"Accueil","item":"https:\/\/avoloi.fr\/blog\/"},{"@type":"ListItem","position":2,"name":"L&rsquo;arr\u00eat du jour #159 le droit de visite de mamie"}]},{"@type":"WebSite","@id":"https:\/\/avoloi.fr\/blog\/#website","url":"https:\/\/avoloi.fr\/blog\/","name":"Le blog Avoloi","description":"","publisher":{"@id":"https:\/\/avoloi.fr\/blog\/#organization"},"potentialAction":[{"@type":"SearchAction","target":{"@type":"EntryPoint","urlTemplate":"https:\/\/avoloi.fr\/blog\/?s={search_term_string}"},"query-input":{"@type":"PropertyValueSpecification","valueRequired":true,"valueName":"search_term_string"}}],"inLanguage":"fr-FR"},{"@type":"Organization","@id":"https:\/\/avoloi.fr\/blog\/#organization","name":"Avoloi","url":"https:\/\/avoloi.fr\/blog\/","logo":{"@type":"ImageObject","inLanguage":"fr-FR","@id":"https:\/\/avoloi.fr\/blog\/#\/schema\/logo\/image\/","url":"https:\/\/avoloi.fr\/blog\/wp-content\/uploads\/2022\/06\/avoloi_726x172.png","contentUrl":"https:\/\/avoloi.fr\/blog\/wp-content\/uploads\/2022\/06\/avoloi_726x172.png","width":726,"height":172,"caption":"Avoloi"},"image":{"@id":"https:\/\/avoloi.fr\/blog\/#\/schema\/logo\/image\/"},"sameAs":["https:\/\/fr-fr.facebook.com\/avoloi\/","https:\/\/x.com\/avoloi","https:\/\/www.linkedin.com\/company\/11097274\/","https:\/\/www.instagram.com\/avoloi\/"]},{"@type":"Person","@id":"https:\/\/avoloi.fr\/blog\/#\/schema\/person\/23b73188a8a805006f016e2a3cb617b1","name":"Avoloi","image":{"@type":"ImageObject","inLanguage":"fr-FR","@id":"https:\/\/secure.gravatar.com\/avatar\/2ec2e99d2d37d9499d05c0d8442d636f63a751b8a8c16870416ac671c571f81d?s=96&d=mm&r=g","url":"https:\/\/secure.gravatar.com\/avatar\/2ec2e99d2d37d9499d05c0d8442d636f63a751b8a8c16870416ac671c571f81d?s=96&d=mm&r=g","contentUrl":"https:\/\/secure.gravatar.com\/avatar\/2ec2e99d2d37d9499d05c0d8442d636f63a751b8a8c16870416ac671c571f81d?s=96&d=mm&r=g","caption":"Avoloi"}}]}},"_links":{"self":[{"href":"https:\/\/avoloi.fr\/blog\/wp-json\/wp\/v2\/posts\/16316","targetHints":{"allow":["GET"]}}],"collection":[{"href":"https:\/\/avoloi.fr\/blog\/wp-json\/wp\/v2\/posts"}],"about":[{"href":"https:\/\/avoloi.fr\/blog\/wp-json\/wp\/v2\/types\/post"}],"author":[{"embeddable":true,"href":"https:\/\/avoloi.fr\/blog\/wp-json\/wp\/v2\/users\/2"}],"replies":[{"embeddable":true,"href":"https:\/\/avoloi.fr\/blog\/wp-json\/wp\/v2\/comments?post=16316"}],"version-history":[{"count":0,"href":"https:\/\/avoloi.fr\/blog\/wp-json\/wp\/v2\/posts\/16316\/revisions"}],"wp:featuredmedia":[{"embeddable":true,"href":"https:\/\/avoloi.fr\/blog\/wp-json\/wp\/v2\/media\/17306"}],"wp:attachment":[{"href":"https:\/\/avoloi.fr\/blog\/wp-json\/wp\/v2\/media?parent=16316"}],"wp:term":[{"taxonomy":"category","embeddable":true,"href":"https:\/\/avoloi.fr\/blog\/wp-json\/wp\/v2\/categories?post=16316"},{"taxonomy":"post_tag","embeddable":true,"href":"https:\/\/avoloi.fr\/blog\/wp-json\/wp\/v2\/tags?post=16316"}],"curies":[{"name":"wp","href":"https:\/\/api.w.org\/{rel}","templated":true}]}}