{"id":16298,"date":"2019-06-21T17:25:25","date_gmt":"2019-06-21T15:25:25","guid":{"rendered":"https:\/\/www.avoloi.eu\/?p=16298"},"modified":"2019-06-21T17:25:25","modified_gmt":"2019-06-21T15:25:25","slug":"transport-prit-en-charge","status":"publish","type":"post","link":"https:\/\/avoloi.fr\/blog\/transport-prit-en-charge\/","title":{"rendered":"L&rsquo;arr\u00eat du jour #152 \u00ab\u00a0On m&rsquo;a dit que le transport \u00e9tait pris en charge !\u00a0\u00bb"},"content":{"rendered":"<h2><b><i>C\u2019est l\u2019histoire d\u2019une patiente qui r\u00e9clame le remboursement de ses frais de transport sanitaire\u2026<\/i><\/b><\/h2>\n<p>Une patiente subit des examens m\u00e9dicaux dans un \u00e9tablissement de sant\u00e9 situ\u00e9 \u00e0 plus de 150 km de celui dans lequel elle est habituellement suivie. Elle demande ensuite \u00e0 l\u2019assurance maladie de prendre en charge ses frais de transport\u2026<\/p>\n<h3>L&rsquo;objet du litige<\/h3>\n<p>Ce que refuse celle-ci car elle ne prend en charge les frais de transport, qui exc\u00e8de 150 km, qu\u2019\u00e0 la condition qu\u2019elle ait pr\u00e9alablement donn\u00e9 son accord (sauf urgence). Or, la patiente n\u2019a pas sollicit\u00e9 son accord pr\u00e9alable. \u00ab C\u2019est vrai \u00bb, conc\u00e8de la patiente, qui explique qu\u2019elle ne l\u2019a pas fait car, apr\u00e8s avoir interrog\u00e9 \u00e0 plusieurs reprises l\u2019\u00e9tablissement de sant\u00e9 dans lequel elle est habituellement suivie, celui-ci lui a assur\u00e9 que les frais de transport seraient bien pris en charge.<\/p>\n<h3>Le verdict<\/h3>\n<p>Mais, pour le juge, m\u00eame si l\u2019\u00e9tablissement de sant\u00e9 lui a donn\u00e9 des informations erron\u00e9es et m\u00eame si est de bonne foi, la patiente ne peut pas obtenir la prise en charge de ses frais de transport, faute d\u2019avoir obtenu l\u2019accord pr\u00e9alable de l\u2019assurance maladie.<\/p>\n<blockquote>\n<p><em><span class=\"s1\">Source : Arr\u00eat de la Cour de cassation, 2\u00e8me chambre civile, du 9 mai 2019, n\u00b0 18-15525<\/span><\/em><\/p>\n<\/blockquote>\n\n\n<p class=\"has-small-font-size\">En partenariat avec Weblex<\/p>\n","protected":false},"excerpt":{"rendered":"<p>C\u2019est l\u2019histoire d\u2019une patiente qui r\u00e9clame le remboursement de ses frais de transport sanitaire\u2026 Une patiente subit des examens m\u00e9dicaux dans un \u00e9tablissement de sant\u00e9 situ\u00e9 \u00e0 plus de 150 km de celui dans lequel elle est habituellement suivie. Elle demande ensuite \u00e0 l\u2019assurance maladie de prendre en charge ses frais de transport\u2026 L&rsquo;objet du [&hellip;]<\/p>\n","protected":false},"author":2,"featured_media":17393,"comment_status":"open","ping_status":"closed","sticky":false,"template":"","format":"standard","meta":{"footnotes":""},"categories":[2],"tags":[4,253,49,254],"class_list":["post-16298","post","type-post","status-publish","format-standard","has-post-thumbnail","hentry","category-larret-du-jour","tag-avocat","tag-frais","tag-sante","tag-transport"],"yoast_head":"<!-- This site is optimized with the Yoast SEO plugin v27.4 - https:\/\/yoast.com\/product\/yoast-seo-wordpress\/ -->\n<title>L&#039;arr\u00eat du jour #152 &quot;On m&#039;a dit que le transport \u00e9tait pris en charge !&quot; - Le blog Avoloi<\/title>\n<meta name=\"robots\" content=\"index, follow, max-snippet:-1, max-image-preview:large, max-video-preview:-1\" \/>\n<link rel=\"canonical\" href=\"https:\/\/avoloi.fr\/blog\/transport-prit-en-charge\/\" \/>\n<meta property=\"og:locale\" content=\"fr_FR\" \/>\n<meta property=\"og:type\" content=\"article\" \/>\n<meta property=\"og:title\" content=\"L&#039;arr\u00eat du jour #152 &quot;On m&#039;a dit que le transport \u00e9tait pris en charge !&quot; - Le blog Avoloi\" \/>\n<meta property=\"og:description\" content=\"C\u2019est l\u2019histoire d\u2019une patiente qui r\u00e9clame le remboursement de ses frais de transport sanitaire\u2026 Une patiente subit des examens m\u00e9dicaux dans un \u00e9tablissement de sant\u00e9 situ\u00e9 \u00e0 plus de 150 km de celui dans lequel elle est habituellement suivie. Elle demande ensuite \u00e0 l\u2019assurance maladie de prendre en charge ses frais de transport\u2026 L&rsquo;objet du [&hellip;]\" \/>\n<meta property=\"og:url\" content=\"https:\/\/avoloi.fr\/blog\/transport-prit-en-charge\/\" \/>\n<meta property=\"og:site_name\" content=\"Le blog Avoloi\" \/>\n<meta property=\"article:publisher\" content=\"https:\/\/fr-fr.facebook.com\/avoloi\/\" \/>\n<meta property=\"article:published_time\" content=\"2019-06-21T15:25:25+00:00\" \/>\n<meta property=\"og:image\" content=\"https:\/\/avoloi.fr\/blog\/wp-content\/uploads\/2019\/06\/152-assurance-maladie2.jpg\" \/>\n\t<meta property=\"og:image:width\" content=\"800\" \/>\n\t<meta property=\"og:image:height\" content=\"600\" \/>\n\t<meta property=\"og:image:type\" content=\"image\/jpeg\" \/>\n<meta name=\"author\" content=\"Avoloi\" \/>\n<meta name=\"twitter:card\" content=\"summary_large_image\" \/>\n<meta name=\"twitter:creator\" content=\"@avoloi\" \/>\n<meta name=\"twitter:site\" content=\"@avoloi\" \/>\n<meta name=\"twitter:label1\" content=\"\u00c9crit par\" \/>\n\t<meta name=\"twitter:data1\" content=\"Avoloi\" \/>\n\t<meta name=\"twitter:label2\" content=\"Dur\u00e9e de lecture estim\u00e9e\" \/>\n\t<meta name=\"twitter:data2\" content=\"1 minute\" \/>\n<script type=\"application\/ld+json\" class=\"yoast-schema-graph\">{\"@context\":\"https:\\\/\\\/schema.org\",\"@graph\":[{\"@type\":\"Article\",\"@id\":\"https:\\\/\\\/avoloi.fr\\\/blog\\\/transport-prit-en-charge\\\/#article\",\"isPartOf\":{\"@id\":\"https:\\\/\\\/avoloi.fr\\\/blog\\\/transport-prit-en-charge\\\/\"},\"author\":{\"name\":\"Avoloi\",\"@id\":\"https:\\\/\\\/avoloi.fr\\\/blog\\\/#\\\/schema\\\/person\\\/23b73188a8a805006f016e2a3cb617b1\"},\"headline\":\"L&rsquo;arr\u00eat du jour #152 \u00ab\u00a0On m&rsquo;a dit que le transport \u00e9tait pris en charge !\u00a0\u00bb\",\"datePublished\":\"2019-06-21T15:25:25+00:00\",\"mainEntityOfPage\":{\"@id\":\"https:\\\/\\\/avoloi.fr\\\/blog\\\/transport-prit-en-charge\\\/\"},\"wordCount\":239,\"commentCount\":0,\"publisher\":{\"@id\":\"https:\\\/\\\/avoloi.fr\\\/blog\\\/#organization\"},\"image\":{\"@id\":\"https:\\\/\\\/avoloi.fr\\\/blog\\\/transport-prit-en-charge\\\/#primaryimage\"},\"thumbnailUrl\":\"https:\\\/\\\/avoloi.fr\\\/blog\\\/wp-content\\\/uploads\\\/2019\\\/06\\\/152-assurance-maladie2.jpg\",\"keywords\":[\"avocat\",\"frais\",\"sant\u00e9\",\"transport\"],\"articleSection\":[\"L\u2019arr\u00eat du jour\"],\"inLanguage\":\"fr-FR\",\"potentialAction\":[{\"@type\":\"CommentAction\",\"name\":\"Comment\",\"target\":[\"https:\\\/\\\/avoloi.fr\\\/blog\\\/transport-prit-en-charge\\\/#respond\"]}]},{\"@type\":\"WebPage\",\"@id\":\"https:\\\/\\\/avoloi.fr\\\/blog\\\/transport-prit-en-charge\\\/\",\"url\":\"https:\\\/\\\/avoloi.fr\\\/blog\\\/transport-prit-en-charge\\\/\",\"name\":\"L'arr\u00eat du jour #152 \\\"On m'a dit que le transport \u00e9tait pris en charge !\\\" - Le blog Avoloi\",\"isPartOf\":{\"@id\":\"https:\\\/\\\/avoloi.fr\\\/blog\\\/#website\"},\"primaryImageOfPage\":{\"@id\":\"https:\\\/\\\/avoloi.fr\\\/blog\\\/transport-prit-en-charge\\\/#primaryimage\"},\"image\":{\"@id\":\"https:\\\/\\\/avoloi.fr\\\/blog\\\/transport-prit-en-charge\\\/#primaryimage\"},\"thumbnailUrl\":\"https:\\\/\\\/avoloi.fr\\\/blog\\\/wp-content\\\/uploads\\\/2019\\\/06\\\/152-assurance-maladie2.jpg\",\"datePublished\":\"2019-06-21T15:25:25+00:00\",\"breadcrumb\":{\"@id\":\"https:\\\/\\\/avoloi.fr\\\/blog\\\/transport-prit-en-charge\\\/#breadcrumb\"},\"inLanguage\":\"fr-FR\",\"potentialAction\":[{\"@type\":\"ReadAction\",\"target\":[\"https:\\\/\\\/avoloi.fr\\\/blog\\\/transport-prit-en-charge\\\/\"]}]},{\"@type\":\"ImageObject\",\"inLanguage\":\"fr-FR\",\"@id\":\"https:\\\/\\\/avoloi.fr\\\/blog\\\/transport-prit-en-charge\\\/#primaryimage\",\"url\":\"https:\\\/\\\/avoloi.fr\\\/blog\\\/wp-content\\\/uploads\\\/2019\\\/06\\\/152-assurance-maladie2.jpg\",\"contentUrl\":\"https:\\\/\\\/avoloi.fr\\\/blog\\\/wp-content\\\/uploads\\\/2019\\\/06\\\/152-assurance-maladie2.jpg\",\"width\":800,\"height\":600},{\"@type\":\"BreadcrumbList\",\"@id\":\"https:\\\/\\\/avoloi.fr\\\/blog\\\/transport-prit-en-charge\\\/#breadcrumb\",\"itemListElement\":[{\"@type\":\"ListItem\",\"position\":1,\"name\":\"Accueil\",\"item\":\"https:\\\/\\\/avoloi.fr\\\/blog\\\/\"},{\"@type\":\"ListItem\",\"position\":2,\"name\":\"L&rsquo;arr\u00eat du jour #152 \u00ab\u00a0On m&rsquo;a dit que le transport \u00e9tait pris en charge !\u00a0\u00bb\"}]},{\"@type\":\"WebSite\",\"@id\":\"https:\\\/\\\/avoloi.fr\\\/blog\\\/#website\",\"url\":\"https:\\\/\\\/avoloi.fr\\\/blog\\\/\",\"name\":\"Le blog Avoloi\",\"description\":\"\",\"publisher\":{\"@id\":\"https:\\\/\\\/avoloi.fr\\\/blog\\\/#organization\"},\"potentialAction\":[{\"@type\":\"SearchAction\",\"target\":{\"@type\":\"EntryPoint\",\"urlTemplate\":\"https:\\\/\\\/avoloi.fr\\\/blog\\\/?s={search_term_string}\"},\"query-input\":{\"@type\":\"PropertyValueSpecification\",\"valueRequired\":true,\"valueName\":\"search_term_string\"}}],\"inLanguage\":\"fr-FR\"},{\"@type\":\"Organization\",\"@id\":\"https:\\\/\\\/avoloi.fr\\\/blog\\\/#organization\",\"name\":\"Avoloi\",\"url\":\"https:\\\/\\\/avoloi.fr\\\/blog\\\/\",\"logo\":{\"@type\":\"ImageObject\",\"inLanguage\":\"fr-FR\",\"@id\":\"https:\\\/\\\/avoloi.fr\\\/blog\\\/#\\\/schema\\\/logo\\\/image\\\/\",\"url\":\"https:\\\/\\\/avoloi.fr\\\/blog\\\/wp-content\\\/uploads\\\/2022\\\/06\\\/avoloi_726x172.png\",\"contentUrl\":\"https:\\\/\\\/avoloi.fr\\\/blog\\\/wp-content\\\/uploads\\\/2022\\\/06\\\/avoloi_726x172.png\",\"width\":726,\"height\":172,\"caption\":\"Avoloi\"},\"image\":{\"@id\":\"https:\\\/\\\/avoloi.fr\\\/blog\\\/#\\\/schema\\\/logo\\\/image\\\/\"},\"sameAs\":[\"https:\\\/\\\/fr-fr.facebook.com\\\/avoloi\\\/\",\"https:\\\/\\\/x.com\\\/avoloi\",\"https:\\\/\\\/www.linkedin.com\\\/company\\\/11097274\\\/\",\"https:\\\/\\\/www.instagram.com\\\/avoloi\\\/\"]},{\"@type\":\"Person\",\"@id\":\"https:\\\/\\\/avoloi.fr\\\/blog\\\/#\\\/schema\\\/person\\\/23b73188a8a805006f016e2a3cb617b1\",\"name\":\"Avoloi\",\"image\":{\"@type\":\"ImageObject\",\"inLanguage\":\"fr-FR\",\"@id\":\"https:\\\/\\\/secure.gravatar.com\\\/avatar\\\/2ec2e99d2d37d9499d05c0d8442d636f63a751b8a8c16870416ac671c571f81d?s=96&d=mm&r=g\",\"url\":\"https:\\\/\\\/secure.gravatar.com\\\/avatar\\\/2ec2e99d2d37d9499d05c0d8442d636f63a751b8a8c16870416ac671c571f81d?s=96&d=mm&r=g\",\"contentUrl\":\"https:\\\/\\\/secure.gravatar.com\\\/avatar\\\/2ec2e99d2d37d9499d05c0d8442d636f63a751b8a8c16870416ac671c571f81d?s=96&d=mm&r=g\",\"caption\":\"Avoloi\"}}]}<\/script>\n<!-- \/ Yoast SEO plugin. -->","yoast_head_json":{"title":"L'arr\u00eat du jour #152 \"On m'a dit que le transport \u00e9tait pris en charge !\" - Le blog Avoloi","robots":{"index":"index","follow":"follow","max-snippet":"max-snippet:-1","max-image-preview":"max-image-preview:large","max-video-preview":"max-video-preview:-1"},"canonical":"https:\/\/avoloi.fr\/blog\/transport-prit-en-charge\/","og_locale":"fr_FR","og_type":"article","og_title":"L'arr\u00eat du jour #152 \"On m'a dit que le transport \u00e9tait pris en charge !\" - Le blog Avoloi","og_description":"C\u2019est l\u2019histoire d\u2019une patiente qui r\u00e9clame le remboursement de ses frais de transport sanitaire\u2026 Une patiente subit des examens m\u00e9dicaux dans un \u00e9tablissement de sant\u00e9 situ\u00e9 \u00e0 plus de 150 km de celui dans lequel elle est habituellement suivie. Elle demande ensuite \u00e0 l\u2019assurance maladie de prendre en charge ses frais de transport\u2026 L&rsquo;objet du [&hellip;]","og_url":"https:\/\/avoloi.fr\/blog\/transport-prit-en-charge\/","og_site_name":"Le blog Avoloi","article_publisher":"https:\/\/fr-fr.facebook.com\/avoloi\/","article_published_time":"2019-06-21T15:25:25+00:00","og_image":[{"width":800,"height":600,"url":"https:\/\/avoloi.fr\/blog\/wp-content\/uploads\/2019\/06\/152-assurance-maladie2.jpg","type":"image\/jpeg"}],"author":"Avoloi","twitter_card":"summary_large_image","twitter_creator":"@avoloi","twitter_site":"@avoloi","twitter_misc":{"\u00c9crit par":"Avoloi","Dur\u00e9e de lecture estim\u00e9e":"1 minute"},"schema":{"@context":"https:\/\/schema.org","@graph":[{"@type":"Article","@id":"https:\/\/avoloi.fr\/blog\/transport-prit-en-charge\/#article","isPartOf":{"@id":"https:\/\/avoloi.fr\/blog\/transport-prit-en-charge\/"},"author":{"name":"Avoloi","@id":"https:\/\/avoloi.fr\/blog\/#\/schema\/person\/23b73188a8a805006f016e2a3cb617b1"},"headline":"L&rsquo;arr\u00eat du jour #152 \u00ab\u00a0On m&rsquo;a dit que le transport \u00e9tait pris en charge !\u00a0\u00bb","datePublished":"2019-06-21T15:25:25+00:00","mainEntityOfPage":{"@id":"https:\/\/avoloi.fr\/blog\/transport-prit-en-charge\/"},"wordCount":239,"commentCount":0,"publisher":{"@id":"https:\/\/avoloi.fr\/blog\/#organization"},"image":{"@id":"https:\/\/avoloi.fr\/blog\/transport-prit-en-charge\/#primaryimage"},"thumbnailUrl":"https:\/\/avoloi.fr\/blog\/wp-content\/uploads\/2019\/06\/152-assurance-maladie2.jpg","keywords":["avocat","frais","sant\u00e9","transport"],"articleSection":["L\u2019arr\u00eat du jour"],"inLanguage":"fr-FR","potentialAction":[{"@type":"CommentAction","name":"Comment","target":["https:\/\/avoloi.fr\/blog\/transport-prit-en-charge\/#respond"]}]},{"@type":"WebPage","@id":"https:\/\/avoloi.fr\/blog\/transport-prit-en-charge\/","url":"https:\/\/avoloi.fr\/blog\/transport-prit-en-charge\/","name":"L'arr\u00eat du jour #152 \"On m'a dit que le transport \u00e9tait pris en charge !\" - Le blog Avoloi","isPartOf":{"@id":"https:\/\/avoloi.fr\/blog\/#website"},"primaryImageOfPage":{"@id":"https:\/\/avoloi.fr\/blog\/transport-prit-en-charge\/#primaryimage"},"image":{"@id":"https:\/\/avoloi.fr\/blog\/transport-prit-en-charge\/#primaryimage"},"thumbnailUrl":"https:\/\/avoloi.fr\/blog\/wp-content\/uploads\/2019\/06\/152-assurance-maladie2.jpg","datePublished":"2019-06-21T15:25:25+00:00","breadcrumb":{"@id":"https:\/\/avoloi.fr\/blog\/transport-prit-en-charge\/#breadcrumb"},"inLanguage":"fr-FR","potentialAction":[{"@type":"ReadAction","target":["https:\/\/avoloi.fr\/blog\/transport-prit-en-charge\/"]}]},{"@type":"ImageObject","inLanguage":"fr-FR","@id":"https:\/\/avoloi.fr\/blog\/transport-prit-en-charge\/#primaryimage","url":"https:\/\/avoloi.fr\/blog\/wp-content\/uploads\/2019\/06\/152-assurance-maladie2.jpg","contentUrl":"https:\/\/avoloi.fr\/blog\/wp-content\/uploads\/2019\/06\/152-assurance-maladie2.jpg","width":800,"height":600},{"@type":"BreadcrumbList","@id":"https:\/\/avoloi.fr\/blog\/transport-prit-en-charge\/#breadcrumb","itemListElement":[{"@type":"ListItem","position":1,"name":"Accueil","item":"https:\/\/avoloi.fr\/blog\/"},{"@type":"ListItem","position":2,"name":"L&rsquo;arr\u00eat du jour #152 \u00ab\u00a0On m&rsquo;a dit que le transport \u00e9tait pris en charge !\u00a0\u00bb"}]},{"@type":"WebSite","@id":"https:\/\/avoloi.fr\/blog\/#website","url":"https:\/\/avoloi.fr\/blog\/","name":"Le blog Avoloi","description":"","publisher":{"@id":"https:\/\/avoloi.fr\/blog\/#organization"},"potentialAction":[{"@type":"SearchAction","target":{"@type":"EntryPoint","urlTemplate":"https:\/\/avoloi.fr\/blog\/?s={search_term_string}"},"query-input":{"@type":"PropertyValueSpecification","valueRequired":true,"valueName":"search_term_string"}}],"inLanguage":"fr-FR"},{"@type":"Organization","@id":"https:\/\/avoloi.fr\/blog\/#organization","name":"Avoloi","url":"https:\/\/avoloi.fr\/blog\/","logo":{"@type":"ImageObject","inLanguage":"fr-FR","@id":"https:\/\/avoloi.fr\/blog\/#\/schema\/logo\/image\/","url":"https:\/\/avoloi.fr\/blog\/wp-content\/uploads\/2022\/06\/avoloi_726x172.png","contentUrl":"https:\/\/avoloi.fr\/blog\/wp-content\/uploads\/2022\/06\/avoloi_726x172.png","width":726,"height":172,"caption":"Avoloi"},"image":{"@id":"https:\/\/avoloi.fr\/blog\/#\/schema\/logo\/image\/"},"sameAs":["https:\/\/fr-fr.facebook.com\/avoloi\/","https:\/\/x.com\/avoloi","https:\/\/www.linkedin.com\/company\/11097274\/","https:\/\/www.instagram.com\/avoloi\/"]},{"@type":"Person","@id":"https:\/\/avoloi.fr\/blog\/#\/schema\/person\/23b73188a8a805006f016e2a3cb617b1","name":"Avoloi","image":{"@type":"ImageObject","inLanguage":"fr-FR","@id":"https:\/\/secure.gravatar.com\/avatar\/2ec2e99d2d37d9499d05c0d8442d636f63a751b8a8c16870416ac671c571f81d?s=96&d=mm&r=g","url":"https:\/\/secure.gravatar.com\/avatar\/2ec2e99d2d37d9499d05c0d8442d636f63a751b8a8c16870416ac671c571f81d?s=96&d=mm&r=g","contentUrl":"https:\/\/secure.gravatar.com\/avatar\/2ec2e99d2d37d9499d05c0d8442d636f63a751b8a8c16870416ac671c571f81d?s=96&d=mm&r=g","caption":"Avoloi"}}]}},"_links":{"self":[{"href":"https:\/\/avoloi.fr\/blog\/wp-json\/wp\/v2\/posts\/16298","targetHints":{"allow":["GET"]}}],"collection":[{"href":"https:\/\/avoloi.fr\/blog\/wp-json\/wp\/v2\/posts"}],"about":[{"href":"https:\/\/avoloi.fr\/blog\/wp-json\/wp\/v2\/types\/post"}],"author":[{"embeddable":true,"href":"https:\/\/avoloi.fr\/blog\/wp-json\/wp\/v2\/users\/2"}],"replies":[{"embeddable":true,"href":"https:\/\/avoloi.fr\/blog\/wp-json\/wp\/v2\/comments?post=16298"}],"version-history":[{"count":0,"href":"https:\/\/avoloi.fr\/blog\/wp-json\/wp\/v2\/posts\/16298\/revisions"}],"wp:featuredmedia":[{"embeddable":true,"href":"https:\/\/avoloi.fr\/blog\/wp-json\/wp\/v2\/media\/17393"}],"wp:attachment":[{"href":"https:\/\/avoloi.fr\/blog\/wp-json\/wp\/v2\/media?parent=16298"}],"wp:term":[{"taxonomy":"category","embeddable":true,"href":"https:\/\/avoloi.fr\/blog\/wp-json\/wp\/v2\/categories?post=16298"},{"taxonomy":"post_tag","embeddable":true,"href":"https:\/\/avoloi.fr\/blog\/wp-json\/wp\/v2\/tags?post=16298"}],"curies":[{"name":"wp","href":"https:\/\/api.w.org\/{rel}","templated":true}]}}