{"id":16297,"date":"2019-06-28T17:49:20","date_gmt":"2019-06-28T15:49:20","guid":{"rendered":"https:\/\/www.avoloi.eu\/?p=16297"},"modified":"2019-06-28T17:49:20","modified_gmt":"2019-06-28T15:49:20","slug":"usage-abusif-klaxon","status":"publish","type":"post","link":"https:\/\/avoloi.fr\/blog\/usage-abusif-klaxon\/","title":{"rendered":"L&rsquo;arr\u00eat du jour #153 Usage abusif du klaxon"},"content":{"rendered":"<h2><b><i>C\u2019est l\u2019histoire d\u2019un automobiliste qui re\u00e7oit une amende pour usage abusif du klaxon\u2026<\/i><\/b><\/h2>\n<p>Un automobiliste, qui circule en agglom\u00e9ration, roule \u00e0 une vitesse excessive tout en klaxonnant les autres conducteurs. Des policiers le stoppent et le contr\u00f4lent, puis dressent plusieurs contraventions \u00e0 son encontre, dont l\u2019une pour usage abusif du klaxon en agglom\u00e9ration\u2026<\/p>\n<h3>L&rsquo;objet du litige<\/h3>\n<p>\u2026 que conteste l\u2019automobiliste : s\u2019il conc\u00e8de un usage sans doute intempestif du klaxon, il consid\u00e8re que cet usage a \u00e9t\u00e9 limit\u00e9 et n&rsquo;a pas engendr\u00e9 de trouble caract\u00e9ris\u00e9 \u00e0 l&rsquo;ordre public ou \u00e0 la tranquillit\u00e9 publique. Mais pour les policiers, aucun trouble \u00e0 l\u2019ordre public ou \u00e0 la tranquillit\u00e9 publique n\u2019est exig\u00e9 par la Loi pour qu\u2019une contravention pour usage abusif du klaxon soit dress\u00e9e. Pour eux, en agglom\u00e9ration, seul un danger imm\u00e9diat justifie l\u2019usage du klaxon. Or, selon les policiers, lorsque l\u2019automobiliste a us\u00e9 de son klaxon, il n\u2019y avait aucun danger imm\u00e9diat.<\/p>\n<h3>Le verdict<\/h3>\n<p>Ce que confirme le juge ! Par cons\u00e9quent, la contravention pour usage abusif du klaxon est justifi\u00e9e et l\u2019automobiliste doit la payer.<\/p>\n<blockquote>\n<p><em><span class=\"s1\">Source : Arr\u00eat de la Cour de cassation, chambre criminelle, du 4 juin 2019, n\u00b0 18-86331<\/span><\/em><\/p>\n<\/blockquote>\n\n\n<p class=\"has-small-font-size\">En partenariat avec Weblex<\/p>\n","protected":false},"excerpt":{"rendered":"<p>C\u2019est l\u2019histoire d\u2019un automobiliste qui re\u00e7oit une amende pour usage abusif du klaxon\u2026 Un automobiliste, qui circule en agglom\u00e9ration, roule \u00e0 une vitesse excessive tout en klaxonnant les autres conducteurs. Des policiers le stoppent et le contr\u00f4lent, puis dressent plusieurs contraventions \u00e0 son encontre, dont l\u2019une pour usage abusif du klaxon en agglom\u00e9ration\u2026 L&rsquo;objet du [&hellip;]<\/p>\n","protected":false},"author":2,"featured_media":17391,"comment_status":"open","ping_status":"closed","sticky":false,"template":"","format":"standard","meta":{"footnotes":""},"categories":[2],"tags":[251,4,252,42,221],"class_list":["post-16297","post","type-post","status-publish","format-standard","has-post-thumbnail","hentry","category-larret-du-jour","tag-amende","tag-avocat","tag-klaxon","tag-route","tag-voiture"],"yoast_head":"<!-- This site is optimized with the Yoast SEO plugin v27.4 - https:\/\/yoast.com\/product\/yoast-seo-wordpress\/ -->\n<title>L&#039;arr\u00eat du jour #153 Usage abusif du klaxon - Le blog Avoloi<\/title>\n<meta name=\"robots\" content=\"index, follow, max-snippet:-1, max-image-preview:large, max-video-preview:-1\" \/>\n<link rel=\"canonical\" href=\"https:\/\/avoloi.fr\/blog\/usage-abusif-klaxon\/\" \/>\n<meta property=\"og:locale\" content=\"fr_FR\" \/>\n<meta property=\"og:type\" content=\"article\" \/>\n<meta property=\"og:title\" content=\"L&#039;arr\u00eat du jour #153 Usage abusif du klaxon - Le blog Avoloi\" \/>\n<meta property=\"og:description\" content=\"C\u2019est l\u2019histoire d\u2019un automobiliste qui re\u00e7oit une amende pour usage abusif du klaxon\u2026 Un automobiliste, qui circule en agglom\u00e9ration, roule \u00e0 une vitesse excessive tout en klaxonnant les autres conducteurs. Des policiers le stoppent et le contr\u00f4lent, puis dressent plusieurs contraventions \u00e0 son encontre, dont l\u2019une pour usage abusif du klaxon en agglom\u00e9ration\u2026 L&rsquo;objet du [&hellip;]\" \/>\n<meta property=\"og:url\" content=\"https:\/\/avoloi.fr\/blog\/usage-abusif-klaxon\/\" \/>\n<meta property=\"og:site_name\" content=\"Le blog Avoloi\" \/>\n<meta property=\"article:publisher\" content=\"https:\/\/fr-fr.facebook.com\/avoloi\/\" \/>\n<meta property=\"article:published_time\" content=\"2019-06-28T15:49:20+00:00\" \/>\n<meta property=\"og:image\" content=\"https:\/\/avoloi.fr\/blog\/wp-content\/uploads\/2019\/06\/153-klaxon.jpg\" \/>\n\t<meta property=\"og:image:width\" content=\"800\" \/>\n\t<meta property=\"og:image:height\" content=\"600\" \/>\n\t<meta property=\"og:image:type\" content=\"image\/jpeg\" \/>\n<meta name=\"author\" content=\"Avoloi\" \/>\n<meta name=\"twitter:card\" content=\"summary_large_image\" \/>\n<meta name=\"twitter:creator\" content=\"@avoloi\" \/>\n<meta name=\"twitter:site\" content=\"@avoloi\" \/>\n<meta name=\"twitter:label1\" content=\"\u00c9crit par\" \/>\n\t<meta name=\"twitter:data1\" content=\"Avoloi\" \/>\n\t<meta name=\"twitter:label2\" content=\"Dur\u00e9e de lecture estim\u00e9e\" \/>\n\t<meta name=\"twitter:data2\" content=\"1 minute\" \/>\n<script type=\"application\/ld+json\" class=\"yoast-schema-graph\">{\"@context\":\"https:\\\/\\\/schema.org\",\"@graph\":[{\"@type\":\"Article\",\"@id\":\"https:\\\/\\\/avoloi.fr\\\/blog\\\/usage-abusif-klaxon\\\/#article\",\"isPartOf\":{\"@id\":\"https:\\\/\\\/avoloi.fr\\\/blog\\\/usage-abusif-klaxon\\\/\"},\"author\":{\"name\":\"Avoloi\",\"@id\":\"https:\\\/\\\/avoloi.fr\\\/blog\\\/#\\\/schema\\\/person\\\/23b73188a8a805006f016e2a3cb617b1\"},\"headline\":\"L&rsquo;arr\u00eat du jour #153 Usage abusif du klaxon\",\"datePublished\":\"2019-06-28T15:49:20+00:00\",\"mainEntityOfPage\":{\"@id\":\"https:\\\/\\\/avoloi.fr\\\/blog\\\/usage-abusif-klaxon\\\/\"},\"wordCount\":222,\"commentCount\":0,\"publisher\":{\"@id\":\"https:\\\/\\\/avoloi.fr\\\/blog\\\/#organization\"},\"image\":{\"@id\":\"https:\\\/\\\/avoloi.fr\\\/blog\\\/usage-abusif-klaxon\\\/#primaryimage\"},\"thumbnailUrl\":\"https:\\\/\\\/avoloi.fr\\\/blog\\\/wp-content\\\/uploads\\\/2019\\\/06\\\/153-klaxon.jpg\",\"keywords\":[\"amende\",\"avocat\",\"klaxon\",\"route\",\"voiture\"],\"articleSection\":[\"L\u2019arr\u00eat du jour\"],\"inLanguage\":\"fr-FR\",\"potentialAction\":[{\"@type\":\"CommentAction\",\"name\":\"Comment\",\"target\":[\"https:\\\/\\\/avoloi.fr\\\/blog\\\/usage-abusif-klaxon\\\/#respond\"]}]},{\"@type\":\"WebPage\",\"@id\":\"https:\\\/\\\/avoloi.fr\\\/blog\\\/usage-abusif-klaxon\\\/\",\"url\":\"https:\\\/\\\/avoloi.fr\\\/blog\\\/usage-abusif-klaxon\\\/\",\"name\":\"L'arr\u00eat du jour #153 Usage abusif du klaxon - Le blog Avoloi\",\"isPartOf\":{\"@id\":\"https:\\\/\\\/avoloi.fr\\\/blog\\\/#website\"},\"primaryImageOfPage\":{\"@id\":\"https:\\\/\\\/avoloi.fr\\\/blog\\\/usage-abusif-klaxon\\\/#primaryimage\"},\"image\":{\"@id\":\"https:\\\/\\\/avoloi.fr\\\/blog\\\/usage-abusif-klaxon\\\/#primaryimage\"},\"thumbnailUrl\":\"https:\\\/\\\/avoloi.fr\\\/blog\\\/wp-content\\\/uploads\\\/2019\\\/06\\\/153-klaxon.jpg\",\"datePublished\":\"2019-06-28T15:49:20+00:00\",\"breadcrumb\":{\"@id\":\"https:\\\/\\\/avoloi.fr\\\/blog\\\/usage-abusif-klaxon\\\/#breadcrumb\"},\"inLanguage\":\"fr-FR\",\"potentialAction\":[{\"@type\":\"ReadAction\",\"target\":[\"https:\\\/\\\/avoloi.fr\\\/blog\\\/usage-abusif-klaxon\\\/\"]}]},{\"@type\":\"ImageObject\",\"inLanguage\":\"fr-FR\",\"@id\":\"https:\\\/\\\/avoloi.fr\\\/blog\\\/usage-abusif-klaxon\\\/#primaryimage\",\"url\":\"https:\\\/\\\/avoloi.fr\\\/blog\\\/wp-content\\\/uploads\\\/2019\\\/06\\\/153-klaxon.jpg\",\"contentUrl\":\"https:\\\/\\\/avoloi.fr\\\/blog\\\/wp-content\\\/uploads\\\/2019\\\/06\\\/153-klaxon.jpg\",\"width\":800,\"height\":600},{\"@type\":\"BreadcrumbList\",\"@id\":\"https:\\\/\\\/avoloi.fr\\\/blog\\\/usage-abusif-klaxon\\\/#breadcrumb\",\"itemListElement\":[{\"@type\":\"ListItem\",\"position\":1,\"name\":\"Accueil\",\"item\":\"https:\\\/\\\/avoloi.fr\\\/blog\\\/\"},{\"@type\":\"ListItem\",\"position\":2,\"name\":\"L&rsquo;arr\u00eat du jour #153 Usage abusif du klaxon\"}]},{\"@type\":\"WebSite\",\"@id\":\"https:\\\/\\\/avoloi.fr\\\/blog\\\/#website\",\"url\":\"https:\\\/\\\/avoloi.fr\\\/blog\\\/\",\"name\":\"Le blog Avoloi\",\"description\":\"\",\"publisher\":{\"@id\":\"https:\\\/\\\/avoloi.fr\\\/blog\\\/#organization\"},\"potentialAction\":[{\"@type\":\"SearchAction\",\"target\":{\"@type\":\"EntryPoint\",\"urlTemplate\":\"https:\\\/\\\/avoloi.fr\\\/blog\\\/?s={search_term_string}\"},\"query-input\":{\"@type\":\"PropertyValueSpecification\",\"valueRequired\":true,\"valueName\":\"search_term_string\"}}],\"inLanguage\":\"fr-FR\"},{\"@type\":\"Organization\",\"@id\":\"https:\\\/\\\/avoloi.fr\\\/blog\\\/#organization\",\"name\":\"Avoloi\",\"url\":\"https:\\\/\\\/avoloi.fr\\\/blog\\\/\",\"logo\":{\"@type\":\"ImageObject\",\"inLanguage\":\"fr-FR\",\"@id\":\"https:\\\/\\\/avoloi.fr\\\/blog\\\/#\\\/schema\\\/logo\\\/image\\\/\",\"url\":\"https:\\\/\\\/avoloi.fr\\\/blog\\\/wp-content\\\/uploads\\\/2022\\\/06\\\/avoloi_726x172.png\",\"contentUrl\":\"https:\\\/\\\/avoloi.fr\\\/blog\\\/wp-content\\\/uploads\\\/2022\\\/06\\\/avoloi_726x172.png\",\"width\":726,\"height\":172,\"caption\":\"Avoloi\"},\"image\":{\"@id\":\"https:\\\/\\\/avoloi.fr\\\/blog\\\/#\\\/schema\\\/logo\\\/image\\\/\"},\"sameAs\":[\"https:\\\/\\\/fr-fr.facebook.com\\\/avoloi\\\/\",\"https:\\\/\\\/x.com\\\/avoloi\",\"https:\\\/\\\/www.linkedin.com\\\/company\\\/11097274\\\/\",\"https:\\\/\\\/www.instagram.com\\\/avoloi\\\/\"]},{\"@type\":\"Person\",\"@id\":\"https:\\\/\\\/avoloi.fr\\\/blog\\\/#\\\/schema\\\/person\\\/23b73188a8a805006f016e2a3cb617b1\",\"name\":\"Avoloi\",\"image\":{\"@type\":\"ImageObject\",\"inLanguage\":\"fr-FR\",\"@id\":\"https:\\\/\\\/secure.gravatar.com\\\/avatar\\\/2ec2e99d2d37d9499d05c0d8442d636f63a751b8a8c16870416ac671c571f81d?s=96&d=mm&r=g\",\"url\":\"https:\\\/\\\/secure.gravatar.com\\\/avatar\\\/2ec2e99d2d37d9499d05c0d8442d636f63a751b8a8c16870416ac671c571f81d?s=96&d=mm&r=g\",\"contentUrl\":\"https:\\\/\\\/secure.gravatar.com\\\/avatar\\\/2ec2e99d2d37d9499d05c0d8442d636f63a751b8a8c16870416ac671c571f81d?s=96&d=mm&r=g\",\"caption\":\"Avoloi\"}}]}<\/script>\n<!-- \/ Yoast SEO plugin. -->","yoast_head_json":{"title":"L'arr\u00eat du jour #153 Usage abusif du klaxon - Le blog Avoloi","robots":{"index":"index","follow":"follow","max-snippet":"max-snippet:-1","max-image-preview":"max-image-preview:large","max-video-preview":"max-video-preview:-1"},"canonical":"https:\/\/avoloi.fr\/blog\/usage-abusif-klaxon\/","og_locale":"fr_FR","og_type":"article","og_title":"L'arr\u00eat du jour #153 Usage abusif du klaxon - Le blog Avoloi","og_description":"C\u2019est l\u2019histoire d\u2019un automobiliste qui re\u00e7oit une amende pour usage abusif du klaxon\u2026 Un automobiliste, qui circule en agglom\u00e9ration, roule \u00e0 une vitesse excessive tout en klaxonnant les autres conducteurs. Des policiers le stoppent et le contr\u00f4lent, puis dressent plusieurs contraventions \u00e0 son encontre, dont l\u2019une pour usage abusif du klaxon en agglom\u00e9ration\u2026 L&rsquo;objet du [&hellip;]","og_url":"https:\/\/avoloi.fr\/blog\/usage-abusif-klaxon\/","og_site_name":"Le blog Avoloi","article_publisher":"https:\/\/fr-fr.facebook.com\/avoloi\/","article_published_time":"2019-06-28T15:49:20+00:00","og_image":[{"width":800,"height":600,"url":"https:\/\/avoloi.fr\/blog\/wp-content\/uploads\/2019\/06\/153-klaxon.jpg","type":"image\/jpeg"}],"author":"Avoloi","twitter_card":"summary_large_image","twitter_creator":"@avoloi","twitter_site":"@avoloi","twitter_misc":{"\u00c9crit par":"Avoloi","Dur\u00e9e de lecture estim\u00e9e":"1 minute"},"schema":{"@context":"https:\/\/schema.org","@graph":[{"@type":"Article","@id":"https:\/\/avoloi.fr\/blog\/usage-abusif-klaxon\/#article","isPartOf":{"@id":"https:\/\/avoloi.fr\/blog\/usage-abusif-klaxon\/"},"author":{"name":"Avoloi","@id":"https:\/\/avoloi.fr\/blog\/#\/schema\/person\/23b73188a8a805006f016e2a3cb617b1"},"headline":"L&rsquo;arr\u00eat du jour #153 Usage abusif du klaxon","datePublished":"2019-06-28T15:49:20+00:00","mainEntityOfPage":{"@id":"https:\/\/avoloi.fr\/blog\/usage-abusif-klaxon\/"},"wordCount":222,"commentCount":0,"publisher":{"@id":"https:\/\/avoloi.fr\/blog\/#organization"},"image":{"@id":"https:\/\/avoloi.fr\/blog\/usage-abusif-klaxon\/#primaryimage"},"thumbnailUrl":"https:\/\/avoloi.fr\/blog\/wp-content\/uploads\/2019\/06\/153-klaxon.jpg","keywords":["amende","avocat","klaxon","route","voiture"],"articleSection":["L\u2019arr\u00eat du jour"],"inLanguage":"fr-FR","potentialAction":[{"@type":"CommentAction","name":"Comment","target":["https:\/\/avoloi.fr\/blog\/usage-abusif-klaxon\/#respond"]}]},{"@type":"WebPage","@id":"https:\/\/avoloi.fr\/blog\/usage-abusif-klaxon\/","url":"https:\/\/avoloi.fr\/blog\/usage-abusif-klaxon\/","name":"L'arr\u00eat du jour #153 Usage abusif du klaxon - Le blog Avoloi","isPartOf":{"@id":"https:\/\/avoloi.fr\/blog\/#website"},"primaryImageOfPage":{"@id":"https:\/\/avoloi.fr\/blog\/usage-abusif-klaxon\/#primaryimage"},"image":{"@id":"https:\/\/avoloi.fr\/blog\/usage-abusif-klaxon\/#primaryimage"},"thumbnailUrl":"https:\/\/avoloi.fr\/blog\/wp-content\/uploads\/2019\/06\/153-klaxon.jpg","datePublished":"2019-06-28T15:49:20+00:00","breadcrumb":{"@id":"https:\/\/avoloi.fr\/blog\/usage-abusif-klaxon\/#breadcrumb"},"inLanguage":"fr-FR","potentialAction":[{"@type":"ReadAction","target":["https:\/\/avoloi.fr\/blog\/usage-abusif-klaxon\/"]}]},{"@type":"ImageObject","inLanguage":"fr-FR","@id":"https:\/\/avoloi.fr\/blog\/usage-abusif-klaxon\/#primaryimage","url":"https:\/\/avoloi.fr\/blog\/wp-content\/uploads\/2019\/06\/153-klaxon.jpg","contentUrl":"https:\/\/avoloi.fr\/blog\/wp-content\/uploads\/2019\/06\/153-klaxon.jpg","width":800,"height":600},{"@type":"BreadcrumbList","@id":"https:\/\/avoloi.fr\/blog\/usage-abusif-klaxon\/#breadcrumb","itemListElement":[{"@type":"ListItem","position":1,"name":"Accueil","item":"https:\/\/avoloi.fr\/blog\/"},{"@type":"ListItem","position":2,"name":"L&rsquo;arr\u00eat du jour #153 Usage abusif du klaxon"}]},{"@type":"WebSite","@id":"https:\/\/avoloi.fr\/blog\/#website","url":"https:\/\/avoloi.fr\/blog\/","name":"Le blog Avoloi","description":"","publisher":{"@id":"https:\/\/avoloi.fr\/blog\/#organization"},"potentialAction":[{"@type":"SearchAction","target":{"@type":"EntryPoint","urlTemplate":"https:\/\/avoloi.fr\/blog\/?s={search_term_string}"},"query-input":{"@type":"PropertyValueSpecification","valueRequired":true,"valueName":"search_term_string"}}],"inLanguage":"fr-FR"},{"@type":"Organization","@id":"https:\/\/avoloi.fr\/blog\/#organization","name":"Avoloi","url":"https:\/\/avoloi.fr\/blog\/","logo":{"@type":"ImageObject","inLanguage":"fr-FR","@id":"https:\/\/avoloi.fr\/blog\/#\/schema\/logo\/image\/","url":"https:\/\/avoloi.fr\/blog\/wp-content\/uploads\/2022\/06\/avoloi_726x172.png","contentUrl":"https:\/\/avoloi.fr\/blog\/wp-content\/uploads\/2022\/06\/avoloi_726x172.png","width":726,"height":172,"caption":"Avoloi"},"image":{"@id":"https:\/\/avoloi.fr\/blog\/#\/schema\/logo\/image\/"},"sameAs":["https:\/\/fr-fr.facebook.com\/avoloi\/","https:\/\/x.com\/avoloi","https:\/\/www.linkedin.com\/company\/11097274\/","https:\/\/www.instagram.com\/avoloi\/"]},{"@type":"Person","@id":"https:\/\/avoloi.fr\/blog\/#\/schema\/person\/23b73188a8a805006f016e2a3cb617b1","name":"Avoloi","image":{"@type":"ImageObject","inLanguage":"fr-FR","@id":"https:\/\/secure.gravatar.com\/avatar\/2ec2e99d2d37d9499d05c0d8442d636f63a751b8a8c16870416ac671c571f81d?s=96&d=mm&r=g","url":"https:\/\/secure.gravatar.com\/avatar\/2ec2e99d2d37d9499d05c0d8442d636f63a751b8a8c16870416ac671c571f81d?s=96&d=mm&r=g","contentUrl":"https:\/\/secure.gravatar.com\/avatar\/2ec2e99d2d37d9499d05c0d8442d636f63a751b8a8c16870416ac671c571f81d?s=96&d=mm&r=g","caption":"Avoloi"}}]}},"_links":{"self":[{"href":"https:\/\/avoloi.fr\/blog\/wp-json\/wp\/v2\/posts\/16297","targetHints":{"allow":["GET"]}}],"collection":[{"href":"https:\/\/avoloi.fr\/blog\/wp-json\/wp\/v2\/posts"}],"about":[{"href":"https:\/\/avoloi.fr\/blog\/wp-json\/wp\/v2\/types\/post"}],"author":[{"embeddable":true,"href":"https:\/\/avoloi.fr\/blog\/wp-json\/wp\/v2\/users\/2"}],"replies":[{"embeddable":true,"href":"https:\/\/avoloi.fr\/blog\/wp-json\/wp\/v2\/comments?post=16297"}],"version-history":[{"count":0,"href":"https:\/\/avoloi.fr\/blog\/wp-json\/wp\/v2\/posts\/16297\/revisions"}],"wp:featuredmedia":[{"embeddable":true,"href":"https:\/\/avoloi.fr\/blog\/wp-json\/wp\/v2\/media\/17391"}],"wp:attachment":[{"href":"https:\/\/avoloi.fr\/blog\/wp-json\/wp\/v2\/media?parent=16297"}],"wp:term":[{"taxonomy":"category","embeddable":true,"href":"https:\/\/avoloi.fr\/blog\/wp-json\/wp\/v2\/categories?post=16297"},{"taxonomy":"post_tag","embeddable":true,"href":"https:\/\/avoloi.fr\/blog\/wp-json\/wp\/v2\/tags?post=16297"}],"curies":[{"name":"wp","href":"https:\/\/api.w.org\/{rel}","templated":true}]}}