{"id":16277,"date":"2019-08-16T10:06:16","date_gmt":"2019-08-16T08:06:16","guid":{"rendered":"https:\/\/www.avoloi.eu\/?p=16277"},"modified":"2019-08-16T10:06:16","modified_gmt":"2019-08-16T08:06:16","slug":"larret-du-jour-140-le-testament-de-maman-2-2-5-9","status":"publish","type":"post","link":"https:\/\/avoloi.fr\/blog\/larret-du-jour-140-le-testament-de-maman-2-2-5-9\/","title":{"rendered":"L&rsquo;arr\u00eat du jour #160 Un voisin \u00e9pineux"},"content":{"rendered":"<h2><b><i>C\u2019est l\u2019histoire d\u2019un propri\u00e9taire dont le voisin veut le contraindre \u00e0 \u00e9laguer son c\u00e8dre\u2026<\/i><\/b><\/h2>\n<p>Un propri\u00e9taire poss\u00e8de un c\u00e8dre sur son terrain. Son voisin, situ\u00e9 en face de la rue, lui demande d\u2019\u00e9laguer le c\u00e8dre parce que des branches d\u00e9bordent sur la rue et, \u00e0 cause du vent, des brindilles se r\u00e9pandent sur son terrain. Devant le refus du propri\u00e9taire, le voisin engage une action en justice\u2026<\/p>\n<h3>L&rsquo;objet du litige<\/h3>\n<p>Action irrecevable, selon le propri\u00e9taire ! Tout d\u2019abord, il constate que les branches du c\u00e8dre ne d\u00e9bordent pas chez son voisin. Ensuite, il rel\u00e8ve que leurs propri\u00e9t\u00e9s, s\u00e9par\u00e9es par une rue, ne sont pas contigu\u00ebs. Or, seuls les voisins dont les terrains sont directement contigus peuvent se contraindre \u00e0 \u00e9laguer des arbres. Enfin, l\u2019arbre, quasi centenaire, p\u00e9rirait de mani\u00e8re certaine s&rsquo;il \u00e9tait \u00e9lagu\u00e9, provoquant ainsi un dommage irr\u00e9parable \u00e0 l&rsquo;\u00e9cosyst\u00e8me local. Toutes ces raisons, selon lui, justifient que la demande de son voisin soit rejet\u00e9e.<\/p>\n<h3>Le verdict<\/h3>\n<p>Et ces arguments vont effectivement convaincre le juge : son voisin n\u2019\u00e9tant pas fond\u00e9 \u00e0 r\u00e9clamer l\u2019\u00e9lagage du c\u00e8dre, sa demande est rejet\u00e9e.<\/p>\n<blockquote>\n<p><em><span class=\"s1\">Source : Arr\u00eat de la Cour de cassation, 3\u00e8me chambre civile, du 20 juin 2019, n\u00b0 18-12278<\/span><\/em><\/p>\n<\/blockquote>\n\n\n<p class=\"has-small-font-size\">En partenariat avec Weblex<\/p>\n","protected":false},"excerpt":{"rendered":"<p>C\u2019est l\u2019histoire d\u2019un propri\u00e9taire dont le voisin veut le contraindre \u00e0 \u00e9laguer son c\u00e8dre\u2026 Un propri\u00e9taire poss\u00e8de un c\u00e8dre sur son terrain. Son voisin, situ\u00e9 en face de la rue, lui demande d\u2019\u00e9laguer le c\u00e8dre parce que des branches d\u00e9bordent sur la rue et, \u00e0 cause du vent, des brindilles se r\u00e9pandent sur son terrain. [&hellip;]<\/p>\n","protected":false},"author":2,"featured_media":17304,"comment_status":"open","ping_status":"closed","sticky":false,"template":"","format":"standard","meta":{"footnotes":""},"categories":[2],"tags":[4,257,110],"class_list":["post-16277","post","type-post","status-publish","format-standard","has-post-thumbnail","hentry","category-larret-du-jour","tag-avocat","tag-proprietes","tag-voisins"],"yoast_head":"<!-- This site is optimized with the Yoast SEO plugin v27.4 - https:\/\/yoast.com\/product\/yoast-seo-wordpress\/ -->\n<title>L&#039;arr\u00eat du jour #160 Un voisin \u00e9pineux - Le blog Avoloi<\/title>\n<meta name=\"robots\" content=\"index, follow, max-snippet:-1, max-image-preview:large, max-video-preview:-1\" \/>\n<link rel=\"canonical\" href=\"https:\/\/avoloi.fr\/blog\/larret-du-jour-140-le-testament-de-maman-2-2-5-9\/\" \/>\n<meta property=\"og:locale\" content=\"fr_FR\" \/>\n<meta property=\"og:type\" content=\"article\" \/>\n<meta property=\"og:title\" content=\"L&#039;arr\u00eat du jour #160 Un voisin \u00e9pineux - Le blog Avoloi\" \/>\n<meta property=\"og:description\" content=\"C\u2019est l\u2019histoire d\u2019un propri\u00e9taire dont le voisin veut le contraindre \u00e0 \u00e9laguer son c\u00e8dre\u2026 Un propri\u00e9taire poss\u00e8de un c\u00e8dre sur son terrain. Son voisin, situ\u00e9 en face de la rue, lui demande d\u2019\u00e9laguer le c\u00e8dre parce que des branches d\u00e9bordent sur la rue et, \u00e0 cause du vent, des brindilles se r\u00e9pandent sur son terrain. [&hellip;]\" \/>\n<meta property=\"og:url\" content=\"https:\/\/avoloi.fr\/blog\/larret-du-jour-140-le-testament-de-maman-2-2-5-9\/\" \/>\n<meta property=\"og:site_name\" content=\"Le blog Avoloi\" \/>\n<meta property=\"article:publisher\" content=\"https:\/\/fr-fr.facebook.com\/avoloi\/\" \/>\n<meta property=\"article:published_time\" content=\"2019-08-16T08:06:16+00:00\" \/>\n<meta property=\"og:image\" content=\"https:\/\/avoloi.fr\/blog\/wp-content\/uploads\/2019\/08\/160-arret-du-jour-le-voisin-epineux.jpg\" \/>\n\t<meta property=\"og:image:width\" content=\"800\" \/>\n\t<meta property=\"og:image:height\" content=\"600\" \/>\n\t<meta property=\"og:image:type\" content=\"image\/jpeg\" \/>\n<meta name=\"author\" content=\"Avoloi\" \/>\n<meta name=\"twitter:card\" content=\"summary_large_image\" \/>\n<meta name=\"twitter:creator\" content=\"@avoloi\" \/>\n<meta name=\"twitter:site\" content=\"@avoloi\" \/>\n<meta name=\"twitter:label1\" content=\"\u00c9crit par\" \/>\n\t<meta name=\"twitter:data1\" content=\"Avoloi\" \/>\n\t<meta name=\"twitter:label2\" content=\"Dur\u00e9e de lecture estim\u00e9e\" \/>\n\t<meta name=\"twitter:data2\" content=\"1 minute\" \/>\n<script type=\"application\/ld+json\" class=\"yoast-schema-graph\">{\"@context\":\"https:\\\/\\\/schema.org\",\"@graph\":[{\"@type\":\"Article\",\"@id\":\"https:\\\/\\\/avoloi.fr\\\/blog\\\/larret-du-jour-140-le-testament-de-maman-2-2-5-9\\\/#article\",\"isPartOf\":{\"@id\":\"https:\\\/\\\/avoloi.fr\\\/blog\\\/larret-du-jour-140-le-testament-de-maman-2-2-5-9\\\/\"},\"author\":{\"name\":\"Avoloi\",\"@id\":\"https:\\\/\\\/avoloi.fr\\\/blog\\\/#\\\/schema\\\/person\\\/23b73188a8a805006f016e2a3cb617b1\"},\"headline\":\"L&rsquo;arr\u00eat du jour #160 Un voisin \u00e9pineux\",\"datePublished\":\"2019-08-16T08:06:16+00:00\",\"mainEntityOfPage\":{\"@id\":\"https:\\\/\\\/avoloi.fr\\\/blog\\\/larret-du-jour-140-le-testament-de-maman-2-2-5-9\\\/\"},\"wordCount\":237,\"commentCount\":0,\"publisher\":{\"@id\":\"https:\\\/\\\/avoloi.fr\\\/blog\\\/#organization\"},\"image\":{\"@id\":\"https:\\\/\\\/avoloi.fr\\\/blog\\\/larret-du-jour-140-le-testament-de-maman-2-2-5-9\\\/#primaryimage\"},\"thumbnailUrl\":\"https:\\\/\\\/avoloi.fr\\\/blog\\\/wp-content\\\/uploads\\\/2019\\\/08\\\/160-arret-du-jour-le-voisin-epineux.jpg\",\"keywords\":[\"avocat\",\"propri\u00e9t\u00e9s\",\"voisins\"],\"articleSection\":[\"L\u2019arr\u00eat du jour\"],\"inLanguage\":\"fr-FR\",\"potentialAction\":[{\"@type\":\"CommentAction\",\"name\":\"Comment\",\"target\":[\"https:\\\/\\\/avoloi.fr\\\/blog\\\/larret-du-jour-140-le-testament-de-maman-2-2-5-9\\\/#respond\"]}]},{\"@type\":\"WebPage\",\"@id\":\"https:\\\/\\\/avoloi.fr\\\/blog\\\/larret-du-jour-140-le-testament-de-maman-2-2-5-9\\\/\",\"url\":\"https:\\\/\\\/avoloi.fr\\\/blog\\\/larret-du-jour-140-le-testament-de-maman-2-2-5-9\\\/\",\"name\":\"L'arr\u00eat du jour #160 Un voisin \u00e9pineux - Le blog Avoloi\",\"isPartOf\":{\"@id\":\"https:\\\/\\\/avoloi.fr\\\/blog\\\/#website\"},\"primaryImageOfPage\":{\"@id\":\"https:\\\/\\\/avoloi.fr\\\/blog\\\/larret-du-jour-140-le-testament-de-maman-2-2-5-9\\\/#primaryimage\"},\"image\":{\"@id\":\"https:\\\/\\\/avoloi.fr\\\/blog\\\/larret-du-jour-140-le-testament-de-maman-2-2-5-9\\\/#primaryimage\"},\"thumbnailUrl\":\"https:\\\/\\\/avoloi.fr\\\/blog\\\/wp-content\\\/uploads\\\/2019\\\/08\\\/160-arret-du-jour-le-voisin-epineux.jpg\",\"datePublished\":\"2019-08-16T08:06:16+00:00\",\"breadcrumb\":{\"@id\":\"https:\\\/\\\/avoloi.fr\\\/blog\\\/larret-du-jour-140-le-testament-de-maman-2-2-5-9\\\/#breadcrumb\"},\"inLanguage\":\"fr-FR\",\"potentialAction\":[{\"@type\":\"ReadAction\",\"target\":[\"https:\\\/\\\/avoloi.fr\\\/blog\\\/larret-du-jour-140-le-testament-de-maman-2-2-5-9\\\/\"]}]},{\"@type\":\"ImageObject\",\"inLanguage\":\"fr-FR\",\"@id\":\"https:\\\/\\\/avoloi.fr\\\/blog\\\/larret-du-jour-140-le-testament-de-maman-2-2-5-9\\\/#primaryimage\",\"url\":\"https:\\\/\\\/avoloi.fr\\\/blog\\\/wp-content\\\/uploads\\\/2019\\\/08\\\/160-arret-du-jour-le-voisin-epineux.jpg\",\"contentUrl\":\"https:\\\/\\\/avoloi.fr\\\/blog\\\/wp-content\\\/uploads\\\/2019\\\/08\\\/160-arret-du-jour-le-voisin-epineux.jpg\",\"width\":800,\"height\":600},{\"@type\":\"BreadcrumbList\",\"@id\":\"https:\\\/\\\/avoloi.fr\\\/blog\\\/larret-du-jour-140-le-testament-de-maman-2-2-5-9\\\/#breadcrumb\",\"itemListElement\":[{\"@type\":\"ListItem\",\"position\":1,\"name\":\"Accueil\",\"item\":\"https:\\\/\\\/avoloi.fr\\\/blog\\\/\"},{\"@type\":\"ListItem\",\"position\":2,\"name\":\"L&rsquo;arr\u00eat du jour #160 Un voisin \u00e9pineux\"}]},{\"@type\":\"WebSite\",\"@id\":\"https:\\\/\\\/avoloi.fr\\\/blog\\\/#website\",\"url\":\"https:\\\/\\\/avoloi.fr\\\/blog\\\/\",\"name\":\"Le blog Avoloi\",\"description\":\"\",\"publisher\":{\"@id\":\"https:\\\/\\\/avoloi.fr\\\/blog\\\/#organization\"},\"potentialAction\":[{\"@type\":\"SearchAction\",\"target\":{\"@type\":\"EntryPoint\",\"urlTemplate\":\"https:\\\/\\\/avoloi.fr\\\/blog\\\/?s={search_term_string}\"},\"query-input\":{\"@type\":\"PropertyValueSpecification\",\"valueRequired\":true,\"valueName\":\"search_term_string\"}}],\"inLanguage\":\"fr-FR\"},{\"@type\":\"Organization\",\"@id\":\"https:\\\/\\\/avoloi.fr\\\/blog\\\/#organization\",\"name\":\"Avoloi\",\"url\":\"https:\\\/\\\/avoloi.fr\\\/blog\\\/\",\"logo\":{\"@type\":\"ImageObject\",\"inLanguage\":\"fr-FR\",\"@id\":\"https:\\\/\\\/avoloi.fr\\\/blog\\\/#\\\/schema\\\/logo\\\/image\\\/\",\"url\":\"https:\\\/\\\/avoloi.fr\\\/blog\\\/wp-content\\\/uploads\\\/2022\\\/06\\\/avoloi_726x172.png\",\"contentUrl\":\"https:\\\/\\\/avoloi.fr\\\/blog\\\/wp-content\\\/uploads\\\/2022\\\/06\\\/avoloi_726x172.png\",\"width\":726,\"height\":172,\"caption\":\"Avoloi\"},\"image\":{\"@id\":\"https:\\\/\\\/avoloi.fr\\\/blog\\\/#\\\/schema\\\/logo\\\/image\\\/\"},\"sameAs\":[\"https:\\\/\\\/fr-fr.facebook.com\\\/avoloi\\\/\",\"https:\\\/\\\/x.com\\\/avoloi\",\"https:\\\/\\\/www.linkedin.com\\\/company\\\/11097274\\\/\",\"https:\\\/\\\/www.instagram.com\\\/avoloi\\\/\"]},{\"@type\":\"Person\",\"@id\":\"https:\\\/\\\/avoloi.fr\\\/blog\\\/#\\\/schema\\\/person\\\/23b73188a8a805006f016e2a3cb617b1\",\"name\":\"Avoloi\",\"image\":{\"@type\":\"ImageObject\",\"inLanguage\":\"fr-FR\",\"@id\":\"https:\\\/\\\/secure.gravatar.com\\\/avatar\\\/2ec2e99d2d37d9499d05c0d8442d636f63a751b8a8c16870416ac671c571f81d?s=96&d=mm&r=g\",\"url\":\"https:\\\/\\\/secure.gravatar.com\\\/avatar\\\/2ec2e99d2d37d9499d05c0d8442d636f63a751b8a8c16870416ac671c571f81d?s=96&d=mm&r=g\",\"contentUrl\":\"https:\\\/\\\/secure.gravatar.com\\\/avatar\\\/2ec2e99d2d37d9499d05c0d8442d636f63a751b8a8c16870416ac671c571f81d?s=96&d=mm&r=g\",\"caption\":\"Avoloi\"}}]}<\/script>\n<!-- \/ Yoast SEO plugin. -->","yoast_head_json":{"title":"L'arr\u00eat du jour #160 Un voisin \u00e9pineux - Le blog Avoloi","robots":{"index":"index","follow":"follow","max-snippet":"max-snippet:-1","max-image-preview":"max-image-preview:large","max-video-preview":"max-video-preview:-1"},"canonical":"https:\/\/avoloi.fr\/blog\/larret-du-jour-140-le-testament-de-maman-2-2-5-9\/","og_locale":"fr_FR","og_type":"article","og_title":"L'arr\u00eat du jour #160 Un voisin \u00e9pineux - Le blog Avoloi","og_description":"C\u2019est l\u2019histoire d\u2019un propri\u00e9taire dont le voisin veut le contraindre \u00e0 \u00e9laguer son c\u00e8dre\u2026 Un propri\u00e9taire poss\u00e8de un c\u00e8dre sur son terrain. Son voisin, situ\u00e9 en face de la rue, lui demande d\u2019\u00e9laguer le c\u00e8dre parce que des branches d\u00e9bordent sur la rue et, \u00e0 cause du vent, des brindilles se r\u00e9pandent sur son terrain. [&hellip;]","og_url":"https:\/\/avoloi.fr\/blog\/larret-du-jour-140-le-testament-de-maman-2-2-5-9\/","og_site_name":"Le blog Avoloi","article_publisher":"https:\/\/fr-fr.facebook.com\/avoloi\/","article_published_time":"2019-08-16T08:06:16+00:00","og_image":[{"width":800,"height":600,"url":"https:\/\/avoloi.fr\/blog\/wp-content\/uploads\/2019\/08\/160-arret-du-jour-le-voisin-epineux.jpg","type":"image\/jpeg"}],"author":"Avoloi","twitter_card":"summary_large_image","twitter_creator":"@avoloi","twitter_site":"@avoloi","twitter_misc":{"\u00c9crit par":"Avoloi","Dur\u00e9e de lecture estim\u00e9e":"1 minute"},"schema":{"@context":"https:\/\/schema.org","@graph":[{"@type":"Article","@id":"https:\/\/avoloi.fr\/blog\/larret-du-jour-140-le-testament-de-maman-2-2-5-9\/#article","isPartOf":{"@id":"https:\/\/avoloi.fr\/blog\/larret-du-jour-140-le-testament-de-maman-2-2-5-9\/"},"author":{"name":"Avoloi","@id":"https:\/\/avoloi.fr\/blog\/#\/schema\/person\/23b73188a8a805006f016e2a3cb617b1"},"headline":"L&rsquo;arr\u00eat du jour #160 Un voisin \u00e9pineux","datePublished":"2019-08-16T08:06:16+00:00","mainEntityOfPage":{"@id":"https:\/\/avoloi.fr\/blog\/larret-du-jour-140-le-testament-de-maman-2-2-5-9\/"},"wordCount":237,"commentCount":0,"publisher":{"@id":"https:\/\/avoloi.fr\/blog\/#organization"},"image":{"@id":"https:\/\/avoloi.fr\/blog\/larret-du-jour-140-le-testament-de-maman-2-2-5-9\/#primaryimage"},"thumbnailUrl":"https:\/\/avoloi.fr\/blog\/wp-content\/uploads\/2019\/08\/160-arret-du-jour-le-voisin-epineux.jpg","keywords":["avocat","propri\u00e9t\u00e9s","voisins"],"articleSection":["L\u2019arr\u00eat du jour"],"inLanguage":"fr-FR","potentialAction":[{"@type":"CommentAction","name":"Comment","target":["https:\/\/avoloi.fr\/blog\/larret-du-jour-140-le-testament-de-maman-2-2-5-9\/#respond"]}]},{"@type":"WebPage","@id":"https:\/\/avoloi.fr\/blog\/larret-du-jour-140-le-testament-de-maman-2-2-5-9\/","url":"https:\/\/avoloi.fr\/blog\/larret-du-jour-140-le-testament-de-maman-2-2-5-9\/","name":"L'arr\u00eat du jour #160 Un voisin \u00e9pineux - Le blog Avoloi","isPartOf":{"@id":"https:\/\/avoloi.fr\/blog\/#website"},"primaryImageOfPage":{"@id":"https:\/\/avoloi.fr\/blog\/larret-du-jour-140-le-testament-de-maman-2-2-5-9\/#primaryimage"},"image":{"@id":"https:\/\/avoloi.fr\/blog\/larret-du-jour-140-le-testament-de-maman-2-2-5-9\/#primaryimage"},"thumbnailUrl":"https:\/\/avoloi.fr\/blog\/wp-content\/uploads\/2019\/08\/160-arret-du-jour-le-voisin-epineux.jpg","datePublished":"2019-08-16T08:06:16+00:00","breadcrumb":{"@id":"https:\/\/avoloi.fr\/blog\/larret-du-jour-140-le-testament-de-maman-2-2-5-9\/#breadcrumb"},"inLanguage":"fr-FR","potentialAction":[{"@type":"ReadAction","target":["https:\/\/avoloi.fr\/blog\/larret-du-jour-140-le-testament-de-maman-2-2-5-9\/"]}]},{"@type":"ImageObject","inLanguage":"fr-FR","@id":"https:\/\/avoloi.fr\/blog\/larret-du-jour-140-le-testament-de-maman-2-2-5-9\/#primaryimage","url":"https:\/\/avoloi.fr\/blog\/wp-content\/uploads\/2019\/08\/160-arret-du-jour-le-voisin-epineux.jpg","contentUrl":"https:\/\/avoloi.fr\/blog\/wp-content\/uploads\/2019\/08\/160-arret-du-jour-le-voisin-epineux.jpg","width":800,"height":600},{"@type":"BreadcrumbList","@id":"https:\/\/avoloi.fr\/blog\/larret-du-jour-140-le-testament-de-maman-2-2-5-9\/#breadcrumb","itemListElement":[{"@type":"ListItem","position":1,"name":"Accueil","item":"https:\/\/avoloi.fr\/blog\/"},{"@type":"ListItem","position":2,"name":"L&rsquo;arr\u00eat du jour #160 Un voisin \u00e9pineux"}]},{"@type":"WebSite","@id":"https:\/\/avoloi.fr\/blog\/#website","url":"https:\/\/avoloi.fr\/blog\/","name":"Le blog Avoloi","description":"","publisher":{"@id":"https:\/\/avoloi.fr\/blog\/#organization"},"potentialAction":[{"@type":"SearchAction","target":{"@type":"EntryPoint","urlTemplate":"https:\/\/avoloi.fr\/blog\/?s={search_term_string}"},"query-input":{"@type":"PropertyValueSpecification","valueRequired":true,"valueName":"search_term_string"}}],"inLanguage":"fr-FR"},{"@type":"Organization","@id":"https:\/\/avoloi.fr\/blog\/#organization","name":"Avoloi","url":"https:\/\/avoloi.fr\/blog\/","logo":{"@type":"ImageObject","inLanguage":"fr-FR","@id":"https:\/\/avoloi.fr\/blog\/#\/schema\/logo\/image\/","url":"https:\/\/avoloi.fr\/blog\/wp-content\/uploads\/2022\/06\/avoloi_726x172.png","contentUrl":"https:\/\/avoloi.fr\/blog\/wp-content\/uploads\/2022\/06\/avoloi_726x172.png","width":726,"height":172,"caption":"Avoloi"},"image":{"@id":"https:\/\/avoloi.fr\/blog\/#\/schema\/logo\/image\/"},"sameAs":["https:\/\/fr-fr.facebook.com\/avoloi\/","https:\/\/x.com\/avoloi","https:\/\/www.linkedin.com\/company\/11097274\/","https:\/\/www.instagram.com\/avoloi\/"]},{"@type":"Person","@id":"https:\/\/avoloi.fr\/blog\/#\/schema\/person\/23b73188a8a805006f016e2a3cb617b1","name":"Avoloi","image":{"@type":"ImageObject","inLanguage":"fr-FR","@id":"https:\/\/secure.gravatar.com\/avatar\/2ec2e99d2d37d9499d05c0d8442d636f63a751b8a8c16870416ac671c571f81d?s=96&d=mm&r=g","url":"https:\/\/secure.gravatar.com\/avatar\/2ec2e99d2d37d9499d05c0d8442d636f63a751b8a8c16870416ac671c571f81d?s=96&d=mm&r=g","contentUrl":"https:\/\/secure.gravatar.com\/avatar\/2ec2e99d2d37d9499d05c0d8442d636f63a751b8a8c16870416ac671c571f81d?s=96&d=mm&r=g","caption":"Avoloi"}}]}},"_links":{"self":[{"href":"https:\/\/avoloi.fr\/blog\/wp-json\/wp\/v2\/posts\/16277","targetHints":{"allow":["GET"]}}],"collection":[{"href":"https:\/\/avoloi.fr\/blog\/wp-json\/wp\/v2\/posts"}],"about":[{"href":"https:\/\/avoloi.fr\/blog\/wp-json\/wp\/v2\/types\/post"}],"author":[{"embeddable":true,"href":"https:\/\/avoloi.fr\/blog\/wp-json\/wp\/v2\/users\/2"}],"replies":[{"embeddable":true,"href":"https:\/\/avoloi.fr\/blog\/wp-json\/wp\/v2\/comments?post=16277"}],"version-history":[{"count":0,"href":"https:\/\/avoloi.fr\/blog\/wp-json\/wp\/v2\/posts\/16277\/revisions"}],"wp:featuredmedia":[{"embeddable":true,"href":"https:\/\/avoloi.fr\/blog\/wp-json\/wp\/v2\/media\/17304"}],"wp:attachment":[{"href":"https:\/\/avoloi.fr\/blog\/wp-json\/wp\/v2\/media?parent=16277"}],"wp:term":[{"taxonomy":"category","embeddable":true,"href":"https:\/\/avoloi.fr\/blog\/wp-json\/wp\/v2\/categories?post=16277"},{"taxonomy":"post_tag","embeddable":true,"href":"https:\/\/avoloi.fr\/blog\/wp-json\/wp\/v2\/tags?post=16277"}],"curies":[{"name":"wp","href":"https:\/\/api.w.org\/{rel}","templated":true}]}}